{"id":124560,"date":"2024-09-03T20:06:15","date_gmt":"2024-09-03T23:06:15","guid":{"rendered":"https:\/\/cdnoticias.com\/?p=124560"},"modified":"2024-09-03T20:06:17","modified_gmt":"2024-09-03T23:06:17","slug":"designaron-a-la-doctora-victoria-viglianchino-como-directora-del-hospital-de-sierras-bayas","status":"publish","type":"post","link":"https:\/\/cdnoticias.com\/index.php\/2024\/09\/03\/designaron-a-la-doctora-victoria-viglianchino-como-directora-del-hospital-de-sierras-bayas\/","title":{"rendered":"Designaron a la doctora Victoria Viglianchino como directora del Hospital de Sierras Bayas"},"content":{"rendered":"\n<p>El intendente Wesner la present\u00f3 en el centro de salud este martes. La m\u00e9dica es pampeana y se mud\u00f3 a la localidad para radicarse all\u00ed: \u201chay que saber cu\u00e1les son las demandas y poder brindar soluciones, para eso me parece fundamental vivir ac\u00e1\u201d.<\/p>\n\n\n\n<hr class=\"wp-block-separator aligncenter has-alpha-channel-opacity\"\/>\n\n\n\n<p>Este martes por la ma\u00f1ana y en el marco de la visita del Intendente al Hospital Municipal de Sierras Bayas, <strong>se present\u00f3 oficialmente a la nueva directora del centro de salud, la doctora Victoria Viglianchino.<\/strong><\/p>\n\n\n\n<p>Acompa\u00f1aron al Intendente Wesner, que encabez\u00f3 la actividad, la Jefa de Gabinete Mercedes Land\u00edvar, el subsecretario de Salud M\u00e9dica y Director del Hospital Municipal \u201cDr. H\u00e9ctor M. Cura\u201d, Fernando Al\u00ed; el Delegado de Sierras Bayas Alejandro Pereyra, la subsecretaria de APS Florencia Lestrada, integrantes del \u00e1rea de salud, el presidente de la Cooperadora del Hospital Ricardo V\u00e1squez y los miembros de la comisi\u00f3n Carlos Sandoval, Marta Lerchundi, Carina Schmit y Gladys Gonz\u00e1lez, como as\u00ed tambi\u00e9n trabajadores del nosocomio.<\/p>\n\n\n\n<figure class=\"wp-block-image size-large\"><img data-recalc-dims=\"1\" loading=\"lazy\" decoding=\"async\" width=\"800\" height=\"532\" src=\"https:\/\/i0.wp.com\/cdnoticias.com\/wp-content\/uploads\/2024\/09\/IMG_5686.jpeg?resize=800%2C532&#038;ssl=1\" alt=\"\" class=\"wp-image-124564\" srcset=\"https:\/\/i0.wp.com\/cdnoticias.com\/wp-content\/uploads\/2024\/09\/IMG_5686.jpeg?resize=1024%2C681&amp;ssl=1 1024w, https:\/\/i0.wp.com\/cdnoticias.com\/wp-content\/uploads\/2024\/09\/IMG_5686.jpeg?resize=300%2C200&amp;ssl=1 300w, https:\/\/i0.wp.com\/cdnoticias.com\/wp-content\/uploads\/2024\/09\/IMG_5686.jpeg?resize=768%2C511&amp;ssl=1 768w, https:\/\/i0.wp.com\/cdnoticias.com\/wp-content\/uploads\/2024\/09\/IMG_5686.jpeg?resize=272%2C182&amp;ssl=1 272w, https:\/\/i0.wp.com\/cdnoticias.com\/wp-content\/uploads\/2024\/09\/IMG_5686.jpeg?w=1400&amp;ssl=1 1400w\" sizes=\"auto, (max-width: 800px) 100vw, 800px\" \/><\/figure>\n\n\n\n<p>Justamente,<strong> lo primero que se realiz\u00f3 fue dar la bienvenida a la flamante Directora M\u00e9dica del Hospital de Sierras Bayas, Dra. Victoria Viglianchino, generalista con formaci\u00f3n en Emergencia y de vasta trayectoria en materia de salud, que decidi\u00f3 mudarse desde La Pampa a Sierras Bayas<\/strong>, <em>\u201cconvencida de aportar al sistema de salud local\u201d.<\/em><\/p>\n\n\n\n<p>Al respecto, la profesional expres\u00f3 que su idea<em><strong> \u201ces pertenecer a la comunidad. Me mud\u00e9 a Sierras Bayas, ya tengo casa, la idea es traer a mi familia, formar parte de la comunidad para conocerla en profundidad, saber cu\u00e1les son las demandas y poder brindar soluciones, para eso me parece fundamental vivir ac\u00e1\u201d.<\/strong><\/em><\/p>\n\n\n\n<blockquote class=\"wp-block-quote is-layout-flow wp-block-quote-is-layout-flow\">\n<p>\u201cEspero serles \u00fatiles, saben yo voy a estar todo el tiempo ac\u00e1 y me van a encontrar f\u00e1cilmente, me parece muy importante el proyecto que tiene la Municipalidad de Olavarr\u00eda de ser inclusi\u00f3n. Me encant\u00f3 esta frase del Intendente de abrazar Olavarr\u00eda desde afuera hacia adentro, o sea, todo lo que es la comunidad serrana, poner en valor todos estos lugares y este Hospital hermoso, ojal\u00e1 que lo podamos potenciar\u201d, afirm\u00f3 Viglianchino.<\/p>\n<\/blockquote>\n\n\n\n<p>La nueva direcci\u00f3n del Hospital de Sierras Bayas trabajar\u00e1 en<strong> reforzar la integraci\u00f3n del efector de salud en sus tres dimensiones: Atenci\u00f3n Primaria de la Salud, Emergencias de Adultos y Hospital.<\/strong><em> \u201cLa idea es generar un proyecto integral, que sostenga continuidad en el tiempo los proyectos. Buscamos poder abarcar todas las demandas de la comunidad: obviamente se mantiene la guardia de emergencias, fundamental porque cubre toda la zona; la idea es ampliar la asistencia en tratamientos cr\u00f3nicos que requieren control peri\u00f3dico y ampliar un cronograma de atenci\u00f3n\u201d<\/em>, consider\u00f3 la flamante directora.<\/p>\n\n\n\n<figure class=\"wp-block-image size-large\"><img data-recalc-dims=\"1\" loading=\"lazy\" decoding=\"async\" width=\"800\" height=\"532\" src=\"https:\/\/i0.wp.com\/cdnoticias.com\/wp-content\/uploads\/2024\/09\/IMG_5678.jpeg?resize=800%2C532&#038;ssl=1\" alt=\"\" class=\"wp-image-124563\" srcset=\"https:\/\/i0.wp.com\/cdnoticias.com\/wp-content\/uploads\/2024\/09\/IMG_5678.jpeg?resize=1024%2C681&amp;ssl=1 1024w, https:\/\/i0.wp.com\/cdnoticias.com\/wp-content\/uploads\/2024\/09\/IMG_5678.jpeg?resize=300%2C200&amp;ssl=1 300w, https:\/\/i0.wp.com\/cdnoticias.com\/wp-content\/uploads\/2024\/09\/IMG_5678.jpeg?resize=768%2C511&amp;ssl=1 768w, https:\/\/i0.wp.com\/cdnoticias.com\/wp-content\/uploads\/2024\/09\/IMG_5678.jpeg?resize=272%2C182&amp;ssl=1 272w, https:\/\/i0.wp.com\/cdnoticias.com\/wp-content\/uploads\/2024\/09\/IMG_5678.jpeg?w=1400&amp;ssl=1 1400w\" sizes=\"auto, (max-width: 800px) 100vw, 800px\" \/><\/figure>\n\n\n\n<p>Por su parte, Fernando Al\u00ed resalt\u00f3:<em> \u201cVenimos realizando y fortaleciendo el sistema de salud tanto en el Hospital Municipal \u2018H\u00e9ctor M. Cura\u2019 como en los hospitales serranos en tres aspectos: en lo que tiene que ver con la estructura edilicia, en lo concerniente a las prestaciones que ofrecemos; siempre pensando en descentralizar, y en lo relacionado al protagonismo de los equipos de salud. Vale la pena poner en valor todo el trabajo que se ha realizado y quer\u00edamos que lo reflejen las propias personas que lo llevan adelante. Nos parece importante que tambi\u00e9n las localidades sean protagonistas\u201d<\/em>, finaliz\u00f3 el subsecretario de Salud.<\/p>\n\n\n\n<p>Por \u00faltimo, el intendente Wesner le brind\u00f3 unas palabras a la nueva directora y destac\u00f3<em> \u201cpara nosotros la salud va m\u00e1s all\u00e1 del hospital, va m\u00e1s all\u00e1 de un CAPS y va m\u00e1s all\u00e1 del sector p\u00fablico: el sistema de salud es uno solo, hay que integrarlo y en eso estamos trabajando; por el bien de la comunidad y por el de todo el partido de Olavarr\u00eda\u201d.<\/em><\/p>\n\n\n\n<blockquote class=\"wp-block-quote is-layout-flow wp-block-quote-is-layout-flow\">\n<p>\u201cHoy nos re\u00fanen varias cuestiones: estamos ejecutando una peque\u00f1a obra pero que pone en valor este inmueble, este edificio que lo necesitaba: estamos con alrededor del 65% de la obra ejecutada y vamos a continuar hasta terminarla. Para nosotros es importante, para el equipo de salud que habita este lugar y para los vecinos que se acercan y lo transitan\u201d, a\u00f1adi\u00f3 el Intendente.<\/p>\n<\/blockquote>\n\n\n\n<p>Con el prop\u00f3sito de avanzar en la descentralizaci\u00f3n progresiva de las prestaciones de salud p\u00fablica,<strong> se habilitaron turnos en el Hospital serrano de la especialidad de Endocrinolog\u00eda, una vez por mes. Estas incorporaciones se suman a la cartilla prestacional actual que ofrece asistencia en Pediatr\u00eda, Nutrici\u00f3n, Obstetricia, Medicina General, y tres veces por semana Odontolog\u00eda, Traumatolog\u00eda y Endocrinolog\u00eda de tratamiento cr\u00f3nico, adem\u00e1s de la guardia de Emergencia e urgencias m\u00e9dicas permanente.<\/strong><\/p>\n\n\n\n<figure class=\"wp-block-image size-large\"><img data-recalc-dims=\"1\" loading=\"lazy\" decoding=\"async\" width=\"800\" height=\"532\" src=\"https:\/\/i0.wp.com\/cdnoticias.com\/wp-content\/uploads\/2024\/09\/IMG_5675.jpeg?resize=800%2C532&#038;ssl=1\" alt=\"\" class=\"wp-image-124561\" srcset=\"https:\/\/i0.wp.com\/cdnoticias.com\/wp-content\/uploads\/2024\/09\/IMG_5675.jpeg?resize=1024%2C681&amp;ssl=1 1024w, https:\/\/i0.wp.com\/cdnoticias.com\/wp-content\/uploads\/2024\/09\/IMG_5675.jpeg?resize=300%2C200&amp;ssl=1 300w, https:\/\/i0.wp.com\/cdnoticias.com\/wp-content\/uploads\/2024\/09\/IMG_5675.jpeg?resize=768%2C511&amp;ssl=1 768w, https:\/\/i0.wp.com\/cdnoticias.com\/wp-content\/uploads\/2024\/09\/IMG_5675.jpeg?resize=272%2C182&amp;ssl=1 272w, https:\/\/i0.wp.com\/cdnoticias.com\/wp-content\/uploads\/2024\/09\/IMG_5675.jpeg?w=1400&amp;ssl=1 1400w\" sizes=\"auto, (max-width: 800px) 100vw, 800px\" \/><\/figure>\n\n\n\n<p class=\"has-large-font-size\">Programa odontol\u00f3gico \u201cM\u00e1s Salud\u201d<\/p>\n\n\n\n<p>Por otro lado, en el marco de la jornada en el Hospital serrano,<strong> el Intendente Maximiliano Wesner anunci\u00f3 el lanzamiento del programa odontol\u00f3gico \u201cM\u00e1s Salud\u201d; <\/strong>con la presencia de la jefa del Servicio de Odontolog\u00eda, Mar\u00eda Emilia Matteucci, junto a dem\u00e1s integrantes del equipo: odont\u00f3logos Manuela Lucas, Paola Leardini, Gustavo Cueto (Hospital) y Susana Pavone (APS).<\/p>\n\n\n\n<p>Tanto Matteucci como Lucas brindaron detalles del Programa.<\/p>\n\n\n\n<p>En este sentido<strong>, un relevamiento efectuado desde el Consejo de Salud establece una demanda de pacientes con necesidad de rehabilitaci\u00f3n prot\u00e9tica: actualmente hay una lista de espera de 300 pacientes en el \u00e1rea de Odontolog\u00eda.<\/strong><\/p>\n\n\n\n<p>Para reducir los tiempos, el Municipio lanz\u00f3 el Programa Odontol\u00f3gico \u201cM\u00e1s Salud\u201d, destinado a todo el Partido de Olavarr\u00eda, impulsado por el Consejo de Salud realizado por el equipo del Servicio de Odontolog\u00eda.<\/p>\n\n\n\n<p><strong>Dicho programa tiene como objetivo general la rehabilitaci\u00f3n de pacientes para contribuir a su inclusi\u00f3n social. <\/strong>Para ello, se contempla el aumento del n\u00famero de laboratorios dentales, la interacci\u00f3n con el \u00e1rea de Desarrollo Social, subsecretar\u00eda de APS y Hospital Municipal \u201cDr. H\u00e9ctor M. Cura\u201d.<strong> Tambi\u00e9n atiende el desarrollo de campa\u00f1as de educaci\u00f3n para la salud individual: ense\u00f1anza de cepillado, revelado de placa bacteriana, asesoramiento diet\u00e9tico, cantidad, calidad y frecuencia de hidratos de carbono.<\/strong><\/p>\n\n\n\n<p><strong>Se brinda acompa\u00f1amiento hasta cumplimentar el plan de tratamiento y obtener el alta b\u00e1sica, para comenzar con la rehabilitaci\u00f3n con pr\u00f3tesis dentales parcial y completa de acr\u00edlico a pacientes adultos con Alta B\u00e1sica. <\/strong>Tras ello se programan controles cada tres o seis meses seg\u00fan riesgo.<\/p>\n","protected":false},"excerpt":{"rendered":"<p>El intendente Wesner la present\u00f3 en el centro de salud este martes. La m\u00e9dica es pampeana y se mud\u00f3 a<\/p>\n","protected":false},"author":2,"featured_media":124562,"comment_status":"closed","ping_status":"closed","sticky":false,"template":"","format":"standard","meta":{"_jetpack_memberships_contains_paid_content":false,"footnotes":""},"categories":[5,1],"tags":[],"class_list":["post-124560","post","type-post","status-publish","format-standard","has-post-thumbnail","hentry","category-informacion-general","category-portada"],"jetpack_featured_media_url":"https:\/\/i0.wp.com\/cdnoticias.com\/wp-content\/uploads\/2024\/09\/IMG_5677.jpeg?fit=1400%2C931&ssl=1","jetpack_sharing_enabled":true,"_links":{"self":[{"href":"https:\/\/cdnoticias.com\/index.php\/wp-json\/wp\/v2\/posts\/124560","targetHints":{"allow":["GET"]}}],"collection":[{"href":"https:\/\/cdnoticias.com\/index.php\/wp-json\/wp\/v2\/posts"}],"about":[{"href":"https:\/\/cdnoticias.com\/index.php\/wp-json\/wp\/v2\/types\/post"}],"author":[{"embeddable":true,"href":"https:\/\/cdnoticias.com\/index.php\/wp-json\/wp\/v2\/users\/2"}],"replies":[{"embeddable":true,"href":"https:\/\/cdnoticias.com\/index.php\/wp-json\/wp\/v2\/comments?post=124560"}],"version-history":[{"count":0,"href":"https:\/\/cdnoticias.com\/index.php\/wp-json\/wp\/v2\/posts\/124560\/revisions"}],"wp:featuredmedia":[{"embeddable":true,"href":"https:\/\/cdnoticias.com\/index.php\/wp-json\/wp\/v2\/media\/124562"}],"wp:attachment":[{"href":"https:\/\/cdnoticias.com\/index.php\/wp-json\/wp\/v2\/media?parent=124560"}],"wp:term":[{"taxonomy":"category","embeddable":true,"href":"https:\/\/cdnoticias.com\/index.php\/wp-json\/wp\/v2\/categories?post=124560"},{"taxonomy":"post_tag","embeddable":true,"href":"https:\/\/cdnoticias.com\/index.php\/wp-json\/wp\/v2\/tags?post=124560"}],"curies":[{"name":"wp","href":"https:\/\/api.w.org\/{rel}","templated":true}]}}