{"id":124544,"date":"2024-09-03T18:35:02","date_gmt":"2024-09-03T21:35:02","guid":{"rendered":"https:\/\/cdnoticias.com\/?p=124544"},"modified":"2024-09-03T22:10:14","modified_gmt":"2024-09-04T01:10:14","slug":"wesner-veto-parcialmente-la-ordenanza-de-descuento-impositivo-a-comerciantes","status":"publish","type":"post","link":"https:\/\/cdnoticias.com\/index.php\/2024\/09\/03\/wesner-veto-parcialmente-la-ordenanza-de-descuento-impositivo-a-comerciantes\/","title":{"rendered":"Wesner vet\u00f3 parcialmente la ordenanza de descuento impositivo a comerciantes"},"content":{"rendered":"\n<p>Explic\u00f3 que no re\u00fane \u201clos requisitos t\u00e9cnicos y de oportunidad necesarios para su correcta aplicaci\u00f3n durante el periodo pretendido\u201d. De todas maneras, informaron lo que s\u00ed entrar\u00e1 en vigencia.<\/p>\n\n\n\n<hr class=\"wp-block-separator aligncenter has-alpha-channel-opacity\"\/>\n\n\n\n<p>Este martes, <strong>el Municipio dio a conocer que el intendente Wesner vet\u00f3 parcialmente un proyecto aprobado en el HCD que daba beneficios impositivos a comerciantes, entre ellos el descuento del 50% de la Tasa de Seguridad e Higiene.<\/strong> Hab\u00eda sido presentado por el bloque Pro-ERF.<\/p>\n\n\n\n<p>Informado oficialmente desde el \u00e1rea de Prensa, el Ejecutivo local detall\u00f3, con relaci\u00f3n a la <strong>Ordenanza N\u00b0 5418\/24 sancionada por el Honorable Concejo Deliberante, que se vet\u00f3 parcialmente <em>\u201cpor no reunir los requisitos t\u00e9cnicos y de oportunidad necesarios para su correcta aplicaci\u00f3n durante el periodo pretendido\u201d.<\/em><\/strong><\/p>\n\n\n\n<p>De todas maneras, se hizo \u00e9nfasis<em><strong> \u201cen los art\u00edculos que quedan vigentes y s\u00ed se aplicar\u00e1n\u201d <\/strong><\/em>que ser\u00e1n <em><strong>\u201cla suspensi\u00f3n por ciento ochenta d\u00edas de la iniciaci\u00f3n de ejecuciones fiscales por v\u00edas de apremio, para el cobro de tasas municipales adeudadas por los contribuyentes comprendidos, por el mismo per\u00edodo y con alcance a las mismas tasas\u201d.<\/strong><\/em><\/p>\n\n\n\n<p>Tambi\u00e9n<strong> se suspender\u00e1 por ciento ochenta d\u00edas la aplicaci\u00f3n del Art\u00edculo N\u00b0 75 de la Ordenanza Fiscal vigente <\/strong>que impide la renovaci\u00f3n de la habilitaci\u00f3n por mora.<\/p>\n\n\n\n<p>Respecto de las recategorizaciones, desde el Municipio adelantaron que<strong> aquellos contribuyentes que hubieran pasado a la Categor\u00eda General en la Tasa por Inspecci\u00f3n de Seguridad e Higiene por haber superado el monto facturado establecido para la Categor\u00eda D del Monotributo, podr\u00e1n volver a Categor\u00eda Fija antes de transcurrido el plazo de 3 a\u00f1os.<\/strong><\/p>\n\n\n\n<p>Por \u00faltimo, desde la comuna informaron que <strong>las gremiales representativas del sector comercial e industrial<em> \u201cno fueron consultados para la realizaci\u00f3n de este proyecto\u201d<\/em>, y quedar\u00e1 vigente el art\u00edculo que propone conformar una Mesa de Comercio y Pyme:<\/strong> <em>\u201ccreemos que hubiera sido importante para la elaboraci\u00f3n de la ordenanza que se hubieran puesto en contacto con las instituciones que nuclean y representan al sector comercial y productivo, por eso vamos a apoyar la conformaci\u00f3n de la Mesa de Comercio y Pyme, para evaluar en conjunto la realidad que atraviesa el sector que es muy diverso y ejecutar posibles medidas\u201d<\/em> cerr\u00f3 la comuna en su comunicaci\u00f3n.<\/p>\n","protected":false},"excerpt":{"rendered":"<p>Explic\u00f3 que no re\u00fane \u201clos requisitos t\u00e9cnicos y de oportunidad necesarios para su correcta aplicaci\u00f3n durante el periodo pretendido\u201d. De<\/p>\n","protected":false},"author":2,"featured_media":111455,"comment_status":"closed","ping_status":"closed","sticky":false,"template":"","format":"standard","meta":{"_jetpack_memberships_contains_paid_content":false,"footnotes":""},"categories":[4,1],"tags":[],"class_list":["post-124544","post","type-post","status-publish","format-standard","has-post-thumbnail","hentry","category-politica","category-portada"],"jetpack_featured_media_url":"https:\/\/i0.wp.com\/cdnoticias.com\/wp-content\/uploads\/2024\/03\/wesner-firma-decreto.jpg?fit=800%2C445&ssl=1","jetpack_sharing_enabled":true,"_links":{"self":[{"href":"https:\/\/cdnoticias.com\/index.php\/wp-json\/wp\/v2\/posts\/124544","targetHints":{"allow":["GET"]}}],"collection":[{"href":"https:\/\/cdnoticias.com\/index.php\/wp-json\/wp\/v2\/posts"}],"about":[{"href":"https:\/\/cdnoticias.com\/index.php\/wp-json\/wp\/v2\/types\/post"}],"author":[{"embeddable":true,"href":"https:\/\/cdnoticias.com\/index.php\/wp-json\/wp\/v2\/users\/2"}],"replies":[{"embeddable":true,"href":"https:\/\/cdnoticias.com\/index.php\/wp-json\/wp\/v2\/comments?post=124544"}],"version-history":[{"count":0,"href":"https:\/\/cdnoticias.com\/index.php\/wp-json\/wp\/v2\/posts\/124544\/revisions"}],"wp:featuredmedia":[{"embeddable":true,"href":"https:\/\/cdnoticias.com\/index.php\/wp-json\/wp\/v2\/media\/111455"}],"wp:attachment":[{"href":"https:\/\/cdnoticias.com\/index.php\/wp-json\/wp\/v2\/media?parent=124544"}],"wp:term":[{"taxonomy":"category","embeddable":true,"href":"https:\/\/cdnoticias.com\/index.php\/wp-json\/wp\/v2\/categories?post=124544"},{"taxonomy":"post_tag","embeddable":true,"href":"https:\/\/cdnoticias.com\/index.php\/wp-json\/wp\/v2\/tags?post=124544"}],"curies":[{"name":"wp","href":"https:\/\/api.w.org\/{rel}","templated":true}]}}