{"id":124538,"date":"2024-09-12T19:01:01","date_gmt":"2024-09-12T22:01:01","guid":{"rendered":"https:\/\/cdnoticias.com\/?p=124538"},"modified":"2024-09-12T19:14:37","modified_gmt":"2024-09-12T22:14:37","slug":"pena-abierta-por-el-dia-del-bailarin-folklorico-argentino","status":"publish","type":"post","link":"https:\/\/cdnoticias.com\/index.php\/2024\/09\/12\/pena-abierta-por-el-dia-del-bailarin-folklorico-argentino\/","title":{"rendered":"Pe\u00f1a Abierta por el D\u00eda del Bailar\u00edn Folkl\u00f3rico Argentino"},"content":{"rendered":"\n<p>Ser\u00e1 este viernes en la Casa del Bicentenario. La conmemoraci\u00f3n es en recuerdo al d\u00eda del fallecimiento del cordob\u00e9s Santiago Ayala, m\u00e1s conocido como \u00abEl Ch\u00facaro\u00bb emblem\u00e1tico bailar\u00edn de nuestro g\u00e9nero nacional.<\/p>\n\n\n\n<hr class=\"wp-block-separator aligncenter has-alpha-channel-opacity\"\/>\n\n\n\n<p>En el marco del <strong>D\u00eda del Bailar\u00edn Folkl\u00f3rico<\/strong>, desde la Subsecretar\u00eda de Cultura, a trav\u00e9s de la Direcci\u00f3n de Educaci\u00f3n, se llevar\u00e1 a cabo una <strong>Pe\u00f1a Abierta con espect\u00e1culos de diferentes agrupaciones.<\/strong> La jornada se realizar\u00e1 el <strong>viernes 13 de septiembre, a las 16 horas, en la Casa del Bicentenario<\/strong>.<\/p>\n\n\n\n<p><\/p>\n\n\n\n<p>La&nbsp; conmemoraci\u00f3n es en recuerdo al d\u00eda del fallecimiento del cordob\u00e9s <strong>Santiago Ayala,<\/strong> m\u00e1s conocido como \u00abEl Ch\u00facaro\u00bb emblem\u00e1tico bailar\u00edn de nuestro g\u00e9nero nacional.<\/p>\n\n\n\n<p><\/p>\n\n\n\n<blockquote class=\"wp-block-quote is-layout-flow wp-block-quote-is-layout-flow\">\n<p>Desde la Direcci\u00f3n de Educaci\u00f3n del Municipio se destac\u00f3 que se han inscritos en la convocatoria realizada las siguientes agrupaciones, quienes ir\u00e1n presentando sus distintos cuadros de danzas: Taller de Folklore del Parque, Ballet Folkl\u00f3rico Municipal, Alma Folkl\u00f3rica, Unidos por la Danza de Hinojo, Ayun Purrun del Servicio Territorial 1, La Huellera, A\u00f1oranzas Criollas, Espacio Cultural \u00ab13 de abril\u00bb y como es una pe\u00f1a abierta, sigue abierta la oportunidad de sumarse a los festejos. El cierre ser\u00e1 con la actuaci\u00f3n del Ensamble de M\u00fasica Popular \u00abMtro. O. Sabattini\u00bb,<\/p>\n<\/blockquote>\n\n\n\n<p><\/p>\n\n\n\n<p>Segundo Santiago Ayala naci\u00f3 el 16 de octubre de 1918, en el tradicional barrio cordob\u00e9s de San Vicente. Falleci\u00f3 el 13 de septiembre de 1994, a los 75 a\u00f1os de edad, en la ciudad de Buenos Aires. Sus restos fueron trasladados a C\u00f3rdoba y descansan en el Cerro Colorado.<\/p>\n\n\n\n<p><\/p>\n\n\n\n<p><strong>Ayala dise\u00f1\u00f3 alrededor de 150 obras coreogr\u00e1ficas, muchas de ellas convertidas en aut\u00e9nticos cl\u00e1sicos de la danza nacional. <\/strong>Adem\u00e1s, particip\u00f3 con notable desempe\u00f1o como actor teatral bajo la direcci\u00f3n de El\u00edas Alipi y de Enrique Mui\u00f1o. Actu\u00f3 en varias pel\u00edculas y trabaj\u00f3 en programas televisivos, uno de \u00e9stos conducido por Julio Maharbiz.<\/p>\n","protected":false},"excerpt":{"rendered":"<p>Ser\u00e1 este viernes en la Casa del Bicentenario. La conmemoraci\u00f3n es en recuerdo al d\u00eda del fallecimiento del cordob\u00e9s Santiago<\/p>\n","protected":false},"author":6,"featured_media":124539,"comment_status":"closed","ping_status":"closed","sticky":false,"template":"","format":"standard","meta":{"_jetpack_memberships_contains_paid_content":false,"footnotes":""},"categories":[9,1],"tags":[],"class_list":["post-124538","post","type-post","status-publish","format-standard","has-post-thumbnail","hentry","category-cultura","category-portada"],"jetpack_featured_media_url":"https:\/\/i0.wp.com\/cdnoticias.com\/wp-content\/uploads\/2024\/09\/pena-folclorica-.png?fit=895%2C519&ssl=1","jetpack_sharing_enabled":true,"_links":{"self":[{"href":"https:\/\/cdnoticias.com\/index.php\/wp-json\/wp\/v2\/posts\/124538","targetHints":{"allow":["GET"]}}],"collection":[{"href":"https:\/\/cdnoticias.com\/index.php\/wp-json\/wp\/v2\/posts"}],"about":[{"href":"https:\/\/cdnoticias.com\/index.php\/wp-json\/wp\/v2\/types\/post"}],"author":[{"embeddable":true,"href":"https:\/\/cdnoticias.com\/index.php\/wp-json\/wp\/v2\/users\/6"}],"replies":[{"embeddable":true,"href":"https:\/\/cdnoticias.com\/index.php\/wp-json\/wp\/v2\/comments?post=124538"}],"version-history":[{"count":0,"href":"https:\/\/cdnoticias.com\/index.php\/wp-json\/wp\/v2\/posts\/124538\/revisions"}],"wp:featuredmedia":[{"embeddable":true,"href":"https:\/\/cdnoticias.com\/index.php\/wp-json\/wp\/v2\/media\/124539"}],"wp:attachment":[{"href":"https:\/\/cdnoticias.com\/index.php\/wp-json\/wp\/v2\/media?parent=124538"}],"wp:term":[{"taxonomy":"category","embeddable":true,"href":"https:\/\/cdnoticias.com\/index.php\/wp-json\/wp\/v2\/categories?post=124538"},{"taxonomy":"post_tag","embeddable":true,"href":"https:\/\/cdnoticias.com\/index.php\/wp-json\/wp\/v2\/tags?post=124538"}],"curies":[{"name":"wp","href":"https:\/\/api.w.org\/{rel}","templated":true}]}}