{"id":124528,"date":"2024-09-03T17:11:09","date_gmt":"2024-09-03T20:11:09","guid":{"rendered":"https:\/\/cdnoticias.com\/?p=124528"},"modified":"2024-09-03T18:46:51","modified_gmt":"2024-09-03T21:46:51","slug":"entrega-de-lotes-fisu-una-de-las-cosas-que-la-politica-a-veces-nos-devuelve-como-gratificante","status":"publish","type":"post","link":"https:\/\/cdnoticias.com\/index.php\/2024\/09\/03\/entrega-de-lotes-fisu-una-de-las-cosas-que-la-politica-a-veces-nos-devuelve-como-gratificante\/","title":{"rendered":"Entrega de lotes FISU: \u201cuna de las cosas que la pol\u00edtica a veces nos devuelve como gratificante\u201d"},"content":{"rendered":"<p>Lo defini\u00f3 el director de Regularizaci\u00f3n Dominial municipal, Juan S\u00e1nchez. Resalt\u00f3 la decisi\u00f3n de demarcar los lotes: \u201ces un costo extra que no estaba previsto\u201d. C\u00f3mo sigue el proceso para la construcci\u00f3n de las casas.<!--more--><\/p>\n<hr \/>\n<p><strong>\u201cQuisimos hacer el acto de posesi\u00f3n, de entrega y de aceptaci\u00f3n de la posesi\u00f3n por cada uno de los beneficiarios<\/strong>. Y como el Intendente dispuso la demarcaci\u00f3n, quiero destacar que <strong>esa demarcaci\u00f3n es un costo extra que no estaba previsto<\/strong>. <em>Cuesta entre 150 y 300 mil pesos que, de otra manera, iban a descargar en cada uno de los beneficiarios<\/em>\u201d explic\u00f3 el <strong>director de Regularizaci\u00f3n Dominial municipal, Juan S\u00e1nchez<\/strong>, lo sucedido este martes en el sector donde <a href=\"https:\/\/cdnoticias.com\/index.php\/2024\/09\/03\/lotes-de-fisu-la-casa-propia-empieza-a-ser-realidad\/\" target=\"_blank\" rel=\"noopener\">se ubican los lotes de FISU<\/a>.<\/p>\n<blockquote><p>\u201cEstamos muy contentos. El d\u00eda ayud\u00f3 un mont\u00f3n, ver la cara, el rostro de felicidad de cada uno de los beneficiarios. La verdad que es una es una de las cosas que la pol\u00edtica a veces nos devuelve como gratificante\u201d resalt\u00f3 el funcionario.<\/p><\/blockquote>\n<p><a href=\"https:\/\/cdnoticias.com\/index.php\/2024\/08\/30\/en-un-emotivo-acto-entregaron-los-112-terrenos-con-servicio-del-fisu\/\" target=\"_blank\" rel=\"noopener\">El viernes<\/a> se hab\u00edan <strong>entregado las tenencias precarias en un acto en el Sal\u00f3n Rivadavia<\/strong> y este martes <strong>los adjudicatarios tomaron posesi\u00f3n de los terrenos ya delimitados por expertos ingenieros agr\u00f3nomos y agrimensores<\/strong>.<em> \u201cAdem\u00e1s hemos demarcado con un cartel para que cada familia sepa cu\u00e1l es el lote de cada uno\u201d<\/em> explic\u00f3 S\u00e1nchez a <strong>Central de Noticias<\/strong>.<\/p>\n<p>Durante el acto, cada familia adjudicataria firm\u00f3 el acta de posesi\u00f3n:<em> \u201cla posesi\u00f3n efectiva por parte de cada uno de los beneficiarios de esa tenencia provisoria que les entregamos el d\u00eda viernes\u201d<\/em>.<\/p>\n<p><img data-recalc-dims=\"1\" loading=\"lazy\" decoding=\"async\" class=\"size-full wp-image-124510 aligncenter\" src=\"https:\/\/i0.wp.com\/cdnoticias.com\/wp-content\/uploads\/2024\/09\/FISU-lotes-08-wesner-sanchez.jpg?resize=800%2C445&#038;ssl=1\" alt=\"\" width=\"800\" height=\"445\" srcset=\"https:\/\/i0.wp.com\/cdnoticias.com\/wp-content\/uploads\/2024\/09\/FISU-lotes-08-wesner-sanchez.jpg?w=800&amp;ssl=1 800w, https:\/\/i0.wp.com\/cdnoticias.com\/wp-content\/uploads\/2024\/09\/FISU-lotes-08-wesner-sanchez.jpg?resize=300%2C167&amp;ssl=1 300w, https:\/\/i0.wp.com\/cdnoticias.com\/wp-content\/uploads\/2024\/09\/FISU-lotes-08-wesner-sanchez.jpg?resize=768%2C427&amp;ssl=1 768w\" sizes=\"auto, (max-width: 800px) 100vw, 800px\" \/><\/p>\n<p>\u201cComo estos son lotes para familias, hemos incorporado en la tenencia a su grupo familiar. O sea, <strong>una persona es el beneficiario, pero el adjudicatario del lote para el Municipio es la familia.<\/strong> Siempre procuramos esa igualdad de g\u00e9nero y esa protecci\u00f3n familiar\u201d indic\u00f3 S\u00e1nchez.<\/p>\n<p>El sorteo de los lotes se hizo<a href=\"https:\/\/cdnoticias.com\/index.php\/2024\/07\/13\/el-municipio-de-olavarria-realizo-el-sorteo-de-los-112-lotes-con-servicios\/\" target=\"_blank\" rel=\"noopener\"> a mediados de julio<\/a> y, para participar, los interesados <a href=\"https:\/\/cdnoticias.com\/index.php\/2023\/09\/29\/programa-lote-ar-se-anotaron-2-000-personas\/\" target=\"_blank\" rel=\"noopener\">se anotaron en septiembre de 2023<\/a>. Un a\u00f1o despu\u00e9s, casi todos los sorteados segu\u00edan en las mismas condiciones de acceso y necesidad de tener un lote. <strong>\u201cLuego del sorteo y previo a los actos de entrega de tenencia y de posesi\u00f3n hemos hecho un nuevo relevamiento<\/strong> en cada uno de los hogares favorecidos a efecto de <strong>corroborar que siguen estando en necesidad habitacional<\/strong>. Nosotros lo que <strong>intentamos solucionar son necesidades habitacionales<\/strong>. As\u00ed que mientras tengan esas condiciones, no sean propietarios y se destine para vivienda \u00fanica y de ocupaci\u00f3n permanente est\u00e1n habilitados\u201d.<\/p>\n<p>\u00bfC\u00f3mo sigue el proceso? <strong>\u201cEn la pr\u00f3xima semana vamos a generando talleres para explicarle efectivamente c\u00f3mo se hacen los cimientos<\/strong>. Muchas familias tienen pr\u00e1cticas, muchos son alba\u00f1iles o tienen acceso a un alba\u00f1il, lo van a poder hacer. Nosotros lo que <strong>vamos a facilitarle los planos de c\u00f3mo hacerlo<\/strong>, cu\u00e1les son los lineamientos, qu\u00e9 queremos que se construya en cada uno de esos lotes. Est\u00e1n a disposici\u00f3n de ellos y de su tiempo\u201d adelant\u00f3 el director municipal.<\/p>\n<blockquote><p>Por \u00faltimo, Juan S\u00e1nchez agradeci\u00f3 \u201cla amplia difusi\u00f3n que ha tenido y el \u00e9xito que este programa ha generado porque la verdad que hoy en d\u00eda entregar lotes con servicio en forma gratuita es inimaginable\u201d.<\/p><\/blockquote>\n<p><img data-recalc-dims=\"1\" loading=\"lazy\" decoding=\"async\" class=\"size-full wp-image-124511 aligncenter\" src=\"https:\/\/i0.wp.com\/cdnoticias.com\/wp-content\/uploads\/2024\/09\/FISU-lotes-09.jpg?resize=800%2C445&#038;ssl=1\" alt=\"\" width=\"800\" height=\"445\" srcset=\"https:\/\/i0.wp.com\/cdnoticias.com\/wp-content\/uploads\/2024\/09\/FISU-lotes-09.jpg?w=800&amp;ssl=1 800w, https:\/\/i0.wp.com\/cdnoticias.com\/wp-content\/uploads\/2024\/09\/FISU-lotes-09.jpg?resize=300%2C167&amp;ssl=1 300w, https:\/\/i0.wp.com\/cdnoticias.com\/wp-content\/uploads\/2024\/09\/FISU-lotes-09.jpg?resize=768%2C427&amp;ssl=1 768w\" sizes=\"auto, (max-width: 800px) 100vw, 800px\" \/><\/p>\n","protected":false},"excerpt":{"rendered":"<p>Lo defini\u00f3 el director de Regularizaci\u00f3n Dominial municipal, Juan S\u00e1nchez. Resalt\u00f3 la decisi\u00f3n de demarcar los lotes: \u201ces un costo<\/p>\n","protected":false},"author":4,"featured_media":124516,"comment_status":"closed","ping_status":"closed","sticky":false,"template":"","format":"standard","meta":{"_jetpack_memberships_contains_paid_content":false,"footnotes":""},"categories":[5,1],"tags":[],"class_list":["post-124528","post","type-post","status-publish","format-standard","has-post-thumbnail","hentry","category-informacion-general","category-portada"],"jetpack_featured_media_url":"https:\/\/i0.wp.com\/cdnoticias.com\/wp-content\/uploads\/2024\/09\/FISU-lotes-13-sanchez.jpg?fit=800%2C445&ssl=1","jetpack_sharing_enabled":true,"_links":{"self":[{"href":"https:\/\/cdnoticias.com\/index.php\/wp-json\/wp\/v2\/posts\/124528","targetHints":{"allow":["GET"]}}],"collection":[{"href":"https:\/\/cdnoticias.com\/index.php\/wp-json\/wp\/v2\/posts"}],"about":[{"href":"https:\/\/cdnoticias.com\/index.php\/wp-json\/wp\/v2\/types\/post"}],"author":[{"embeddable":true,"href":"https:\/\/cdnoticias.com\/index.php\/wp-json\/wp\/v2\/users\/4"}],"replies":[{"embeddable":true,"href":"https:\/\/cdnoticias.com\/index.php\/wp-json\/wp\/v2\/comments?post=124528"}],"version-history":[{"count":0,"href":"https:\/\/cdnoticias.com\/index.php\/wp-json\/wp\/v2\/posts\/124528\/revisions"}],"wp:featuredmedia":[{"embeddable":true,"href":"https:\/\/cdnoticias.com\/index.php\/wp-json\/wp\/v2\/media\/124516"}],"wp:attachment":[{"href":"https:\/\/cdnoticias.com\/index.php\/wp-json\/wp\/v2\/media?parent=124528"}],"wp:term":[{"taxonomy":"category","embeddable":true,"href":"https:\/\/cdnoticias.com\/index.php\/wp-json\/wp\/v2\/categories?post=124528"},{"taxonomy":"post_tag","embeddable":true,"href":"https:\/\/cdnoticias.com\/index.php\/wp-json\/wp\/v2\/tags?post=124528"}],"curies":[{"name":"wp","href":"https:\/\/api.w.org\/{rel}","templated":true}]}}