{"id":124523,"date":"2024-09-03T16:27:59","date_gmt":"2024-09-03T19:27:59","guid":{"rendered":"https:\/\/cdnoticias.com\/?p=124523"},"modified":"2024-09-03T18:36:28","modified_gmt":"2024-09-03T21:36:28","slug":"causa-contaminacion-del-arroyo-se-reunio-una-mesa-de-trabajo-y-dialogo","status":"publish","type":"post","link":"https:\/\/cdnoticias.com\/index.php\/2024\/09\/03\/causa-contaminacion-del-arroyo-se-reunio-una-mesa-de-trabajo-y-dialogo\/","title":{"rendered":"Causa contaminaci\u00f3n del arroyo: se reuni\u00f3 una mesa de trabajo y di\u00e1logo"},"content":{"rendered":"\n<p>El Municipio inform\u00f3 que fue su propuesta luego de ser aceptada como \u201cparticular damnificado\u201d en una causa que se investiga la presunta contaminaci\u00f3n del Arroyo Tapalqu\u00e9.<\/p>\n\n\n\n<hr class=\"wp-block-separator aligncenter has-alpha-channel-opacity\"\/>\n\n\n\n<p>El Municipio inform\u00f3 este martes que se<strong> conform\u00f3 una mesa de trabajo y de di\u00e1logo con diferentes actores involucrados en la Causa por la presunta contaminaci\u00f3n del Arroyo Tapalqu\u00e9 que instruye el la UFI N\u00b010 de nuestra ciudad.<\/strong><\/p>\n\n\n\n<p>En un comunicado de prensa, la intenci\u00f3n de esta mesa es <em><strong>\u201cconvocar a los distintos actores, evaluar estado de situaci\u00f3n y si fuera necesario impulsar diversas l\u00edneas de acci\u00f3n\u201d.<\/strong><\/em><\/p>\n\n\n\n<p><strong>La investigaci\u00f3n busca determinar la presunta contaminaci\u00f3n del arroyo y, adem\u00e1s, los posibles autores y responsables del hecho<\/strong>. Cabe recordar que la denuncia se inici\u00f3 en octubre del a\u00f1o pasado, cuando un vecino de Tapalqu\u00e9, Mart\u00edn Acosta, denunci\u00f3 contaminaci\u00f3n del arroyo desde Olavarr\u00eda.<\/p>\n\n\n\n<figure class=\"wp-block-image size-large\"><img data-recalc-dims=\"1\" loading=\"lazy\" decoding=\"async\" width=\"800\" height=\"533\" src=\"https:\/\/i0.wp.com\/cdnoticias.com\/wp-content\/uploads\/2024\/09\/WhatsApp-Image-2024-09-03-at-14.51.22.jpeg?resize=800%2C533&#038;ssl=1\" alt=\"\" class=\"wp-image-124526\" srcset=\"https:\/\/i0.wp.com\/cdnoticias.com\/wp-content\/uploads\/2024\/09\/WhatsApp-Image-2024-09-03-at-14.51.22.jpeg?resize=1024%2C682&amp;ssl=1 1024w, https:\/\/i0.wp.com\/cdnoticias.com\/wp-content\/uploads\/2024\/09\/WhatsApp-Image-2024-09-03-at-14.51.22.jpeg?resize=300%2C200&amp;ssl=1 300w, https:\/\/i0.wp.com\/cdnoticias.com\/wp-content\/uploads\/2024\/09\/WhatsApp-Image-2024-09-03-at-14.51.22.jpeg?resize=768%2C512&amp;ssl=1 768w, https:\/\/i0.wp.com\/cdnoticias.com\/wp-content\/uploads\/2024\/09\/WhatsApp-Image-2024-09-03-at-14.51.22.jpeg?resize=1536%2C1024&amp;ssl=1 1536w, https:\/\/i0.wp.com\/cdnoticias.com\/wp-content\/uploads\/2024\/09\/WhatsApp-Image-2024-09-03-at-14.51.22.jpeg?resize=2048%2C1365&amp;ssl=1 2048w, https:\/\/i0.wp.com\/cdnoticias.com\/wp-content\/uploads\/2024\/09\/WhatsApp-Image-2024-09-03-at-14.51.22.jpeg?resize=272%2C182&amp;ssl=1 272w, https:\/\/i0.wp.com\/cdnoticias.com\/wp-content\/uploads\/2024\/09\/WhatsApp-Image-2024-09-03-at-14.51.22.jpeg?w=1600&amp;ssl=1 1600w, https:\/\/i0.wp.com\/cdnoticias.com\/wp-content\/uploads\/2024\/09\/WhatsApp-Image-2024-09-03-at-14.51.22.jpeg?w=2400&amp;ssl=1 2400w\" sizes=\"auto, (max-width: 800px) 100vw, 800px\" \/><\/figure>\n\n\n\n<p>En ese lapso ha hecho varias manifestaciones en nuestra ciudad y ha profundizado sus acusaciones: contra la planta depuradora de l\u00edquidos cloacales que gestiona Coopelectric, contra el relleno sanitario local y contra la gesti\u00f3n de l\u00edquidos cloacales de las Unidades Penales de Sierra Chica.<\/p>\n\n\n\n<p>Con ese contexto, <strong>\u201cy por directiva expresa del intendente municipal Maxiliano Wesner\u201d indicaron, el Municipio de Olavarr\u00eda se present\u00f3 en la causa como \u201cparticular damnificado\u201d,<\/strong> figura legal que la ubica -precisamente- como actor perjudicado por el il\u00edcito que se pretende esclarecer.<\/p>\n\n\n\n<p>Con la premisa de <em><strong>\u201ctener la voz y la opini\u00f3n de cada una de las personas mencionadas en esa causa judicial,<\/strong> que al momento se encuentra tipificada como averiguaci\u00f3n de il\u00edcito<\/em>\u201d, es que se convoc\u00f3 a participar a referentes e <strong>integrantes de la Cooperativa Limitada de Consumo de Electricidad y Servicios Anexos de Olavarr\u00eda, Transportes Malvinas SRL, Servicio Penitenciario, como as\u00ed tambi\u00e9n del Poder Judicial, en lo que fue el primero de los encuentros por la causa.<\/strong><\/p>\n","protected":false},"excerpt":{"rendered":"<p>El Municipio inform\u00f3 que fue su propuesta luego de ser aceptada como \u201cparticular damnificado\u201d en una causa que se investiga<\/p>\n","protected":false},"author":2,"featured_media":124524,"comment_status":"closed","ping_status":"closed","sticky":false,"template":"","format":"standard","meta":{"_jetpack_memberships_contains_paid_content":false,"footnotes":""},"categories":[5,1],"tags":[],"class_list":["post-124523","post","type-post","status-publish","format-standard","has-post-thumbnail","hentry","category-informacion-general","category-portada"],"jetpack_featured_media_url":"https:\/\/i0.wp.com\/cdnoticias.com\/wp-content\/uploads\/2024\/09\/WhatsApp-Image-2024-09-03-at-14.51.22-1.jpeg?fit=2560%2C1706&ssl=1","jetpack_sharing_enabled":true,"_links":{"self":[{"href":"https:\/\/cdnoticias.com\/index.php\/wp-json\/wp\/v2\/posts\/124523","targetHints":{"allow":["GET"]}}],"collection":[{"href":"https:\/\/cdnoticias.com\/index.php\/wp-json\/wp\/v2\/posts"}],"about":[{"href":"https:\/\/cdnoticias.com\/index.php\/wp-json\/wp\/v2\/types\/post"}],"author":[{"embeddable":true,"href":"https:\/\/cdnoticias.com\/index.php\/wp-json\/wp\/v2\/users\/2"}],"replies":[{"embeddable":true,"href":"https:\/\/cdnoticias.com\/index.php\/wp-json\/wp\/v2\/comments?post=124523"}],"version-history":[{"count":0,"href":"https:\/\/cdnoticias.com\/index.php\/wp-json\/wp\/v2\/posts\/124523\/revisions"}],"wp:featuredmedia":[{"embeddable":true,"href":"https:\/\/cdnoticias.com\/index.php\/wp-json\/wp\/v2\/media\/124524"}],"wp:attachment":[{"href":"https:\/\/cdnoticias.com\/index.php\/wp-json\/wp\/v2\/media?parent=124523"}],"wp:term":[{"taxonomy":"category","embeddable":true,"href":"https:\/\/cdnoticias.com\/index.php\/wp-json\/wp\/v2\/categories?post=124523"},{"taxonomy":"post_tag","embeddable":true,"href":"https:\/\/cdnoticias.com\/index.php\/wp-json\/wp\/v2\/tags?post=124523"}],"curies":[{"name":"wp","href":"https:\/\/api.w.org\/{rel}","templated":true}]}}