{"id":124480,"date":"2024-09-03T09:10:28","date_gmt":"2024-09-03T12:10:28","guid":{"rendered":"https:\/\/cdnoticias.com\/?p=124480"},"modified":"2024-09-03T09:10:30","modified_gmt":"2024-09-03T12:10:30","slug":"odontologos-bonaerenses-marcharan-para-rechazar-un-proyecto","status":"publish","type":"post","link":"https:\/\/cdnoticias.com\/index.php\/2024\/09\/03\/odontologos-bonaerenses-marcharan-para-rechazar-un-proyecto\/","title":{"rendered":"Odont\u00f3logos bonaerenses marchar\u00e1n para rechazar un proyecto"},"content":{"rendered":"\n<p>Este mi\u00e9rcoles ir\u00e1n a la C\u00e1mara de Diputados en La Plata. Afirmaron que el proyecto que se tratar\u00e1 desfinancia su cobertura m\u00e9dica.<\/p>\n\n\n\n<hr class=\"wp-block-separator has-alpha-channel-opacity\"\/>\n\n\n\n<p>Odont\u00f3logos jubilados y activos de distintos puntos de la provincia realizar\u00e1n este <strong>mi\u00e9rcoles a las 15 una marcha a la C\u00e1mara de Diputados en La Plata<\/strong> para rechazar una iniciativa que elimina la obligatoriedad de los aportes de los afiliados a la <strong>Fundaci\u00f3n Cobertura M\u00e9dica Integral (COMEI).<\/strong><\/p>\n\n\n\n<p><\/p>\n\n\n\n<p><strong>\u201cTu cobertura de salud y tus aportes est\u00e1n en peligro. Este mi\u00e9rcoles nos movilizamos a Diputados para defender a COMEI\u201d,<\/strong> informaron los organizadores de la protesta.<\/p>\n\n\n\n<p><\/p>\n\n\n\n<p>Seg\u00fan trascendi\u00f3, este mi\u00e9rcoles se tratar\u00eda en la Comisi\u00f3n de Federaciones y Colegios Profesionales de la C\u00e1mara este proyecto del Diputado Lissalde que <strong>\u201camenaza la continuidad de COMEI\u201d.<\/strong><\/p>\n\n\n\n<p><\/p>\n\n\n\n<p>\u201cTodos los beneficiarios nos juntaremos a defender nuestro derecho a la salud, te esperamos\u201d, dicen los flyers que se difunden en redes sociales.<\/p>\n\n\n\n<p><\/p>\n\n\n\n<p>D\u00edas atr\u00e1s, la <strong>presidenta de la Caja de Odont\u00f3logos de la provincia de Buenos Aires, Rosana Asensio<\/strong>, se manifest\u00f3 en\u00e9rgicamente en contra de este proyecto de ley que en caso de aprobarse <strong>\u201cdesfinanciar\u00eda el sistema de salud que cubre a m\u00e1s de 19.000 odont\u00f3logos y sus familias\u201d.<\/strong><\/p>\n\n\n\n<p><\/p>\n\n\n\n<blockquote class=\"wp-block-quote is-layout-flow wp-block-quote-is-layout-flow\">\n<p>&#8220;Esta es una cobertura m\u00e9dica que ha funcionado durante 50 a\u00f1os, financiada exclusivamente por los odont\u00f3logos, y lo ha hecho de manera excelente, sin quejas&#8221;, afirm\u00f3.<\/p>\n<\/blockquote>\n\n\n\n<p><\/p>\n\n\n\n<p>Asensio record\u00f3 que propuestas similares ya han sido discutidas en la Legislatura bonaerense y advirti\u00f3 sobre el peligro de desfinanciar tanto al sistema de cobertura m\u00e9dica como al previsional, si se elimina la obligatoriedad de los aportes. <strong>&#8220;Esta ley no es viable y amenaza la seguridad social de la Caja, impulsada \u00fanicamente por mezquindades pol\u00edticas&#8221;<\/strong>, enfatiz\u00f3.<\/p>\n\n\n\n<p><\/p>\n\n\n\n<p><strong>&#8220;Estamos abriendo una puerta peligrosa que podr\u00eda afectar no s\u00f3lo a las Cajas, sino tambi\u00e9n a toda la salud p\u00fablica de la provincia de Buenos Aires&#8221;, <\/strong>advirti\u00f3 Asensio.<\/p>\n","protected":false},"excerpt":{"rendered":"<p>Este mi\u00e9rcoles ir\u00e1n a la C\u00e1mara de Diputados en La Plata. Afirmaron que el proyecto que se tratar\u00e1 desfinancia su<\/p>\n","protected":false},"author":2,"featured_media":124481,"comment_status":"closed","ping_status":"closed","sticky":false,"template":"","format":"standard","meta":{"_jetpack_memberships_contains_paid_content":false,"footnotes":""},"categories":[6,1],"tags":[],"class_list":["post-124480","post","type-post","status-publish","format-standard","has-post-thumbnail","hentry","category-nacionales","category-portada"],"jetpack_featured_media_url":"https:\/\/i0.wp.com\/cdnoticias.com\/wp-content\/uploads\/2024\/09\/odontologos.jpg?fit=800%2C607&ssl=1","jetpack_sharing_enabled":true,"_links":{"self":[{"href":"https:\/\/cdnoticias.com\/index.php\/wp-json\/wp\/v2\/posts\/124480","targetHints":{"allow":["GET"]}}],"collection":[{"href":"https:\/\/cdnoticias.com\/index.php\/wp-json\/wp\/v2\/posts"}],"about":[{"href":"https:\/\/cdnoticias.com\/index.php\/wp-json\/wp\/v2\/types\/post"}],"author":[{"embeddable":true,"href":"https:\/\/cdnoticias.com\/index.php\/wp-json\/wp\/v2\/users\/2"}],"replies":[{"embeddable":true,"href":"https:\/\/cdnoticias.com\/index.php\/wp-json\/wp\/v2\/comments?post=124480"}],"version-history":[{"count":0,"href":"https:\/\/cdnoticias.com\/index.php\/wp-json\/wp\/v2\/posts\/124480\/revisions"}],"wp:featuredmedia":[{"embeddable":true,"href":"https:\/\/cdnoticias.com\/index.php\/wp-json\/wp\/v2\/media\/124481"}],"wp:attachment":[{"href":"https:\/\/cdnoticias.com\/index.php\/wp-json\/wp\/v2\/media?parent=124480"}],"wp:term":[{"taxonomy":"category","embeddable":true,"href":"https:\/\/cdnoticias.com\/index.php\/wp-json\/wp\/v2\/categories?post=124480"},{"taxonomy":"post_tag","embeddable":true,"href":"https:\/\/cdnoticias.com\/index.php\/wp-json\/wp\/v2\/tags?post=124480"}],"curies":[{"name":"wp","href":"https:\/\/api.w.org\/{rel}","templated":true}]}}