{"id":124471,"date":"2024-09-03T08:06:56","date_gmt":"2024-09-03T11:06:56","guid":{"rendered":"https:\/\/cdnoticias.com\/?p=124471"},"modified":"2024-09-03T08:06:58","modified_gmt":"2024-09-03T11:06:58","slug":"miguel-jose-olaechea-q-e-p-d","status":"publish","type":"post","link":"https:\/\/cdnoticias.com\/index.php\/2024\/09\/03\/miguel-jose-olaechea-q-e-p-d\/","title":{"rendered":"Miguel Jos\u00e9 Olaechea (Q.E.P.D.)"},"content":{"rendered":"\n<p>Falleci\u00f3 en Olavarr\u00eda el 2 de septiembre de 2024 a los 84 a\u00f1os de edad. Su esposa Norma Mabel Gatti. Sus hijos Miguel Alejandro y Fernando Javier Olaechea. Su hija pol\u00edtica Mar\u00eda Fernanda L\u00f3pez. Sus nietos Mar\u00eda Agustina, Milagros Alejandra, Mar\u00eda Jos\u00e9, Guadalupe y Juan Cruz Olaechea. Sus nietos pol\u00edticos Lucas Mozotegui y Fernando Echeto. Sus bisnietos Lola y Ciro. Sus hermanos \u00c1ngel y Ana Olachea. Sus hermanos pol\u00edticos. Sus sobrinos y dem\u00e1s deudos participan su fallecimiento.<\/p>\n\n\n\n<p><\/p>\n\n\n\n<p>Sus restos son velados en Espa\u00f1a 2942 Departamento &#8220;B&#8221; y ser\u00e1n inhumados en el cementerio Loma de Paz, este marte a las 10:30, previo responso en la capilla ardiente. Vecino de Dura\u00f1ona. Nacido en Olavarr\u00eda. Productor Agropecuario.<\/p>\n\n\n\n<p><\/p>\n\n\n\n<p>Se ruega no realizar visitas de p\u00e9same.<\/p>\n","protected":false},"excerpt":{"rendered":"<p>Falleci\u00f3 en Olavarr\u00eda el 2 de septiembre de 2024 a los 84 a\u00f1os de edad. Su esposa Norma Mabel Gatti.<\/p>\n","protected":false},"author":2,"featured_media":100390,"comment_status":"closed","ping_status":"closed","sticky":false,"template":"","format":"standard","meta":{"_jetpack_memberships_contains_paid_content":false,"footnotes":""},"categories":[10],"tags":[],"class_list":["post-124471","post","type-post","status-publish","format-standard","has-post-thumbnail","hentry","category-necrologicas"],"jetpack_featured_media_url":"https:\/\/i0.wp.com\/cdnoticias.com\/wp-content\/uploads\/2023\/10\/necrologicas-390-x-240.jpg?fit=390%2C240&ssl=1","jetpack_sharing_enabled":true,"_links":{"self":[{"href":"https:\/\/cdnoticias.com\/index.php\/wp-json\/wp\/v2\/posts\/124471","targetHints":{"allow":["GET"]}}],"collection":[{"href":"https:\/\/cdnoticias.com\/index.php\/wp-json\/wp\/v2\/posts"}],"about":[{"href":"https:\/\/cdnoticias.com\/index.php\/wp-json\/wp\/v2\/types\/post"}],"author":[{"embeddable":true,"href":"https:\/\/cdnoticias.com\/index.php\/wp-json\/wp\/v2\/users\/2"}],"replies":[{"embeddable":true,"href":"https:\/\/cdnoticias.com\/index.php\/wp-json\/wp\/v2\/comments?post=124471"}],"version-history":[{"count":0,"href":"https:\/\/cdnoticias.com\/index.php\/wp-json\/wp\/v2\/posts\/124471\/revisions"}],"wp:featuredmedia":[{"embeddable":true,"href":"https:\/\/cdnoticias.com\/index.php\/wp-json\/wp\/v2\/media\/100390"}],"wp:attachment":[{"href":"https:\/\/cdnoticias.com\/index.php\/wp-json\/wp\/v2\/media?parent=124471"}],"wp:term":[{"taxonomy":"category","embeddable":true,"href":"https:\/\/cdnoticias.com\/index.php\/wp-json\/wp\/v2\/categories?post=124471"},{"taxonomy":"post_tag","embeddable":true,"href":"https:\/\/cdnoticias.com\/index.php\/wp-json\/wp\/v2\/tags?post=124471"}],"curies":[{"name":"wp","href":"https:\/\/api.w.org\/{rel}","templated":true}]}}