{"id":124462,"date":"2024-09-03T16:00:54","date_gmt":"2024-09-03T19:00:54","guid":{"rendered":"https:\/\/cdnoticias.com\/?p=124462"},"modified":"2024-09-03T16:00:56","modified_gmt":"2024-09-03T19:00:56","slug":"la-provincia-creo-un-registro-para-trabajadores-del-sector-de-cuidados","status":"publish","type":"post","link":"https:\/\/cdnoticias.com\/index.php\/2024\/09\/03\/la-provincia-creo-un-registro-para-trabajadores-del-sector-de-cuidados\/","title":{"rendered":"La Provincia cre\u00f3 un registro para trabajadores del sector de cuidados"},"content":{"rendered":"\n<p>El Ministerio de Trabajo bonaerense busca reconocer y jerarquizar a las tareas de cuidado. Los detalles de la resoluci\u00f3n oficial.<\/p>\n\n\n\n<hr class=\"wp-block-separator aligncenter has-alpha-channel-opacity\"\/>\n\n\n\n<p>El <strong>Gobierno bonaerense<\/strong> cre\u00f3 este lunes un <strong>registro de trabajadores y trabajadoras de cuidados<\/strong> que busca ordenar a todo un universo de personas que muchas veces se desempe\u00f1an de manera aut\u00f3noma.<\/p>\n\n\n\n<p><\/p>\n\n\n\n<p>La Resoluci\u00f3n 205\/24 fue oficializada con su publicaci\u00f3n en el Bolet\u00edn Oficial. Seg\u00fan la norma firmada por el <strong>ministro Walter Correa, <\/strong>la idea es contar con<strong> informaci\u00f3n sobre el desarrollo de esta actividad <\/strong>dado su impacto econ\u00f3mico en la provincia de Buenos Aires.<\/p>\n\n\n\n<p><\/p>\n\n\n\n<p>El <strong>registro es voluntario<\/strong> por lo que podr\u00e1n inscribirse \u201c<strong>de forma voluntaria todas las personas humanas que desarrollen trabajo de cuidados\u201d.<\/strong><\/p>\n\n\n\n<p><\/p>\n\n\n\n<blockquote class=\"wp-block-quote is-layout-flow wp-block-quote-is-layout-flow\">\n<p>Las autoridades definieron a las tareas de cuidado como \u201cla asistencia y el cuidado socio comunitario, no terap\u00e9utico, de personas con discapacidad, ni\u00f1as, ni\u00f1os y adolescentes, adultos y adultas mayores y personas que padecen enfermedad\u201d.<\/p>\n<\/blockquote>\n\n\n\n<p><\/p>\n\n\n\n<p>Ahora, el Ministerio de Trabajo se propuso \u201c<strong>reconocer, jerarquizar y promover la profesionalizaci\u00f3n\u201d<\/strong> de esta labor. Adem\u00e1s de desempe\u00f1ar tareas incluidas en esta descripci\u00f3n, quienes quieran sumarse al registro deber\u00e1n cumplir cuatro requisitos:<\/p>\n\n\n\n<ul class=\"wp-block-list\">\n<li>Ser mayor de 18 a\u00f1os.<\/li>\n<\/ul>\n\n\n\n<ul class=\"wp-block-list\">\n<li>Poseer t\u00edtulo o certificado de capacitaci\u00f3n emitido por instituci\u00f3n oficial de, al menos, 200 horas reloj de duraci\u00f3n.<\/li>\n<\/ul>\n\n\n\n<ul class=\"wp-block-list\">\n<li>Contar con documento que acredite identidad.<\/li>\n<\/ul>\n\n\n\n<ul class=\"wp-block-list\">\n<li>Residir en la Provincia de Buenos Aires.<\/li>\n<\/ul>\n\n\n\n<p>El registro de trabajadores de cuidados, seg\u00fan el art\u00edculo 5 de la resoluci\u00f3n, quedar\u00e1 bajo el \u00e1mbito de la <strong>Subsecretar\u00eda de Empleo.<\/strong> Desde ah\u00ed saldr\u00e1n \u201ctodas las acciones\u201d para cumplir con los objetivos fundacionales de la medida.<\/p>\n\n\n\n<p><em>Fuente: DIB<\/em><\/p>\n","protected":false},"excerpt":{"rendered":"<p>El Ministerio de Trabajo bonaerense busca reconocer y jerarquizar a las tareas de cuidado. Los detalles de la resoluci\u00f3n oficial.<\/p>\n","protected":false},"author":6,"featured_media":124464,"comment_status":"closed","ping_status":"closed","sticky":false,"template":"","format":"standard","meta":{"_jetpack_memberships_contains_paid_content":false,"footnotes":""},"categories":[6,1],"tags":[],"class_list":["post-124462","post","type-post","status-publish","format-standard","has-post-thumbnail","hentry","category-nacionales","category-portada"],"jetpack_featured_media_url":"https:\/\/i0.wp.com\/cdnoticias.com\/wp-content\/uploads\/2024\/09\/tareas-de-cuidado-registro.jpg?fit=900%2C506&ssl=1","jetpack_sharing_enabled":true,"_links":{"self":[{"href":"https:\/\/cdnoticias.com\/index.php\/wp-json\/wp\/v2\/posts\/124462","targetHints":{"allow":["GET"]}}],"collection":[{"href":"https:\/\/cdnoticias.com\/index.php\/wp-json\/wp\/v2\/posts"}],"about":[{"href":"https:\/\/cdnoticias.com\/index.php\/wp-json\/wp\/v2\/types\/post"}],"author":[{"embeddable":true,"href":"https:\/\/cdnoticias.com\/index.php\/wp-json\/wp\/v2\/users\/6"}],"replies":[{"embeddable":true,"href":"https:\/\/cdnoticias.com\/index.php\/wp-json\/wp\/v2\/comments?post=124462"}],"version-history":[{"count":0,"href":"https:\/\/cdnoticias.com\/index.php\/wp-json\/wp\/v2\/posts\/124462\/revisions"}],"wp:featuredmedia":[{"embeddable":true,"href":"https:\/\/cdnoticias.com\/index.php\/wp-json\/wp\/v2\/media\/124464"}],"wp:attachment":[{"href":"https:\/\/cdnoticias.com\/index.php\/wp-json\/wp\/v2\/media?parent=124462"}],"wp:term":[{"taxonomy":"category","embeddable":true,"href":"https:\/\/cdnoticias.com\/index.php\/wp-json\/wp\/v2\/categories?post=124462"},{"taxonomy":"post_tag","embeddable":true,"href":"https:\/\/cdnoticias.com\/index.php\/wp-json\/wp\/v2\/tags?post=124462"}],"curies":[{"name":"wp","href":"https:\/\/api.w.org\/{rel}","templated":true}]}}