{"id":124442,"date":"2024-09-02T20:18:09","date_gmt":"2024-09-02T23:18:09","guid":{"rendered":"https:\/\/cdnoticias.com\/?p=124442"},"modified":"2024-09-03T08:47:56","modified_gmt":"2024-09-03T11:47:56","slug":"sabemos-que-la-gente-de-olavarria-es-muy-solidaria-y-lo-han-demostrado-varias-veces","status":"publish","type":"post","link":"https:\/\/cdnoticias.com\/index.php\/2024\/09\/02\/sabemos-que-la-gente-de-olavarria-es-muy-solidaria-y-lo-han-demostrado-varias-veces\/","title":{"rendered":"\u201cSabemos que la gente de Olavarr\u00eda es muy solidaria y lo han demostrado varias veces\u201d"},"content":{"rendered":"\n<p>Lo afirm\u00f3 la activista y militante Victoria Altavista, m\u00e1s conocida como Madame L\u00fa. Junto a la Comisi\u00f3n del Orgullo est\u00e1 llevando a cabo una colecta de alimentos y ropa para las chicas del pabell\u00f3n N\u00b09 de Diversidad de Genero en la Unidad Penal N\u00b02 de Sierra Chica. C\u00f3mo pod\u00e9s ayudar.<\/p>\n\n\n\n<hr class=\"wp-block-separator aligncenter has-alpha-channel-opacity\"\/>\n\n\n\n<p>Desde el Espacio de Diversidad del Sindicato de Trabajadores en conjunto con la Comisi\u00f3n Organizadora del Orgullo<strong> <\/strong>se est\u00e1 llevando a cabo una <strong>nueva colecta de alimentos y ropa destinado a las chicas del pabell\u00f3n N\u00b09 de Diversidad de Genero en la Unidad Penal N\u00b02 de Sierra Chica.<\/strong><\/p>\n\n\n\n<p><\/p>\n\n\n\n<p><em>Central de Noticias<\/em> dialog\u00f3 con <strong>Victoria Altavista, activista y militante<\/strong> m\u00e1s conocida como <strong>Madame L\u00fa <\/strong>quien explic\u00f3 que \u201cla idea es acompa\u00f1arlas de alg\u00fan modo con lo que ellas necesitan debido al contexto de encierro\u201d.<\/p>\n\n\n\n<p><\/p>\n\n\n\n<p>\u201cDesde el espacio se nos ocurri\u00f3 <strong>hacer visitas una o dos veces por mes junto a diferentes organizaciones<\/strong> para que tambi\u00e9n formen parte y as\u00ed llevar diversas actividades y poder estar presentes\u201d cont\u00f3 Altavista.<\/p>\n\n\n\n<p><\/p>\n\n\n\n<p>Sobre el primer encuentro, la activista detall\u00f3 que <strong>\u201cfue hermoso. La realidad es que vivimos una tarde de mucha charla, de mucha historicidad, de muchas an\u00e9cdotas.<\/strong> La segunda visita va a ser con F\u00e9nix y personas que est\u00e1n en la comisi\u00f3n de la marcha\u201d.<\/p>\n\n\n\n<p><\/p>\n\n\n\n<blockquote class=\"wp-block-quote is-layout-flow wp-block-quote-is-layout-flow\">\n<p>\u201cSabemos que la gente de Olavarr\u00eda es muy solidaria y lo han demostrado varias veces. La comunidad LGBT tambi\u00e9n forma parte de todo eso y en este caso las compa\u00f1eras del pabell\u00f3n de diversidad nos necesitan\u201d remarc\u00f3 Altavista.<\/p>\n<\/blockquote>\n\n\n\n<p><\/p>\n\n\n\n<p>Sobre las donaciones, Madame L\u00fa explic\u00f3 que llevaron a cabo una encuesta para saber qu\u00e9 era lo que necesitan y dio como resultado <strong>ropa y calzado en buen estado, alimentos no perecederos y art\u00edculos de primera necesidad de higiene y cosm\u00e9tica.<\/strong><\/p>\n\n\n\n<p><\/p>\n\n\n\n<p>Adem\u00e1s, se cre\u00f3 un <strong>alias para recibir dinero<\/strong> y de esta forma<strong> comprar los elementos necesarios<\/strong>. \u201c<strong>El m\u00ednimo monto de dinero que se pueda donar es bien merecido<\/strong>\u201d cerr\u00f3 Altavista.<\/p>\n\n\n\n<p><\/p>\n\n\n\n<p>Los que quieran sumarse a la colecta podr\u00e1n donar dinero al alias <strong>Colecta.trans (Usuario: G.Brinkmann)<\/strong> o acercarse a las siguientes direcciones con donaciones:<\/p>\n\n\n\n<p><\/p>\n\n\n\n<figure class=\"wp-block-image aligncenter size-full\"><img data-recalc-dims=\"1\" loading=\"lazy\" decoding=\"async\" width=\"800\" height=\"556\" src=\"https:\/\/i0.wp.com\/cdnoticias.com\/wp-content\/uploads\/2024\/09\/donaciones-pabellon-diversidades.png?resize=800%2C556&#038;ssl=1\" alt=\"\" class=\"wp-image-124443\" srcset=\"https:\/\/i0.wp.com\/cdnoticias.com\/wp-content\/uploads\/2024\/09\/donaciones-pabellon-diversidades.png?w=829&amp;ssl=1 829w, https:\/\/i0.wp.com\/cdnoticias.com\/wp-content\/uploads\/2024\/09\/donaciones-pabellon-diversidades.png?resize=300%2C208&amp;ssl=1 300w, https:\/\/i0.wp.com\/cdnoticias.com\/wp-content\/uploads\/2024\/09\/donaciones-pabellon-diversidades.png?resize=768%2C534&amp;ssl=1 768w, https:\/\/i0.wp.com\/cdnoticias.com\/wp-content\/uploads\/2024\/09\/donaciones-pabellon-diversidades.png?resize=392%2C272&amp;ssl=1 392w, https:\/\/i0.wp.com\/cdnoticias.com\/wp-content\/uploads\/2024\/09\/donaciones-pabellon-diversidades.png?resize=130%2C90&amp;ssl=1 130w\" sizes=\"auto, (max-width: 800px) 100vw, 800px\" \/><\/figure>\n\n\n\n<p><\/p>\n","protected":false},"excerpt":{"rendered":"<p>Lo afirm\u00f3 la activista y militante Victoria Altavista, m\u00e1s conocida como Madame L\u00fa. Junto a la Comisi\u00f3n del Orgullo est\u00e1<\/p>\n","protected":false},"author":6,"featured_media":103261,"comment_status":"closed","ping_status":"closed","sticky":false,"template":"","format":"standard","meta":{"_jetpack_memberships_contains_paid_content":false,"footnotes":""},"categories":[3,1],"tags":[],"class_list":["post-124442","post","type-post","status-publish","format-standard","has-post-thumbnail","hentry","category-genero","category-portada"],"jetpack_featured_media_url":"https:\/\/i0.wp.com\/cdnoticias.com\/wp-content\/uploads\/2023\/12\/olimpiadas-lgbtqin9-scaled.jpg?fit=2560%2C1440&ssl=1","jetpack_sharing_enabled":true,"_links":{"self":[{"href":"https:\/\/cdnoticias.com\/index.php\/wp-json\/wp\/v2\/posts\/124442","targetHints":{"allow":["GET"]}}],"collection":[{"href":"https:\/\/cdnoticias.com\/index.php\/wp-json\/wp\/v2\/posts"}],"about":[{"href":"https:\/\/cdnoticias.com\/index.php\/wp-json\/wp\/v2\/types\/post"}],"author":[{"embeddable":true,"href":"https:\/\/cdnoticias.com\/index.php\/wp-json\/wp\/v2\/users\/6"}],"replies":[{"embeddable":true,"href":"https:\/\/cdnoticias.com\/index.php\/wp-json\/wp\/v2\/comments?post=124442"}],"version-history":[{"count":0,"href":"https:\/\/cdnoticias.com\/index.php\/wp-json\/wp\/v2\/posts\/124442\/revisions"}],"wp:featuredmedia":[{"embeddable":true,"href":"https:\/\/cdnoticias.com\/index.php\/wp-json\/wp\/v2\/media\/103261"}],"wp:attachment":[{"href":"https:\/\/cdnoticias.com\/index.php\/wp-json\/wp\/v2\/media?parent=124442"}],"wp:term":[{"taxonomy":"category","embeddable":true,"href":"https:\/\/cdnoticias.com\/index.php\/wp-json\/wp\/v2\/categories?post=124442"},{"taxonomy":"post_tag","embeddable":true,"href":"https:\/\/cdnoticias.com\/index.php\/wp-json\/wp\/v2\/tags?post=124442"}],"curies":[{"name":"wp","href":"https:\/\/api.w.org\/{rel}","templated":true}]}}