{"id":124421,"date":"2024-09-02T12:42:23","date_gmt":"2024-09-02T15:42:23","guid":{"rendered":"https:\/\/cdnoticias.com\/?p=124421"},"modified":"2024-09-02T17:25:03","modified_gmt":"2024-09-02T20:25:03","slug":"casa-del-credito-sufrio-el-segundo-robo-en-30-dias","status":"publish","type":"post","link":"https:\/\/cdnoticias.com\/index.php\/2024\/09\/02\/casa-del-credito-sufrio-el-segundo-robo-en-30-dias\/","title":{"rendered":"Casa del Cr\u00e9dito sufri\u00f3 el segundo robo en 30 d\u00edas"},"content":{"rendered":"<p>Fue en la sede de Espa\u00f1a y Dorrego donde tambi\u00e9n se registraron da\u00f1os. La empresa manifest\u00f3 \u201cpreocupaci\u00f3n por la repetici\u00f3n de estos hechos\u201d y pidi\u00f3 \u201ca las autoridades para que se fortalezcan las medidas de seguridad en la zona\u201d.<!--more--><\/p>\n<hr \/>\n<p>El <strong>comercio Casa del Cr\u00e9dito, ubicado en Espa\u00f1a y Dorrego<\/strong>, fue <strong>blanco de un robo en la madrugada de este lunes<\/strong> y se destac\u00f3 que se trat\u00f3 del <strong>segundo hecho delictivo que padecen en un mes<\/strong>.<\/p>\n<p>Se detall\u00f3 que <strong>el robo ocurri\u00f3 a las 3 de la ma\u00f1ana<\/strong> de este lunes. Cabe se\u00f1alar que<strong> tambi\u00e9n se registraron da\u00f1os en la puerta de entrada<\/strong>, con la rotura de los vidrios para acceder al local donde rompieron un exhibidor de celulares para sustraer equipos.<\/p>\n<p><img data-recalc-dims=\"1\" loading=\"lazy\" decoding=\"async\" class=\"aligncenter wp-image-124423\" src=\"https:\/\/i0.wp.com\/cdnoticias.com\/wp-content\/uploads\/2024\/09\/casa-del-credito-01.jpg?resize=700%2C601&#038;ssl=1\" alt=\"\" width=\"700\" height=\"601\" srcset=\"https:\/\/i0.wp.com\/cdnoticias.com\/wp-content\/uploads\/2024\/09\/casa-del-credito-01.jpg?w=900&amp;ssl=1 900w, https:\/\/i0.wp.com\/cdnoticias.com\/wp-content\/uploads\/2024\/09\/casa-del-credito-01.jpg?resize=300%2C258&amp;ssl=1 300w, https:\/\/i0.wp.com\/cdnoticias.com\/wp-content\/uploads\/2024\/09\/casa-del-credito-01.jpg?resize=768%2C660&amp;ssl=1 768w\" sizes=\"auto, (max-width: 700px) 100vw, 700px\" \/><\/p>\n<p><strong>\u201cEste es el segundo incidente delictivo en un lapso de 30 d\u00edas<\/strong>. Los delincuentes vandalizaron una de las puertas de entrada, <strong>lanzando una piedra para acceder al local\u201d<\/strong> dio a conocer el comercio.<\/p>\n<blockquote><p>A su vez, se subray\u00f3 que \u201cel equipo de Casa del Cr\u00e9dito expresa su preocupaci\u00f3n por la repetici\u00f3n de estos hechos y hace un llamado a las autoridades para que se fortalezcan las medidas de seguridad en la zona. La protecci\u00f3n y tranquilidad de nuestra comunidad son prioridades que deben ser atendidas con urgencia\u201d.<\/p><\/blockquote>\n","protected":false},"excerpt":{"rendered":"<p>Fue en la sede de Espa\u00f1a y Dorrego donde tambi\u00e9n se registraron da\u00f1os. La empresa manifest\u00f3 \u201cpreocupaci\u00f3n por la repetici\u00f3n<\/p>\n","protected":false},"author":4,"featured_media":124422,"comment_status":"closed","ping_status":"closed","sticky":false,"template":"","format":"standard","meta":{"_jetpack_memberships_contains_paid_content":false,"footnotes":""},"categories":[14,1],"tags":[],"class_list":["post-124421","post","type-post","status-publish","format-standard","has-post-thumbnail","hentry","category-policiales","category-portada"],"jetpack_featured_media_url":"https:\/\/i0.wp.com\/cdnoticias.com\/wp-content\/uploads\/2024\/09\/casa-del-credito-00.jpg?fit=900%2C500&ssl=1","jetpack_sharing_enabled":true,"_links":{"self":[{"href":"https:\/\/cdnoticias.com\/index.php\/wp-json\/wp\/v2\/posts\/124421","targetHints":{"allow":["GET"]}}],"collection":[{"href":"https:\/\/cdnoticias.com\/index.php\/wp-json\/wp\/v2\/posts"}],"about":[{"href":"https:\/\/cdnoticias.com\/index.php\/wp-json\/wp\/v2\/types\/post"}],"author":[{"embeddable":true,"href":"https:\/\/cdnoticias.com\/index.php\/wp-json\/wp\/v2\/users\/4"}],"replies":[{"embeddable":true,"href":"https:\/\/cdnoticias.com\/index.php\/wp-json\/wp\/v2\/comments?post=124421"}],"version-history":[{"count":0,"href":"https:\/\/cdnoticias.com\/index.php\/wp-json\/wp\/v2\/posts\/124421\/revisions"}],"wp:featuredmedia":[{"embeddable":true,"href":"https:\/\/cdnoticias.com\/index.php\/wp-json\/wp\/v2\/media\/124422"}],"wp:attachment":[{"href":"https:\/\/cdnoticias.com\/index.php\/wp-json\/wp\/v2\/media?parent=124421"}],"wp:term":[{"taxonomy":"category","embeddable":true,"href":"https:\/\/cdnoticias.com\/index.php\/wp-json\/wp\/v2\/categories?post=124421"},{"taxonomy":"post_tag","embeddable":true,"href":"https:\/\/cdnoticias.com\/index.php\/wp-json\/wp\/v2\/tags?post=124421"}],"curies":[{"name":"wp","href":"https:\/\/api.w.org\/{rel}","templated":true}]}}