{"id":124398,"date":"2024-09-02T12:35:14","date_gmt":"2024-09-02T15:35:14","guid":{"rendered":"https:\/\/cdnoticias.com\/?p=124398"},"modified":"2024-09-02T12:35:17","modified_gmt":"2024-09-02T15:35:17","slug":"gran-convocatoria-en-la-exitosa-fiesta-de-las-colectividades","status":"publish","type":"post","link":"https:\/\/cdnoticias.com\/index.php\/2024\/09\/02\/gran-convocatoria-en-la-exitosa-fiesta-de-las-colectividades\/","title":{"rendered":"Gran convocatoria en la exitosa \u201cFiesta de las Colectividades\u201d"},"content":{"rendered":"\n<p>El Centro Cultural San Jos\u00e9 se vio colmado de vecinos y vecinas que disfrutaron del evento denominado \u201cNuestras ra\u00edces\u201d con comidas t\u00edpicas, danzas, actividades complementarias y un gran colorido.<\/p>\n\n\n\n<hr class=\"wp-block-separator aligncenter has-alpha-channel-opacity\"\/>\n\n\n\n<p>Este domingo, la jornada de sol y buen clima hizo que <strong>cientos de vecinos disfruten de la tradicional Fiesta de la Colectividades, que tuvo un extenso cronograma en distintos puntos en torno al Centro Cultural Municipal \u201cSan Jos\u00e9\u201d y el Parque Mitre.<\/strong><\/p>\n\n\n\n<p>El evento denominado <em><strong>\u201cNuestras ra\u00edces\u201d <\/strong><\/em>se inici\u00f3 al mediod\u00eda con la apertura de los puestos de comida y las distintas presentaciones de los grupos de baile de las colectividades, con sus danzas t\u00edpicas.<\/p>\n\n\n\n<figure class=\"wp-block-image size-large\"><img data-recalc-dims=\"1\" loading=\"lazy\" decoding=\"async\" width=\"800\" height=\"532\" src=\"https:\/\/i0.wp.com\/cdnoticias.com\/wp-content\/uploads\/2024\/09\/Fiesta-de-las-Colectividades-39.jpg?resize=800%2C532&#038;ssl=1\" alt=\"\" class=\"wp-image-124418\" srcset=\"https:\/\/i0.wp.com\/cdnoticias.com\/wp-content\/uploads\/2024\/09\/Fiesta-de-las-Colectividades-39.jpg?resize=1024%2C681&amp;ssl=1 1024w, https:\/\/i0.wp.com\/cdnoticias.com\/wp-content\/uploads\/2024\/09\/Fiesta-de-las-Colectividades-39.jpg?resize=300%2C200&amp;ssl=1 300w, https:\/\/i0.wp.com\/cdnoticias.com\/wp-content\/uploads\/2024\/09\/Fiesta-de-las-Colectividades-39.jpg?resize=768%2C511&amp;ssl=1 768w, https:\/\/i0.wp.com\/cdnoticias.com\/wp-content\/uploads\/2024\/09\/Fiesta-de-las-Colectividades-39.jpg?resize=272%2C182&amp;ssl=1 272w, https:\/\/i0.wp.com\/cdnoticias.com\/wp-content\/uploads\/2024\/09\/Fiesta-de-las-Colectividades-39.jpg?w=1400&amp;ssl=1 1400w\" sizes=\"auto, (max-width: 800px) 100vw, 800px\" \/><\/figure>\n\n\n\n<p>En el marco de la jornada, el intendente Maximiliano Wesner y el presidente de la Uni\u00f3n de Colectividades Fernando Bugosen brindaron unas palabras de bienvenida. <strong>Durante el todo el d\u00eda, el p\u00fablico pudo disfrutar de una gran variedad de sabores, que fueron ofrecidos por las distintas colectividades que existen en nuestra ciudad en cada uno de los puestos.<\/strong><\/p>\n\n\n\n<figure class=\"wp-block-image size-large\"><img data-recalc-dims=\"1\" loading=\"lazy\" decoding=\"async\" width=\"800\" height=\"532\" src=\"https:\/\/i0.wp.com\/cdnoticias.com\/wp-content\/uploads\/2024\/09\/Fiesta-de-las-Colectividades-8.jpg?resize=800%2C532&#038;ssl=1\" alt=\"\" class=\"wp-image-124404\" srcset=\"https:\/\/i0.wp.com\/cdnoticias.com\/wp-content\/uploads\/2024\/09\/Fiesta-de-las-Colectividades-8.jpg?resize=1024%2C681&amp;ssl=1 1024w, https:\/\/i0.wp.com\/cdnoticias.com\/wp-content\/uploads\/2024\/09\/Fiesta-de-las-Colectividades-8.jpg?resize=300%2C200&amp;ssl=1 300w, https:\/\/i0.wp.com\/cdnoticias.com\/wp-content\/uploads\/2024\/09\/Fiesta-de-las-Colectividades-8.jpg?resize=768%2C511&amp;ssl=1 768w, https:\/\/i0.wp.com\/cdnoticias.com\/wp-content\/uploads\/2024\/09\/Fiesta-de-las-Colectividades-8.jpg?resize=272%2C182&amp;ssl=1 272w, https:\/\/i0.wp.com\/cdnoticias.com\/wp-content\/uploads\/2024\/09\/Fiesta-de-las-Colectividades-8.jpg?w=1400&amp;ssl=1 1400w\" sizes=\"auto, (max-width: 800px) 100vw, 800px\" \/><\/figure>\n\n\n\n<p>Tambi\u00e9n estuvieron presentes cerveceros locales (Rab \u2013 Del Fondo \u2013 Monos Sabios \u2013 Kabbalah y Fenchel) y hubo un escenario con danzas t\u00edpicas, coros y grupos musicales durante toda la jornada.<\/p>\n\n\n\n<figure class=\"wp-block-image size-large\"><img data-recalc-dims=\"1\" loading=\"lazy\" decoding=\"async\" width=\"800\" height=\"532\" src=\"https:\/\/i0.wp.com\/cdnoticias.com\/wp-content\/uploads\/2024\/09\/Fiesta-de-las-Colectividades-4.jpg?resize=800%2C532&#038;ssl=1\" alt=\"\" class=\"wp-image-124401\" srcset=\"https:\/\/i0.wp.com\/cdnoticias.com\/wp-content\/uploads\/2024\/09\/Fiesta-de-las-Colectividades-4.jpg?resize=1024%2C681&amp;ssl=1 1024w, https:\/\/i0.wp.com\/cdnoticias.com\/wp-content\/uploads\/2024\/09\/Fiesta-de-las-Colectividades-4.jpg?resize=300%2C200&amp;ssl=1 300w, https:\/\/i0.wp.com\/cdnoticias.com\/wp-content\/uploads\/2024\/09\/Fiesta-de-las-Colectividades-4.jpg?resize=768%2C511&amp;ssl=1 768w, https:\/\/i0.wp.com\/cdnoticias.com\/wp-content\/uploads\/2024\/09\/Fiesta-de-las-Colectividades-4.jpg?resize=272%2C182&amp;ssl=1 272w, https:\/\/i0.wp.com\/cdnoticias.com\/wp-content\/uploads\/2024\/09\/Fiesta-de-las-Colectividades-4.jpg?w=1400&amp;ssl=1 1400w\" sizes=\"auto, (max-width: 800px) 100vw, 800px\" \/><\/figure>\n\n\n\n<p>En forma simult\u00e1nea, <strong>en el auditorio del Centro Cultural hubo una muestra est\u00e1tica con objetos y trajes t\u00edpicos de las colectividades, talleres de idioma y presentaciones de libros.<\/strong><\/p>\n\n\n\n<figure class=\"wp-block-image size-large\"><img data-recalc-dims=\"1\" loading=\"lazy\" decoding=\"async\" width=\"800\" height=\"532\" src=\"https:\/\/i0.wp.com\/cdnoticias.com\/wp-content\/uploads\/2024\/09\/Fiesta-de-las-Colectividades-36.jpg?resize=800%2C532&#038;ssl=1\" alt=\"\" class=\"wp-image-124417\" srcset=\"https:\/\/i0.wp.com\/cdnoticias.com\/wp-content\/uploads\/2024\/09\/Fiesta-de-las-Colectividades-36.jpg?resize=1024%2C681&amp;ssl=1 1024w, https:\/\/i0.wp.com\/cdnoticias.com\/wp-content\/uploads\/2024\/09\/Fiesta-de-las-Colectividades-36.jpg?resize=300%2C200&amp;ssl=1 300w, https:\/\/i0.wp.com\/cdnoticias.com\/wp-content\/uploads\/2024\/09\/Fiesta-de-las-Colectividades-36.jpg?resize=768%2C511&amp;ssl=1 768w, https:\/\/i0.wp.com\/cdnoticias.com\/wp-content\/uploads\/2024\/09\/Fiesta-de-las-Colectividades-36.jpg?resize=272%2C182&amp;ssl=1 272w, https:\/\/i0.wp.com\/cdnoticias.com\/wp-content\/uploads\/2024\/09\/Fiesta-de-las-Colectividades-36.jpg?w=1400&amp;ssl=1 1400w\" sizes=\"auto, (max-width: 800px) 100vw, 800px\" \/><\/figure>\n\n\n\n<p><strong>La Fiesta de las Colectividades fue organizada por el Municipio de Olavarr\u00eda, junto a la Uni\u00f3n de Colectividades de Olavarr\u00eda, en el marco de la Semana del Inmigrante,<\/strong> con un variado cronograma de actividades que incluy\u00f3 m\u00fasica, danzas y comidas t\u00edpicas.<\/p>\n\n\n\n<p>En la oportunidad se presentaron distintos los elencos de baile: Centro Vasco \u201cGure Etxe Maitea\u201d de la Prof. Ana Mar\u00eda Paladini (Colectividad Vasca), Ballet Municipal de Danzas Alemanas \u201cWir Wringen Freude\u201d de las profesoras Yesica Smith y Micaela Baier (Colectividad Alemanes del Volga), Danza Salay a cargo de la Colectividad Boliviana, el Rancho Folcl\u00f3rico Azinheira (Colectividad Portuguesa), Folklore Liban\u00e9s (Colectividad Libanesa), Ballet de Danzas Espa\u00f1olas y Flamencas Iberodanza (Colectividad Espa\u00f1ola), Danzas \u00c1rabes a cargo de la profesora Denisa Laborde (Colectividad Libanesa), Ballet de Danzas Folcl\u00f3ricas de la profesora Silvia Todesco (Colectividad Espa\u00f1ola), Grupo de \u201cTxikis\u201d del Centro Vasco \u201cGure Etxe Maitea\u201d de la profesora Julia Arouxet Ramongassie (Colectividad Vasca), \u201cCaporales\u201d y Estampa Chapaca de la Colectividad Boliviana (Colectividad Boliviana), Danzas \u00c1rabes a cargo de la Escuela del C\u00edrculo \u00c1rabe de la ciudad de Azul (Colectividad Libanesa), y Bellydance a cargo de la Escuela \u201cAlhambra\u201d de la Prof. Vanesa Prestipino. Colectividad Libanesa.<\/p>\n\n\n\n<figure class=\"wp-block-image size-large\"><img data-recalc-dims=\"1\" loading=\"lazy\" decoding=\"async\" width=\"800\" height=\"532\" src=\"https:\/\/i0.wp.com\/cdnoticias.com\/wp-content\/uploads\/2024\/09\/Fiesta-de-las-Colectividades-5.jpg?resize=800%2C532&#038;ssl=1\" alt=\"\" class=\"wp-image-124402\" srcset=\"https:\/\/i0.wp.com\/cdnoticias.com\/wp-content\/uploads\/2024\/09\/Fiesta-de-las-Colectividades-5.jpg?resize=1024%2C681&amp;ssl=1 1024w, https:\/\/i0.wp.com\/cdnoticias.com\/wp-content\/uploads\/2024\/09\/Fiesta-de-las-Colectividades-5.jpg?resize=300%2C200&amp;ssl=1 300w, https:\/\/i0.wp.com\/cdnoticias.com\/wp-content\/uploads\/2024\/09\/Fiesta-de-las-Colectividades-5.jpg?resize=768%2C511&amp;ssl=1 768w, https:\/\/i0.wp.com\/cdnoticias.com\/wp-content\/uploads\/2024\/09\/Fiesta-de-las-Colectividades-5.jpg?resize=272%2C182&amp;ssl=1 272w, https:\/\/i0.wp.com\/cdnoticias.com\/wp-content\/uploads\/2024\/09\/Fiesta-de-las-Colectividades-5.jpg?w=1400&amp;ssl=1 1400w\" sizes=\"auto, (max-width: 800px) 100vw, 800px\" \/><\/figure>\n\n\n\n<figure class=\"wp-block-image size-large\"><img data-recalc-dims=\"1\" loading=\"lazy\" decoding=\"async\" width=\"800\" height=\"532\" src=\"https:\/\/i0.wp.com\/cdnoticias.com\/wp-content\/uploads\/2024\/09\/Fiesta-de-las-Colectividades-17.jpg?resize=800%2C532&#038;ssl=1\" alt=\"\" class=\"wp-image-124410\" srcset=\"https:\/\/i0.wp.com\/cdnoticias.com\/wp-content\/uploads\/2024\/09\/Fiesta-de-las-Colectividades-17.jpg?resize=1024%2C681&amp;ssl=1 1024w, https:\/\/i0.wp.com\/cdnoticias.com\/wp-content\/uploads\/2024\/09\/Fiesta-de-las-Colectividades-17.jpg?resize=300%2C200&amp;ssl=1 300w, https:\/\/i0.wp.com\/cdnoticias.com\/wp-content\/uploads\/2024\/09\/Fiesta-de-las-Colectividades-17.jpg?resize=768%2C511&amp;ssl=1 768w, https:\/\/i0.wp.com\/cdnoticias.com\/wp-content\/uploads\/2024\/09\/Fiesta-de-las-Colectividades-17.jpg?resize=272%2C182&amp;ssl=1 272w, https:\/\/i0.wp.com\/cdnoticias.com\/wp-content\/uploads\/2024\/09\/Fiesta-de-las-Colectividades-17.jpg?w=1400&amp;ssl=1 1400w\" sizes=\"auto, (max-width: 800px) 100vw, 800px\" \/><\/figure>\n\n\n\n<p>Como parte del programa art\u00edstico, Carla Moura junto a Paola Gonz\u00e1lez y Obdulio Casta\u00f1ares interpretaron tangos cl\u00e1sicos. Tambi\u00e9n se present\u00f3 el grupo de m\u00fasica afro cubana \u201cNahuel Oiz y As\u00ed Son\u201d. <strong>El cierre de la jornada tuvo como protagonistas al grupo de folklore Herederos que hizo bailar a todo el p\u00fablico.<\/strong><\/p>\n\n\n\n<p class=\"has-large-font-size\">Actividades complementarias<\/p>\n\n\n\n<figure class=\"wp-block-image size-large\"><img data-recalc-dims=\"1\" loading=\"lazy\" decoding=\"async\" width=\"800\" height=\"532\" src=\"https:\/\/i0.wp.com\/cdnoticias.com\/wp-content\/uploads\/2024\/09\/Fiesta-de-las-Colectividades-20.jpg?resize=800%2C532&#038;ssl=1\" alt=\"\" class=\"wp-image-124411\" srcset=\"https:\/\/i0.wp.com\/cdnoticias.com\/wp-content\/uploads\/2024\/09\/Fiesta-de-las-Colectividades-20.jpg?resize=1024%2C681&amp;ssl=1 1024w, https:\/\/i0.wp.com\/cdnoticias.com\/wp-content\/uploads\/2024\/09\/Fiesta-de-las-Colectividades-20.jpg?resize=300%2C200&amp;ssl=1 300w, https:\/\/i0.wp.com\/cdnoticias.com\/wp-content\/uploads\/2024\/09\/Fiesta-de-las-Colectividades-20.jpg?resize=768%2C511&amp;ssl=1 768w, https:\/\/i0.wp.com\/cdnoticias.com\/wp-content\/uploads\/2024\/09\/Fiesta-de-las-Colectividades-20.jpg?resize=272%2C182&amp;ssl=1 272w, https:\/\/i0.wp.com\/cdnoticias.com\/wp-content\/uploads\/2024\/09\/Fiesta-de-las-Colectividades-20.jpg?w=1400&amp;ssl=1 1400w\" sizes=\"auto, (max-width: 800px) 100vw, 800px\" \/><\/figure>\n\n\n\n<p>En el auditorio del Centro Cultural \u201cSan Jos\u00e9\u201d se desarrollaron las presentaciones de los coros \u201cGli Amici Tricolore\u201d de la Prof. Araceli Mazzucco, \u201cFior Di Maggio\u201d de la Prof. Araceli Mazzucco, \u201cA Viva Voz\u201d de la Prof. Marili N\u00fa\u00f1ez y el espect\u00e1culo de m\u00fasica a cargo del pianista Maximiliano Cooper de la Sociedad Francesa con el tecladista N\u00e9stor Patronelli.<\/p>\n\n\n\n<p>En el mismo espacio tambi\u00e9n se present\u00f3 la charla \u201cEuskadi: un pueblo ancestral que ama la vanguardia\u201d a cargo de Sara Pagola Aizpiri, Delegada de Euskadi en Argentina, un Taller de idioma alem\u00e1n a cargo de la Prof. Patricia Herr, la presentaci\u00f3n del trabajo antropol\u00f3gico \u201cConstruyendo la memoria colectiva y el patrimonio liban\u00e9s local: los alcances de un convenio entre Facultad de Ciencias Sociales, UNICEN y Sociedad Libanesa de Olavarr\u00eda\u201d a cargo de la Lic. Marcela Guerci, y un Taller de idioma portugu\u00e9s a cargo de la Prof. Diva Alves y la Lic. F\u00e1tima Novo. En Sala 4 hubo exposici\u00f3n de objetivos, del stand de libros: Daniel Lovano con el libro \u201cRosina\u201d, Pablo Ormaz\u00e1bal con el libro \u201cCasa Querida\u201d y Osvaldo Bugliese con Jos\u00e9 Domingo \u201cMingo\u201d Jacobo y su libro \u201cColonia Nievas \u2013Alemanes del Volga, Relatos de su Historia\u201d. Estuvo presente el Stand Family Search con averiguaci\u00f3n de \u00e1rbol geneal\u00f3gico de ancestros.<\/p>\n\n\n\n<div class=\"wp-block-jetpack-slideshow aligncenter\" data-effect=\"slide\"><div class=\"wp-block-jetpack-slideshow_container swiper-container\"><ul class=\"wp-block-jetpack-slideshow_swiper-wrapper swiper-wrapper\"><li class=\"wp-block-jetpack-slideshow_slide swiper-slide\"><figure><img data-recalc-dims=\"1\" loading=\"lazy\" decoding=\"async\" width=\"800\" height=\"532\" alt=\"\" class=\"wp-block-jetpack-slideshow_image wp-image-124399\" data-id=\"124399\" src=\"https:\/\/i0.wp.com\/cdnoticias.com\/wp-content\/uploads\/2024\/09\/Fiesta-de-las-Colectividades-2.jpg?resize=800%2C532&#038;ssl=1\" srcset=\"https:\/\/i0.wp.com\/cdnoticias.com\/wp-content\/uploads\/2024\/09\/Fiesta-de-las-Colectividades-2.jpg?resize=1024%2C681&amp;ssl=1 1024w, https:\/\/i0.wp.com\/cdnoticias.com\/wp-content\/uploads\/2024\/09\/Fiesta-de-las-Colectividades-2.jpg?resize=300%2C200&amp;ssl=1 300w, https:\/\/i0.wp.com\/cdnoticias.com\/wp-content\/uploads\/2024\/09\/Fiesta-de-las-Colectividades-2.jpg?resize=768%2C511&amp;ssl=1 768w, https:\/\/i0.wp.com\/cdnoticias.com\/wp-content\/uploads\/2024\/09\/Fiesta-de-las-Colectividades-2.jpg?resize=272%2C182&amp;ssl=1 272w, https:\/\/i0.wp.com\/cdnoticias.com\/wp-content\/uploads\/2024\/09\/Fiesta-de-las-Colectividades-2.jpg?w=1400&amp;ssl=1 1400w\" sizes=\"(max-width: 800px) 100vw, 800px\" \/><\/figure><\/li><li class=\"wp-block-jetpack-slideshow_slide swiper-slide\"><figure><img data-recalc-dims=\"1\" loading=\"lazy\" decoding=\"async\" width=\"800\" height=\"532\" alt=\"\" class=\"wp-block-jetpack-slideshow_image wp-image-124400\" data-id=\"124400\" src=\"https:\/\/i0.wp.com\/cdnoticias.com\/wp-content\/uploads\/2024\/09\/Fiesta-de-las-Colectividades-3.jpg?resize=800%2C532&#038;ssl=1\" srcset=\"https:\/\/i0.wp.com\/cdnoticias.com\/wp-content\/uploads\/2024\/09\/Fiesta-de-las-Colectividades-3.jpg?resize=1024%2C681&amp;ssl=1 1024w, https:\/\/i0.wp.com\/cdnoticias.com\/wp-content\/uploads\/2024\/09\/Fiesta-de-las-Colectividades-3.jpg?resize=300%2C200&amp;ssl=1 300w, https:\/\/i0.wp.com\/cdnoticias.com\/wp-content\/uploads\/2024\/09\/Fiesta-de-las-Colectividades-3.jpg?resize=768%2C511&amp;ssl=1 768w, https:\/\/i0.wp.com\/cdnoticias.com\/wp-content\/uploads\/2024\/09\/Fiesta-de-las-Colectividades-3.jpg?resize=272%2C182&amp;ssl=1 272w, https:\/\/i0.wp.com\/cdnoticias.com\/wp-content\/uploads\/2024\/09\/Fiesta-de-las-Colectividades-3.jpg?w=1400&amp;ssl=1 1400w\" sizes=\"(max-width: 800px) 100vw, 800px\" \/><\/figure><\/li><li class=\"wp-block-jetpack-slideshow_slide swiper-slide\"><figure><img data-recalc-dims=\"1\" loading=\"lazy\" decoding=\"async\" width=\"800\" height=\"532\" alt=\"\" class=\"wp-block-jetpack-slideshow_image wp-image-124401\" data-id=\"124401\" src=\"https:\/\/i0.wp.com\/cdnoticias.com\/wp-content\/uploads\/2024\/09\/Fiesta-de-las-Colectividades-4.jpg?resize=800%2C532&#038;ssl=1\" srcset=\"https:\/\/i0.wp.com\/cdnoticias.com\/wp-content\/uploads\/2024\/09\/Fiesta-de-las-Colectividades-4.jpg?resize=1024%2C681&amp;ssl=1 1024w, https:\/\/i0.wp.com\/cdnoticias.com\/wp-content\/uploads\/2024\/09\/Fiesta-de-las-Colectividades-4.jpg?resize=300%2C200&amp;ssl=1 300w, https:\/\/i0.wp.com\/cdnoticias.com\/wp-content\/uploads\/2024\/09\/Fiesta-de-las-Colectividades-4.jpg?resize=768%2C511&amp;ssl=1 768w, https:\/\/i0.wp.com\/cdnoticias.com\/wp-content\/uploads\/2024\/09\/Fiesta-de-las-Colectividades-4.jpg?resize=272%2C182&amp;ssl=1 272w, https:\/\/i0.wp.com\/cdnoticias.com\/wp-content\/uploads\/2024\/09\/Fiesta-de-las-Colectividades-4.jpg?w=1400&amp;ssl=1 1400w\" sizes=\"(max-width: 800px) 100vw, 800px\" \/><\/figure><\/li><li class=\"wp-block-jetpack-slideshow_slide swiper-slide\"><figure><img data-recalc-dims=\"1\" loading=\"lazy\" decoding=\"async\" width=\"800\" height=\"532\" alt=\"\" class=\"wp-block-jetpack-slideshow_image wp-image-124402\" data-id=\"124402\" src=\"https:\/\/i0.wp.com\/cdnoticias.com\/wp-content\/uploads\/2024\/09\/Fiesta-de-las-Colectividades-5.jpg?resize=800%2C532&#038;ssl=1\" srcset=\"https:\/\/i0.wp.com\/cdnoticias.com\/wp-content\/uploads\/2024\/09\/Fiesta-de-las-Colectividades-5.jpg?resize=1024%2C681&amp;ssl=1 1024w, https:\/\/i0.wp.com\/cdnoticias.com\/wp-content\/uploads\/2024\/09\/Fiesta-de-las-Colectividades-5.jpg?resize=300%2C200&amp;ssl=1 300w, https:\/\/i0.wp.com\/cdnoticias.com\/wp-content\/uploads\/2024\/09\/Fiesta-de-las-Colectividades-5.jpg?resize=768%2C511&amp;ssl=1 768w, https:\/\/i0.wp.com\/cdnoticias.com\/wp-content\/uploads\/2024\/09\/Fiesta-de-las-Colectividades-5.jpg?resize=272%2C182&amp;ssl=1 272w, https:\/\/i0.wp.com\/cdnoticias.com\/wp-content\/uploads\/2024\/09\/Fiesta-de-las-Colectividades-5.jpg?w=1400&amp;ssl=1 1400w\" sizes=\"(max-width: 800px) 100vw, 800px\" \/><\/figure><\/li><li class=\"wp-block-jetpack-slideshow_slide swiper-slide\"><figure><img data-recalc-dims=\"1\" loading=\"lazy\" decoding=\"async\" width=\"800\" height=\"532\" alt=\"\" class=\"wp-block-jetpack-slideshow_image wp-image-124403\" data-id=\"124403\" src=\"https:\/\/i0.wp.com\/cdnoticias.com\/wp-content\/uploads\/2024\/09\/Fiesta-de-las-Colectividades-7.jpg?resize=800%2C532&#038;ssl=1\" srcset=\"https:\/\/i0.wp.com\/cdnoticias.com\/wp-content\/uploads\/2024\/09\/Fiesta-de-las-Colectividades-7.jpg?resize=1024%2C681&amp;ssl=1 1024w, https:\/\/i0.wp.com\/cdnoticias.com\/wp-content\/uploads\/2024\/09\/Fiesta-de-las-Colectividades-7.jpg?resize=300%2C200&amp;ssl=1 300w, https:\/\/i0.wp.com\/cdnoticias.com\/wp-content\/uploads\/2024\/09\/Fiesta-de-las-Colectividades-7.jpg?resize=768%2C511&amp;ssl=1 768w, https:\/\/i0.wp.com\/cdnoticias.com\/wp-content\/uploads\/2024\/09\/Fiesta-de-las-Colectividades-7.jpg?resize=272%2C182&amp;ssl=1 272w, https:\/\/i0.wp.com\/cdnoticias.com\/wp-content\/uploads\/2024\/09\/Fiesta-de-las-Colectividades-7.jpg?w=1400&amp;ssl=1 1400w\" sizes=\"(max-width: 800px) 100vw, 800px\" \/><\/figure><\/li><li class=\"wp-block-jetpack-slideshow_slide swiper-slide\"><figure><img data-recalc-dims=\"1\" loading=\"lazy\" decoding=\"async\" width=\"800\" height=\"532\" alt=\"\" class=\"wp-block-jetpack-slideshow_image wp-image-124404\" data-id=\"124404\" src=\"https:\/\/i0.wp.com\/cdnoticias.com\/wp-content\/uploads\/2024\/09\/Fiesta-de-las-Colectividades-8.jpg?resize=800%2C532&#038;ssl=1\" srcset=\"https:\/\/i0.wp.com\/cdnoticias.com\/wp-content\/uploads\/2024\/09\/Fiesta-de-las-Colectividades-8.jpg?resize=1024%2C681&amp;ssl=1 1024w, https:\/\/i0.wp.com\/cdnoticias.com\/wp-content\/uploads\/2024\/09\/Fiesta-de-las-Colectividades-8.jpg?resize=300%2C200&amp;ssl=1 300w, https:\/\/i0.wp.com\/cdnoticias.com\/wp-content\/uploads\/2024\/09\/Fiesta-de-las-Colectividades-8.jpg?resize=768%2C511&amp;ssl=1 768w, https:\/\/i0.wp.com\/cdnoticias.com\/wp-content\/uploads\/2024\/09\/Fiesta-de-las-Colectividades-8.jpg?resize=272%2C182&amp;ssl=1 272w, https:\/\/i0.wp.com\/cdnoticias.com\/wp-content\/uploads\/2024\/09\/Fiesta-de-las-Colectividades-8.jpg?w=1400&amp;ssl=1 1400w\" sizes=\"(max-width: 800px) 100vw, 800px\" \/><\/figure><\/li><li class=\"wp-block-jetpack-slideshow_slide swiper-slide\"><figure><img data-recalc-dims=\"1\" loading=\"lazy\" decoding=\"async\" width=\"800\" height=\"532\" alt=\"\" class=\"wp-block-jetpack-slideshow_image wp-image-124405\" data-id=\"124405\" src=\"https:\/\/i0.wp.com\/cdnoticias.com\/wp-content\/uploads\/2024\/09\/Fiesta-de-las-Colectividades-10.jpg?resize=800%2C532&#038;ssl=1\" srcset=\"https:\/\/i0.wp.com\/cdnoticias.com\/wp-content\/uploads\/2024\/09\/Fiesta-de-las-Colectividades-10.jpg?resize=1024%2C681&amp;ssl=1 1024w, https:\/\/i0.wp.com\/cdnoticias.com\/wp-content\/uploads\/2024\/09\/Fiesta-de-las-Colectividades-10.jpg?resize=300%2C200&amp;ssl=1 300w, https:\/\/i0.wp.com\/cdnoticias.com\/wp-content\/uploads\/2024\/09\/Fiesta-de-las-Colectividades-10.jpg?resize=768%2C511&amp;ssl=1 768w, https:\/\/i0.wp.com\/cdnoticias.com\/wp-content\/uploads\/2024\/09\/Fiesta-de-las-Colectividades-10.jpg?resize=272%2C182&amp;ssl=1 272w, https:\/\/i0.wp.com\/cdnoticias.com\/wp-content\/uploads\/2024\/09\/Fiesta-de-las-Colectividades-10.jpg?w=1400&amp;ssl=1 1400w\" sizes=\"(max-width: 800px) 100vw, 800px\" \/><\/figure><\/li><li class=\"wp-block-jetpack-slideshow_slide swiper-slide\"><figure><img data-recalc-dims=\"1\" loading=\"lazy\" decoding=\"async\" width=\"800\" height=\"532\" alt=\"\" class=\"wp-block-jetpack-slideshow_image wp-image-124406\" data-id=\"124406\" src=\"https:\/\/i0.wp.com\/cdnoticias.com\/wp-content\/uploads\/2024\/09\/Fiesta-de-las-Colectividades-12.jpg?resize=800%2C532&#038;ssl=1\" srcset=\"https:\/\/i0.wp.com\/cdnoticias.com\/wp-content\/uploads\/2024\/09\/Fiesta-de-las-Colectividades-12.jpg?resize=1024%2C681&amp;ssl=1 1024w, https:\/\/i0.wp.com\/cdnoticias.com\/wp-content\/uploads\/2024\/09\/Fiesta-de-las-Colectividades-12.jpg?resize=300%2C200&amp;ssl=1 300w, https:\/\/i0.wp.com\/cdnoticias.com\/wp-content\/uploads\/2024\/09\/Fiesta-de-las-Colectividades-12.jpg?resize=768%2C511&amp;ssl=1 768w, https:\/\/i0.wp.com\/cdnoticias.com\/wp-content\/uploads\/2024\/09\/Fiesta-de-las-Colectividades-12.jpg?resize=272%2C182&amp;ssl=1 272w, https:\/\/i0.wp.com\/cdnoticias.com\/wp-content\/uploads\/2024\/09\/Fiesta-de-las-Colectividades-12.jpg?w=1400&amp;ssl=1 1400w\" sizes=\"(max-width: 800px) 100vw, 800px\" \/><\/figure><\/li><li class=\"wp-block-jetpack-slideshow_slide swiper-slide\"><figure><img data-recalc-dims=\"1\" loading=\"lazy\" decoding=\"async\" width=\"800\" height=\"532\" alt=\"\" class=\"wp-block-jetpack-slideshow_image wp-image-124407\" data-id=\"124407\" src=\"https:\/\/i0.wp.com\/cdnoticias.com\/wp-content\/uploads\/2024\/09\/Fiesta-de-las-Colectividades-13.jpg?resize=800%2C532&#038;ssl=1\" srcset=\"https:\/\/i0.wp.com\/cdnoticias.com\/wp-content\/uploads\/2024\/09\/Fiesta-de-las-Colectividades-13.jpg?resize=1024%2C681&amp;ssl=1 1024w, https:\/\/i0.wp.com\/cdnoticias.com\/wp-content\/uploads\/2024\/09\/Fiesta-de-las-Colectividades-13.jpg?resize=300%2C200&amp;ssl=1 300w, https:\/\/i0.wp.com\/cdnoticias.com\/wp-content\/uploads\/2024\/09\/Fiesta-de-las-Colectividades-13.jpg?resize=768%2C511&amp;ssl=1 768w, https:\/\/i0.wp.com\/cdnoticias.com\/wp-content\/uploads\/2024\/09\/Fiesta-de-las-Colectividades-13.jpg?resize=272%2C182&amp;ssl=1 272w, https:\/\/i0.wp.com\/cdnoticias.com\/wp-content\/uploads\/2024\/09\/Fiesta-de-las-Colectividades-13.jpg?w=1400&amp;ssl=1 1400w\" sizes=\"(max-width: 800px) 100vw, 800px\" \/><\/figure><\/li><li class=\"wp-block-jetpack-slideshow_slide swiper-slide\"><figure><img data-recalc-dims=\"1\" loading=\"lazy\" decoding=\"async\" width=\"800\" height=\"532\" alt=\"\" class=\"wp-block-jetpack-slideshow_image wp-image-124408\" data-id=\"124408\" src=\"https:\/\/i0.wp.com\/cdnoticias.com\/wp-content\/uploads\/2024\/09\/Fiesta-de-las-Colectividades-14.jpg?resize=800%2C532&#038;ssl=1\" srcset=\"https:\/\/i0.wp.com\/cdnoticias.com\/wp-content\/uploads\/2024\/09\/Fiesta-de-las-Colectividades-14.jpg?resize=1024%2C681&amp;ssl=1 1024w, https:\/\/i0.wp.com\/cdnoticias.com\/wp-content\/uploads\/2024\/09\/Fiesta-de-las-Colectividades-14.jpg?resize=300%2C200&amp;ssl=1 300w, https:\/\/i0.wp.com\/cdnoticias.com\/wp-content\/uploads\/2024\/09\/Fiesta-de-las-Colectividades-14.jpg?resize=768%2C511&amp;ssl=1 768w, https:\/\/i0.wp.com\/cdnoticias.com\/wp-content\/uploads\/2024\/09\/Fiesta-de-las-Colectividades-14.jpg?resize=272%2C182&amp;ssl=1 272w, https:\/\/i0.wp.com\/cdnoticias.com\/wp-content\/uploads\/2024\/09\/Fiesta-de-las-Colectividades-14.jpg?w=1400&amp;ssl=1 1400w\" sizes=\"(max-width: 800px) 100vw, 800px\" \/><\/figure><\/li><li class=\"wp-block-jetpack-slideshow_slide swiper-slide\"><figure><img data-recalc-dims=\"1\" loading=\"lazy\" decoding=\"async\" width=\"800\" height=\"532\" alt=\"\" class=\"wp-block-jetpack-slideshow_image wp-image-124409\" data-id=\"124409\" src=\"https:\/\/i0.wp.com\/cdnoticias.com\/wp-content\/uploads\/2024\/09\/Fiesta-de-las-Colectividades-16.jpg?resize=800%2C532&#038;ssl=1\" srcset=\"https:\/\/i0.wp.com\/cdnoticias.com\/wp-content\/uploads\/2024\/09\/Fiesta-de-las-Colectividades-16.jpg?resize=1024%2C681&amp;ssl=1 1024w, https:\/\/i0.wp.com\/cdnoticias.com\/wp-content\/uploads\/2024\/09\/Fiesta-de-las-Colectividades-16.jpg?resize=300%2C200&amp;ssl=1 300w, https:\/\/i0.wp.com\/cdnoticias.com\/wp-content\/uploads\/2024\/09\/Fiesta-de-las-Colectividades-16.jpg?resize=768%2C511&amp;ssl=1 768w, https:\/\/i0.wp.com\/cdnoticias.com\/wp-content\/uploads\/2024\/09\/Fiesta-de-las-Colectividades-16.jpg?resize=272%2C182&amp;ssl=1 272w, https:\/\/i0.wp.com\/cdnoticias.com\/wp-content\/uploads\/2024\/09\/Fiesta-de-las-Colectividades-16.jpg?w=1400&amp;ssl=1 1400w\" sizes=\"(max-width: 800px) 100vw, 800px\" \/><\/figure><\/li><li class=\"wp-block-jetpack-slideshow_slide swiper-slide\"><figure><img data-recalc-dims=\"1\" loading=\"lazy\" decoding=\"async\" width=\"800\" height=\"532\" alt=\"\" class=\"wp-block-jetpack-slideshow_image wp-image-124410\" data-id=\"124410\" src=\"https:\/\/i0.wp.com\/cdnoticias.com\/wp-content\/uploads\/2024\/09\/Fiesta-de-las-Colectividades-17.jpg?resize=800%2C532&#038;ssl=1\" srcset=\"https:\/\/i0.wp.com\/cdnoticias.com\/wp-content\/uploads\/2024\/09\/Fiesta-de-las-Colectividades-17.jpg?resize=1024%2C681&amp;ssl=1 1024w, https:\/\/i0.wp.com\/cdnoticias.com\/wp-content\/uploads\/2024\/09\/Fiesta-de-las-Colectividades-17.jpg?resize=300%2C200&amp;ssl=1 300w, https:\/\/i0.wp.com\/cdnoticias.com\/wp-content\/uploads\/2024\/09\/Fiesta-de-las-Colectividades-17.jpg?resize=768%2C511&amp;ssl=1 768w, https:\/\/i0.wp.com\/cdnoticias.com\/wp-content\/uploads\/2024\/09\/Fiesta-de-las-Colectividades-17.jpg?resize=272%2C182&amp;ssl=1 272w, https:\/\/i0.wp.com\/cdnoticias.com\/wp-content\/uploads\/2024\/09\/Fiesta-de-las-Colectividades-17.jpg?w=1400&amp;ssl=1 1400w\" sizes=\"(max-width: 800px) 100vw, 800px\" \/><\/figure><\/li><li class=\"wp-block-jetpack-slideshow_slide swiper-slide\"><figure><img data-recalc-dims=\"1\" loading=\"lazy\" decoding=\"async\" width=\"800\" height=\"532\" alt=\"\" class=\"wp-block-jetpack-slideshow_image wp-image-124411\" data-id=\"124411\" src=\"https:\/\/i0.wp.com\/cdnoticias.com\/wp-content\/uploads\/2024\/09\/Fiesta-de-las-Colectividades-20.jpg?resize=800%2C532&#038;ssl=1\" srcset=\"https:\/\/i0.wp.com\/cdnoticias.com\/wp-content\/uploads\/2024\/09\/Fiesta-de-las-Colectividades-20.jpg?resize=1024%2C681&amp;ssl=1 1024w, https:\/\/i0.wp.com\/cdnoticias.com\/wp-content\/uploads\/2024\/09\/Fiesta-de-las-Colectividades-20.jpg?resize=300%2C200&amp;ssl=1 300w, https:\/\/i0.wp.com\/cdnoticias.com\/wp-content\/uploads\/2024\/09\/Fiesta-de-las-Colectividades-20.jpg?resize=768%2C511&amp;ssl=1 768w, https:\/\/i0.wp.com\/cdnoticias.com\/wp-content\/uploads\/2024\/09\/Fiesta-de-las-Colectividades-20.jpg?resize=272%2C182&amp;ssl=1 272w, https:\/\/i0.wp.com\/cdnoticias.com\/wp-content\/uploads\/2024\/09\/Fiesta-de-las-Colectividades-20.jpg?w=1400&amp;ssl=1 1400w\" sizes=\"(max-width: 800px) 100vw, 800px\" \/><\/figure><\/li><li class=\"wp-block-jetpack-slideshow_slide swiper-slide\"><figure><img data-recalc-dims=\"1\" loading=\"lazy\" decoding=\"async\" width=\"800\" height=\"532\" alt=\"\" class=\"wp-block-jetpack-slideshow_image wp-image-124412\" data-id=\"124412\" src=\"https:\/\/i0.wp.com\/cdnoticias.com\/wp-content\/uploads\/2024\/09\/Fiesta-de-las-Colectividades-23.jpg?resize=800%2C532&#038;ssl=1\" srcset=\"https:\/\/i0.wp.com\/cdnoticias.com\/wp-content\/uploads\/2024\/09\/Fiesta-de-las-Colectividades-23.jpg?resize=1024%2C681&amp;ssl=1 1024w, https:\/\/i0.wp.com\/cdnoticias.com\/wp-content\/uploads\/2024\/09\/Fiesta-de-las-Colectividades-23.jpg?resize=300%2C200&amp;ssl=1 300w, https:\/\/i0.wp.com\/cdnoticias.com\/wp-content\/uploads\/2024\/09\/Fiesta-de-las-Colectividades-23.jpg?resize=768%2C511&amp;ssl=1 768w, https:\/\/i0.wp.com\/cdnoticias.com\/wp-content\/uploads\/2024\/09\/Fiesta-de-las-Colectividades-23.jpg?resize=272%2C182&amp;ssl=1 272w, https:\/\/i0.wp.com\/cdnoticias.com\/wp-content\/uploads\/2024\/09\/Fiesta-de-las-Colectividades-23.jpg?w=1400&amp;ssl=1 1400w\" sizes=\"(max-width: 800px) 100vw, 800px\" \/><\/figure><\/li><li class=\"wp-block-jetpack-slideshow_slide swiper-slide\"><figure><img data-recalc-dims=\"1\" loading=\"lazy\" decoding=\"async\" width=\"800\" height=\"532\" alt=\"\" class=\"wp-block-jetpack-slideshow_image wp-image-124413\" data-id=\"124413\" src=\"https:\/\/i0.wp.com\/cdnoticias.com\/wp-content\/uploads\/2024\/09\/Fiesta-de-las-Colectividades-25.jpg?resize=800%2C532&#038;ssl=1\" srcset=\"https:\/\/i0.wp.com\/cdnoticias.com\/wp-content\/uploads\/2024\/09\/Fiesta-de-las-Colectividades-25.jpg?resize=1024%2C681&amp;ssl=1 1024w, https:\/\/i0.wp.com\/cdnoticias.com\/wp-content\/uploads\/2024\/09\/Fiesta-de-las-Colectividades-25.jpg?resize=300%2C200&amp;ssl=1 300w, https:\/\/i0.wp.com\/cdnoticias.com\/wp-content\/uploads\/2024\/09\/Fiesta-de-las-Colectividades-25.jpg?resize=768%2C511&amp;ssl=1 768w, https:\/\/i0.wp.com\/cdnoticias.com\/wp-content\/uploads\/2024\/09\/Fiesta-de-las-Colectividades-25.jpg?resize=272%2C182&amp;ssl=1 272w, https:\/\/i0.wp.com\/cdnoticias.com\/wp-content\/uploads\/2024\/09\/Fiesta-de-las-Colectividades-25.jpg?w=1400&amp;ssl=1 1400w\" sizes=\"(max-width: 800px) 100vw, 800px\" \/><\/figure><\/li><li class=\"wp-block-jetpack-slideshow_slide swiper-slide\"><figure><img data-recalc-dims=\"1\" loading=\"lazy\" decoding=\"async\" width=\"800\" height=\"532\" alt=\"\" class=\"wp-block-jetpack-slideshow_image wp-image-124414\" data-id=\"124414\" src=\"https:\/\/i0.wp.com\/cdnoticias.com\/wp-content\/uploads\/2024\/09\/Fiesta-de-las-Colectividades-27.jpg?resize=800%2C532&#038;ssl=1\" srcset=\"https:\/\/i0.wp.com\/cdnoticias.com\/wp-content\/uploads\/2024\/09\/Fiesta-de-las-Colectividades-27.jpg?resize=1024%2C681&amp;ssl=1 1024w, https:\/\/i0.wp.com\/cdnoticias.com\/wp-content\/uploads\/2024\/09\/Fiesta-de-las-Colectividades-27.jpg?resize=300%2C200&amp;ssl=1 300w, https:\/\/i0.wp.com\/cdnoticias.com\/wp-content\/uploads\/2024\/09\/Fiesta-de-las-Colectividades-27.jpg?resize=768%2C511&amp;ssl=1 768w, https:\/\/i0.wp.com\/cdnoticias.com\/wp-content\/uploads\/2024\/09\/Fiesta-de-las-Colectividades-27.jpg?resize=272%2C182&amp;ssl=1 272w, https:\/\/i0.wp.com\/cdnoticias.com\/wp-content\/uploads\/2024\/09\/Fiesta-de-las-Colectividades-27.jpg?w=1400&amp;ssl=1 1400w\" sizes=\"(max-width: 800px) 100vw, 800px\" \/><\/figure><\/li><li class=\"wp-block-jetpack-slideshow_slide swiper-slide\"><figure><img data-recalc-dims=\"1\" loading=\"lazy\" decoding=\"async\" width=\"800\" height=\"532\" alt=\"\" class=\"wp-block-jetpack-slideshow_image wp-image-124415\" data-id=\"124415\" src=\"https:\/\/i0.wp.com\/cdnoticias.com\/wp-content\/uploads\/2024\/09\/Fiesta-de-las-Colectividades-31.jpg?resize=800%2C532&#038;ssl=1\" srcset=\"https:\/\/i0.wp.com\/cdnoticias.com\/wp-content\/uploads\/2024\/09\/Fiesta-de-las-Colectividades-31.jpg?resize=1024%2C681&amp;ssl=1 1024w, https:\/\/i0.wp.com\/cdnoticias.com\/wp-content\/uploads\/2024\/09\/Fiesta-de-las-Colectividades-31.jpg?resize=300%2C200&amp;ssl=1 300w, https:\/\/i0.wp.com\/cdnoticias.com\/wp-content\/uploads\/2024\/09\/Fiesta-de-las-Colectividades-31.jpg?resize=768%2C511&amp;ssl=1 768w, https:\/\/i0.wp.com\/cdnoticias.com\/wp-content\/uploads\/2024\/09\/Fiesta-de-las-Colectividades-31.jpg?resize=272%2C182&amp;ssl=1 272w, https:\/\/i0.wp.com\/cdnoticias.com\/wp-content\/uploads\/2024\/09\/Fiesta-de-las-Colectividades-31.jpg?w=1400&amp;ssl=1 1400w\" sizes=\"(max-width: 800px) 100vw, 800px\" \/><\/figure><\/li><li class=\"wp-block-jetpack-slideshow_slide swiper-slide\"><figure><img data-recalc-dims=\"1\" loading=\"lazy\" decoding=\"async\" width=\"800\" height=\"532\" alt=\"\" class=\"wp-block-jetpack-slideshow_image wp-image-124416\" data-id=\"124416\" src=\"https:\/\/i0.wp.com\/cdnoticias.com\/wp-content\/uploads\/2024\/09\/Fiesta-de-las-Colectividades-34.jpg?resize=800%2C532&#038;ssl=1\" srcset=\"https:\/\/i0.wp.com\/cdnoticias.com\/wp-content\/uploads\/2024\/09\/Fiesta-de-las-Colectividades-34.jpg?resize=1024%2C681&amp;ssl=1 1024w, https:\/\/i0.wp.com\/cdnoticias.com\/wp-content\/uploads\/2024\/09\/Fiesta-de-las-Colectividades-34.jpg?resize=300%2C200&amp;ssl=1 300w, https:\/\/i0.wp.com\/cdnoticias.com\/wp-content\/uploads\/2024\/09\/Fiesta-de-las-Colectividades-34.jpg?resize=768%2C511&amp;ssl=1 768w, https:\/\/i0.wp.com\/cdnoticias.com\/wp-content\/uploads\/2024\/09\/Fiesta-de-las-Colectividades-34.jpg?resize=272%2C182&amp;ssl=1 272w, https:\/\/i0.wp.com\/cdnoticias.com\/wp-content\/uploads\/2024\/09\/Fiesta-de-las-Colectividades-34.jpg?w=1400&amp;ssl=1 1400w\" sizes=\"(max-width: 800px) 100vw, 800px\" \/><\/figure><\/li><li class=\"wp-block-jetpack-slideshow_slide swiper-slide\"><figure><img data-recalc-dims=\"1\" loading=\"lazy\" decoding=\"async\" width=\"800\" height=\"532\" alt=\"\" class=\"wp-block-jetpack-slideshow_image wp-image-124417\" data-id=\"124417\" src=\"https:\/\/i0.wp.com\/cdnoticias.com\/wp-content\/uploads\/2024\/09\/Fiesta-de-las-Colectividades-36.jpg?resize=800%2C532&#038;ssl=1\" srcset=\"https:\/\/i0.wp.com\/cdnoticias.com\/wp-content\/uploads\/2024\/09\/Fiesta-de-las-Colectividades-36.jpg?resize=1024%2C681&amp;ssl=1 1024w, https:\/\/i0.wp.com\/cdnoticias.com\/wp-content\/uploads\/2024\/09\/Fiesta-de-las-Colectividades-36.jpg?resize=300%2C200&amp;ssl=1 300w, https:\/\/i0.wp.com\/cdnoticias.com\/wp-content\/uploads\/2024\/09\/Fiesta-de-las-Colectividades-36.jpg?resize=768%2C511&amp;ssl=1 768w, https:\/\/i0.wp.com\/cdnoticias.com\/wp-content\/uploads\/2024\/09\/Fiesta-de-las-Colectividades-36.jpg?resize=272%2C182&amp;ssl=1 272w, https:\/\/i0.wp.com\/cdnoticias.com\/wp-content\/uploads\/2024\/09\/Fiesta-de-las-Colectividades-36.jpg?w=1400&amp;ssl=1 1400w\" sizes=\"(max-width: 800px) 100vw, 800px\" \/><\/figure><\/li><li class=\"wp-block-jetpack-slideshow_slide swiper-slide\"><figure><img data-recalc-dims=\"1\" loading=\"lazy\" decoding=\"async\" width=\"800\" height=\"532\" alt=\"\" class=\"wp-block-jetpack-slideshow_image wp-image-124418\" data-id=\"124418\" src=\"https:\/\/i0.wp.com\/cdnoticias.com\/wp-content\/uploads\/2024\/09\/Fiesta-de-las-Colectividades-39.jpg?resize=800%2C532&#038;ssl=1\" srcset=\"https:\/\/i0.wp.com\/cdnoticias.com\/wp-content\/uploads\/2024\/09\/Fiesta-de-las-Colectividades-39.jpg?resize=1024%2C681&amp;ssl=1 1024w, https:\/\/i0.wp.com\/cdnoticias.com\/wp-content\/uploads\/2024\/09\/Fiesta-de-las-Colectividades-39.jpg?resize=300%2C200&amp;ssl=1 300w, https:\/\/i0.wp.com\/cdnoticias.com\/wp-content\/uploads\/2024\/09\/Fiesta-de-las-Colectividades-39.jpg?resize=768%2C511&amp;ssl=1 768w, https:\/\/i0.wp.com\/cdnoticias.com\/wp-content\/uploads\/2024\/09\/Fiesta-de-las-Colectividades-39.jpg?resize=272%2C182&amp;ssl=1 272w, https:\/\/i0.wp.com\/cdnoticias.com\/wp-content\/uploads\/2024\/09\/Fiesta-de-las-Colectividades-39.jpg?w=1400&amp;ssl=1 1400w\" sizes=\"(max-width: 800px) 100vw, 800px\" \/><\/figure><\/li><li class=\"wp-block-jetpack-slideshow_slide swiper-slide\"><figure><img data-recalc-dims=\"1\" loading=\"lazy\" decoding=\"async\" width=\"800\" height=\"532\" alt=\"\" class=\"wp-block-jetpack-slideshow_image wp-image-124419\" data-id=\"124419\" src=\"https:\/\/i0.wp.com\/cdnoticias.com\/wp-content\/uploads\/2024\/09\/Fiesta-de-las-Colectividades-42.jpg?resize=800%2C532&#038;ssl=1\" srcset=\"https:\/\/i0.wp.com\/cdnoticias.com\/wp-content\/uploads\/2024\/09\/Fiesta-de-las-Colectividades-42.jpg?resize=1024%2C681&amp;ssl=1 1024w, https:\/\/i0.wp.com\/cdnoticias.com\/wp-content\/uploads\/2024\/09\/Fiesta-de-las-Colectividades-42.jpg?resize=300%2C200&amp;ssl=1 300w, https:\/\/i0.wp.com\/cdnoticias.com\/wp-content\/uploads\/2024\/09\/Fiesta-de-las-Colectividades-42.jpg?resize=768%2C511&amp;ssl=1 768w, https:\/\/i0.wp.com\/cdnoticias.com\/wp-content\/uploads\/2024\/09\/Fiesta-de-las-Colectividades-42.jpg?resize=272%2C182&amp;ssl=1 272w, https:\/\/i0.wp.com\/cdnoticias.com\/wp-content\/uploads\/2024\/09\/Fiesta-de-las-Colectividades-42.jpg?w=1400&amp;ssl=1 1400w\" sizes=\"(max-width: 800px) 100vw, 800px\" \/><\/figure><\/li><\/ul><a class=\"wp-block-jetpack-slideshow_button-prev swiper-button-prev swiper-button-white\" role=\"button\"><\/a><a class=\"wp-block-jetpack-slideshow_button-next swiper-button-next swiper-button-white\" role=\"button\"><\/a><a aria-label=\"Pause Slideshow\" class=\"wp-block-jetpack-slideshow_button-pause\" role=\"button\"><\/a><div class=\"wp-block-jetpack-slideshow_pagination swiper-pagination swiper-pagination-white\"><\/div><\/div><\/div>\n","protected":false},"excerpt":{"rendered":"<p>El Centro Cultural San Jos\u00e9 se vio colmado de vecinos y vecinas que disfrutaron del evento denominado \u201cNuestras ra\u00edces\u201d con<\/p>\n","protected":false},"author":2,"featured_media":124406,"comment_status":"closed","ping_status":"closed","sticky":false,"template":"","format":"standard","meta":{"_jetpack_memberships_contains_paid_content":false,"footnotes":""},"categories":[9,1],"tags":[],"class_list":["post-124398","post","type-post","status-publish","format-standard","has-post-thumbnail","hentry","category-cultura","category-portada"],"jetpack_featured_media_url":"https:\/\/i0.wp.com\/cdnoticias.com\/wp-content\/uploads\/2024\/09\/Fiesta-de-las-Colectividades-12.jpg?fit=1400%2C931&ssl=1","jetpack_sharing_enabled":true,"_links":{"self":[{"href":"https:\/\/cdnoticias.com\/index.php\/wp-json\/wp\/v2\/posts\/124398","targetHints":{"allow":["GET"]}}],"collection":[{"href":"https:\/\/cdnoticias.com\/index.php\/wp-json\/wp\/v2\/posts"}],"about":[{"href":"https:\/\/cdnoticias.com\/index.php\/wp-json\/wp\/v2\/types\/post"}],"author":[{"embeddable":true,"href":"https:\/\/cdnoticias.com\/index.php\/wp-json\/wp\/v2\/users\/2"}],"replies":[{"embeddable":true,"href":"https:\/\/cdnoticias.com\/index.php\/wp-json\/wp\/v2\/comments?post=124398"}],"version-history":[{"count":0,"href":"https:\/\/cdnoticias.com\/index.php\/wp-json\/wp\/v2\/posts\/124398\/revisions"}],"wp:featuredmedia":[{"embeddable":true,"href":"https:\/\/cdnoticias.com\/index.php\/wp-json\/wp\/v2\/media\/124406"}],"wp:attachment":[{"href":"https:\/\/cdnoticias.com\/index.php\/wp-json\/wp\/v2\/media?parent=124398"}],"wp:term":[{"taxonomy":"category","embeddable":true,"href":"https:\/\/cdnoticias.com\/index.php\/wp-json\/wp\/v2\/categories?post=124398"},{"taxonomy":"post_tag","embeddable":true,"href":"https:\/\/cdnoticias.com\/index.php\/wp-json\/wp\/v2\/tags?post=124398"}],"curies":[{"name":"wp","href":"https:\/\/api.w.org\/{rel}","templated":true}]}}