{"id":124387,"date":"2024-09-02T11:11:02","date_gmt":"2024-09-02T14:11:02","guid":{"rendered":"https:\/\/cdnoticias.com\/?p=124387"},"modified":"2024-09-02T15:50:09","modified_gmt":"2024-09-02T18:50:09","slug":"por-unanimidad-declaran-emergencia-salarial-de-docentes-y-no-docentes","status":"publish","type":"post","link":"https:\/\/cdnoticias.com\/index.php\/2024\/09\/02\/por-unanimidad-declaran-emergencia-salarial-de-docentes-y-no-docentes\/","title":{"rendered":"Por unanimidad, declaran emergencia salarial de docentes y no docentes de Unicen"},"content":{"rendered":"<p>Fue en el \u00faltimo plenario del Consejo Superior. Tambi\u00e9n fue aprobado el apoyo a la Ley de Financiamiento para las Universidades P\u00fablicas. \u201cNo estamos acompa\u00f1ando los salarios con los \u00edndices inflacionarios\u201d dijo la vicerrectora Alicia Spinello.<!--more--><\/p>\n<hr \/>\n<p>En el \u00faltimo <strong>plenario del Consejo Superior de la Universidad Nacional del Centro de la Provincia de Buenos Aires (Unicen)<\/strong> declar\u00f3, por unanimidad, la <strong>emergencia salarial de docentes y no docentes<\/strong>. Tambi\u00e9n fue aprobado el<strong> apoyo a la Ley de Financiamiento para las Universidades P\u00fablicas.<\/strong><\/p>\n<p>El plenario fue extenso, se llev\u00f3 a cabo durante toda la jornada del jueves.<strong> \u201cNo estamos acompa\u00f1ando los salarios con los \u00edndices inflacionarios\u201d<\/strong>, asegur\u00f3 la <strong>vicerrectora Alicia Spinello.<\/strong><\/p>\n<blockquote><p>Con un presente poco feliz y un panorama preocupante ante el retraso de la aprobaci\u00f3n de la Ley en el Senado de la Naci\u00f3n, la Unicen decidi\u00f3 llevar adelante esta declaraci\u00f3n con el objetivo de visibilizar la problem\u00e1tica. En ese contexto, Alicia Spinello se\u00f1al\u00f3 en El Eco que \u201cen esto que se anunci\u00f3 en un momento, que<strong> l<\/strong>as universidades recibieron el 270 por ciento de aumento de su presupuesto, se gener\u00f3 una confusi\u00f3n tal que se supone que all\u00ed tambi\u00e9n est\u00e1n incluidos nuestros salarios y la verdad que el 270 por ciento ha sido para el funcionamiento, no para los salarios\u201d.<\/p><\/blockquote>\n<p>En una econom\u00eda golpeada, con un proceso inflacionario que se desaceler\u00f3 en los \u00faltimos meses pero no detiene su marcha y con salarios atrasados en todos los sectores, los docentes y no docentes que trabajan en las universidades nacionales no quedan apartados de este presente. <strong>\u201cEst\u00e1n por debajo de la l\u00ednea de la pobreza, tenemos un desfinanciamiento salarial que supera ya el 50 por ciento\u201d<\/strong>, explic\u00f3 Spinello.<\/p>\n<figure id=\"attachment_124392\" aria-describedby=\"caption-attachment-124392\" style=\"width: 800px\" class=\"wp-caption aligncenter\"><img data-recalc-dims=\"1\" loading=\"lazy\" decoding=\"async\" class=\"wp-image-124392 size-full\" src=\"https:\/\/i0.wp.com\/cdnoticias.com\/wp-content\/uploads\/2024\/09\/alicia-spinello-unicen.jpg?resize=800%2C446&#038;ssl=1\" alt=\"\" width=\"800\" height=\"446\" srcset=\"https:\/\/i0.wp.com\/cdnoticias.com\/wp-content\/uploads\/2024\/09\/alicia-spinello-unicen.jpg?w=800&amp;ssl=1 800w, https:\/\/i0.wp.com\/cdnoticias.com\/wp-content\/uploads\/2024\/09\/alicia-spinello-unicen.jpg?resize=300%2C167&amp;ssl=1 300w, https:\/\/i0.wp.com\/cdnoticias.com\/wp-content\/uploads\/2024\/09\/alicia-spinello-unicen.jpg?resize=768%2C428&amp;ssl=1 768w\" sizes=\"auto, (max-width: 800px) 100vw, 800px\" \/><figcaption id=\"caption-attachment-124392\" class=\"wp-caption-text\">Vicerrectora Alicia Spinello. Foto: El Eco.<\/figcaption><\/figure>\n<blockquote><p>Otra de las cuestiones que complica la actualidad es la imposibilidad de una negociaci\u00f3n paritaria, ya que seg\u00fan cont\u00f3 la vicerrectora, el Gobierno nacional resuelve de forma arbitraria y unilateral el porcentaje de aumento. \u201cTambi\u00e9n el gobierno en algunos comunicados dice que los salarios de los trabajadores aument\u00f3 el 71 por ciento, dato que no decimos que no es cierto, pero es cierto que la inflaci\u00f3n supera el 120 por ciento, o sea no estamos acompa\u00f1ando los salarios con los \u00edndices inflacionarios\u201d, agreg\u00f3.<\/p><\/blockquote>\n<p>Para la jornada de este lunes se espera la confecci\u00f3n de la ordenanza que luego se har\u00e1 p\u00fablica. Adem\u00e1s todo indica que <strong>para la pr\u00f3xima semana se va a llamar a una conferencia de prensa<\/strong> para emular lo sucedido durante el mes de marzo, cuando se declar\u00f3 la emergencia econ\u00f3mica.<strong> \u201cLa idea es visibilizar y comunicar a la ciudadan\u00eda para despejar toda la confusi\u00f3n que se gener\u00f3&#8221;<\/strong>, indic\u00f3.<\/p>\n<p>Vale mencionar que en el plenario realizado en la jornada del s\u00e1bado no pudo estar presente el rector de la Unicen Marcelo Aba debido a que se encontraba en La Pampa siendo parte de las reuniones que lleva a cabo Consejo Interuniversitario Nacional (CIN) para analizar la situaci\u00f3n actual. Este lunes se llevar\u00e1 a cabo el plenario del CIN y a partir de lo que resuelvan all\u00ed, se tomar\u00e1 un posicionamiento con mayor fuerza por parte de todas las universidades nacionales.<\/p>\n<h3>Una Ley fundamental<\/h3>\n<p>Adem\u00e1s de la declaraci\u00f3n de emergencia salarial, en el plenario desarrollado este jueves, la Unicen tambi\u00e9n realiz\u00f3 una declaraci\u00f3n de <strong>apoyo al tratamiento del proyecto de la Ley de Financiamiento<\/strong>. La misma cuenta con media sanci\u00f3n e iba a ser analizada en la jornada de ayer en el Senado pero su debate se traslad\u00f3 para la semana que viene.<\/p>\n<figure id=\"attachment_124391\" aria-describedby=\"caption-attachment-124391\" style=\"width: 800px\" class=\"wp-caption aligncenter\"><img data-recalc-dims=\"1\" loading=\"lazy\" decoding=\"async\" class=\"wp-image-124391 size-large\" src=\"https:\/\/i0.wp.com\/cdnoticias.com\/wp-content\/uploads\/2024\/09\/unicen-tandil.jpg?resize=800%2C445&#038;ssl=1\" alt=\"\" width=\"800\" height=\"445\" srcset=\"https:\/\/i0.wp.com\/cdnoticias.com\/wp-content\/uploads\/2024\/09\/unicen-tandil.jpg?resize=1024%2C569&amp;ssl=1 1024w, https:\/\/i0.wp.com\/cdnoticias.com\/wp-content\/uploads\/2024\/09\/unicen-tandil.jpg?resize=300%2C167&amp;ssl=1 300w, https:\/\/i0.wp.com\/cdnoticias.com\/wp-content\/uploads\/2024\/09\/unicen-tandil.jpg?resize=768%2C427&amp;ssl=1 768w, https:\/\/i0.wp.com\/cdnoticias.com\/wp-content\/uploads\/2024\/09\/unicen-tandil.jpg?resize=800%2C445&amp;ssl=1 800w, https:\/\/i0.wp.com\/cdnoticias.com\/wp-content\/uploads\/2024\/09\/unicen-tandil.jpg?w=1116&amp;ssl=1 1116w\" sizes=\"auto, (max-width: 800px) 100vw, 800px\" \/><figcaption id=\"caption-attachment-124391\" class=\"wp-caption-text\">Campus de Unicen en Tandil. Foto: Unicen.<\/figcaption><\/figure>\n<p><strong>\u201cTenemos muchas expectativas puestas en el tratamiento del proyecto\u201d<\/strong>, se\u00f1al\u00f3 Spinello que luego agreg\u00f3 que <strong>\u201csi all\u00ed se aprueba y se convierte en ley, esta situaci\u00f3n cr\u00edtica se resolver\u00eda, salvo que el Gobierno decida vetarla\u201d<\/strong>. Al mismo tiempo se\u00f1al\u00f3 que los rectores se van a reunir con los senadores, sin importar el color pol\u00edtico, ya que todos est\u00e1n solidarizados por la situaci\u00f3n cr\u00edtica que atraviesan las universidades p\u00fablicas.<\/p>\n<p>Respecto al proyecto en s\u00ed, la vicerrectora de la Unicen se\u00f1al\u00f3 que en sus nueve art\u00edculos se toma la problem\u00e1tica en su integralidad. En ese sentido explic\u00f3 que el Gobierno nacional dio respuestas a partir de la masiva marcha del 20 de abril pero solo para mantener el funcionamiento de las estructuras y no tuvo en cuenta los dem\u00e1s asuntos.<\/p>\n<blockquote><p>\u201cEl funcionamiento es el 10 por ciento del presupuesto total que se necesita para las universidades, por eso estamos tan preocupados. La universidad no se puede parcializar, se tiene que mirar en su integralidad. Podemos pagar la luz, pagar el gas, pero si no podemos sostener las aulas abiertas con docentes que den las clases o no docentes que realicen las actividades administrativas no va a haber universidad tampoco\u201d, asegur\u00f3.<\/p><\/blockquote>\n<p>Entre otras cuestiones que resuelve la ley, est\u00e1 la problem\u00e1tica de los estudiantes. All\u00ed tambi\u00e9n se presenta <strong>una situaci\u00f3n complicada para que los alumnos puedan sostener sus estudios universitarios<\/strong>. Adem\u00e1s est\u00e1 el<strong> sector cient\u00edfico tecnol\u00f3gico<\/strong> donde no est\u00e1n pudiendo obtener el equipamiento necesario para el desarrollo de la ciencia y la tecnolog\u00eda.<\/p>\n<p>\u201cLa raz\u00f3n de ser de la universidad, y donde se reconoce a nivel pa\u00eds, es el desarrollo y conocimiento que permite la resoluci\u00f3n de las grandes problem\u00e1ticas que atravesamos como sociedad, entonces tampoco podemos decir que hay universidad si no hay desarrollo de ciencia, tecnolog\u00eda o de arte. Otro de los temas que tambi\u00e9n hablamos que tambi\u00e9n este gobierno ha desfinanciado completamente\u201d, afirm\u00f3.<\/p>\n<p>Por \u00faltimo, Spinello indic\u00f3 que <strong>\u201csi logr\u00e1ramos tener la ley, la crisis podr\u00edamos decir que estar\u00eda resuelta por lo menos por el 2024. La ley nos resolver\u00eda el problema hasta que haya un presupuesto\u201d<\/strong>. Respecto a esto coment\u00f3 que despu\u00e9s deber\u00eda tratarse el presupuesto para el 2025 en el Congreso de la Naci\u00f3n, tal como lo indica la Constituci\u00f3n.<\/p>\n<p>Fuentes: <em>Unicen y diario El Eco<\/em><\/p>\n<blockquote class=\"wp-embedded-content\" data-secret=\"ZD1zOEHZqI\"><p><a href=\"https:\/\/cdnoticias.com\/index.php\/2024\/08\/13\/ruidazo-de-docentes-de-unicen-es-tremenda-la-perdida-de-poder-adquisitivo\/\">Ruidazo de docentes de Unicen: \u201ces tremenda la p\u00e9rdida de poder adquisitivo\u201d<\/a><\/p><\/blockquote>\n<p><iframe loading=\"lazy\" class=\"wp-embedded-content\" sandbox=\"allow-scripts\" security=\"restricted\" style=\"position: absolute; visibility: hidden;\" title=\"&#8220;Ruidazo de docentes de Unicen: \u201ces tremenda la p\u00e9rdida de poder adquisitivo\u201d&#8221; &#8212; Central de Noticias | Olavarr\u00eda\" src=\"https:\/\/cdnoticias.com\/index.php\/2024\/08\/13\/ruidazo-de-docentes-de-unicen-es-tremenda-la-perdida-de-poder-adquisitivo\/embed\/#?secret=vNikjp3lr2#?secret=ZD1zOEHZqI\" data-secret=\"ZD1zOEHZqI\" width=\"600\" height=\"338\" frameborder=\"0\" marginwidth=\"0\" marginheight=\"0\" scrolling=\"no\"><\/iframe><\/p>\n","protected":false},"excerpt":{"rendered":"<p>Fue en el \u00faltimo plenario del Consejo Superior. Tambi\u00e9n fue aprobado el apoyo a la Ley de Financiamiento para las<\/p>\n","protected":false},"author":4,"featured_media":53804,"comment_status":"closed","ping_status":"closed","sticky":false,"template":"","format":"standard","meta":{"_jetpack_memberships_contains_paid_content":false,"footnotes":""},"categories":[5,1],"tags":[],"class_list":["post-124387","post","type-post","status-publish","format-standard","has-post-thumbnail","hentry","category-informacion-general","category-portada"],"jetpack_featured_media_url":"https:\/\/i0.wp.com\/cdnoticias.com\/wp-content\/uploads\/2022\/05\/unicen-campus.jpg?fit=800%2C445&ssl=1","jetpack_sharing_enabled":true,"_links":{"self":[{"href":"https:\/\/cdnoticias.com\/index.php\/wp-json\/wp\/v2\/posts\/124387","targetHints":{"allow":["GET"]}}],"collection":[{"href":"https:\/\/cdnoticias.com\/index.php\/wp-json\/wp\/v2\/posts"}],"about":[{"href":"https:\/\/cdnoticias.com\/index.php\/wp-json\/wp\/v2\/types\/post"}],"author":[{"embeddable":true,"href":"https:\/\/cdnoticias.com\/index.php\/wp-json\/wp\/v2\/users\/4"}],"replies":[{"embeddable":true,"href":"https:\/\/cdnoticias.com\/index.php\/wp-json\/wp\/v2\/comments?post=124387"}],"version-history":[{"count":0,"href":"https:\/\/cdnoticias.com\/index.php\/wp-json\/wp\/v2\/posts\/124387\/revisions"}],"wp:featuredmedia":[{"embeddable":true,"href":"https:\/\/cdnoticias.com\/index.php\/wp-json\/wp\/v2\/media\/53804"}],"wp:attachment":[{"href":"https:\/\/cdnoticias.com\/index.php\/wp-json\/wp\/v2\/media?parent=124387"}],"wp:term":[{"taxonomy":"category","embeddable":true,"href":"https:\/\/cdnoticias.com\/index.php\/wp-json\/wp\/v2\/categories?post=124387"},{"taxonomy":"post_tag","embeddable":true,"href":"https:\/\/cdnoticias.com\/index.php\/wp-json\/wp\/v2\/tags?post=124387"}],"curies":[{"name":"wp","href":"https:\/\/api.w.org\/{rel}","templated":true}]}}