{"id":124371,"date":"2024-09-02T08:45:13","date_gmt":"2024-09-02T11:45:13","guid":{"rendered":"https:\/\/cdnoticias.com\/?p=124371"},"modified":"2024-09-02T08:45:15","modified_gmt":"2024-09-02T11:45:15","slug":"se-viene-la-gran-cena-anual-de-talleres-protegidos-de-olavarria","status":"publish","type":"post","link":"https:\/\/cdnoticias.com\/index.php\/2024\/09\/02\/se-viene-la-gran-cena-anual-de-talleres-protegidos-de-olavarria\/","title":{"rendered":"Se viene la gran cena anual de Talleres Protegidos de Olavarr\u00eda"},"content":{"rendered":"\n<p>Ser\u00e1 el pr\u00f3ximo 2 de noviembre en la Sociedad de Fomento Mariano Moreno. Las tarjetas ya est\u00e1n a la venta.<\/p>\n\n\n\n<hr class=\"wp-block-separator aligncenter has-alpha-channel-opacity\"\/>\n\n\n\n<p>El pr\u00f3ximo <strong>2 de noviembre, Talleres Protegidos de Olavarr\u00eda organizar\u00e1 su tradicional cena anual en el marco de los 40 a\u00f1os de su fundaci\u00f3n bajo el lema <em>\u201c40 a\u00f1os trabajando felices\u201d.<\/em><\/strong><\/p>\n\n\n\n<p>Se realizar\u00e1 en la<strong> Sociedad de Fomento Mariano Moreno en<em> \u201cesta linda costumbre de reunirnos con amigos que siempre colaboran y ayudan en nuestros proyectos y esos amigos son la comunidad que nos permite estar y llevar adelante Talleres Protegidos Olavarr\u00eda&#8221;.<\/em><\/strong><\/p>\n\n\n\n<p>La conducci\u00f3n del evento y el aporte musical estar\u00e1 a cargo de Pablo Pinochi, mientras que Dulce Morena aportar\u00e1 la alegr\u00eda y buena m\u00fasica.<\/p>\n\n\n\n<blockquote class=\"wp-block-quote is-layout-flow wp-block-quote-is-layout-flow\">\n<p>Las tarjetas ya est\u00e1n a la venta y se pueden reservar personalmente en la sede de Lavalle 2943, en los tel\u00e9fonos fijos 440 833 y 410 833 y \u201clos celulares que ustedes tienen de colaboradores y directivos\u201d.<\/p>\n<\/blockquote>\n\n\n\n<p><em>\u201cLos esperamos con muchos premios y sorpresas especiales. Si las reservan con tiempo pueden mejor organizarse con sus amigos y compartir las mesas&#8221; <\/em>cerraron desde la entidad local.<\/p>\n","protected":false},"excerpt":{"rendered":"<p>Ser\u00e1 el pr\u00f3ximo 2 de noviembre en la Sociedad de Fomento Mariano Moreno. Las tarjetas ya est\u00e1n a la venta.<\/p>\n","protected":false},"author":2,"featured_media":76965,"comment_status":"closed","ping_status":"closed","sticky":false,"template":"","format":"standard","meta":{"_jetpack_memberships_contains_paid_content":false,"footnotes":""},"categories":[5,1],"tags":[],"class_list":["post-124371","post","type-post","status-publish","format-standard","has-post-thumbnail","hentry","category-informacion-general","category-portada"],"jetpack_featured_media_url":"https:\/\/i0.wp.com\/cdnoticias.com\/wp-content\/uploads\/2023\/02\/mariano-moreno-01-scaled.jpg?fit=2560%2C1424&ssl=1","jetpack_sharing_enabled":true,"_links":{"self":[{"href":"https:\/\/cdnoticias.com\/index.php\/wp-json\/wp\/v2\/posts\/124371","targetHints":{"allow":["GET"]}}],"collection":[{"href":"https:\/\/cdnoticias.com\/index.php\/wp-json\/wp\/v2\/posts"}],"about":[{"href":"https:\/\/cdnoticias.com\/index.php\/wp-json\/wp\/v2\/types\/post"}],"author":[{"embeddable":true,"href":"https:\/\/cdnoticias.com\/index.php\/wp-json\/wp\/v2\/users\/2"}],"replies":[{"embeddable":true,"href":"https:\/\/cdnoticias.com\/index.php\/wp-json\/wp\/v2\/comments?post=124371"}],"version-history":[{"count":0,"href":"https:\/\/cdnoticias.com\/index.php\/wp-json\/wp\/v2\/posts\/124371\/revisions"}],"wp:featuredmedia":[{"embeddable":true,"href":"https:\/\/cdnoticias.com\/index.php\/wp-json\/wp\/v2\/media\/76965"}],"wp:attachment":[{"href":"https:\/\/cdnoticias.com\/index.php\/wp-json\/wp\/v2\/media?parent=124371"}],"wp:term":[{"taxonomy":"category","embeddable":true,"href":"https:\/\/cdnoticias.com\/index.php\/wp-json\/wp\/v2\/categories?post=124371"},{"taxonomy":"post_tag","embeddable":true,"href":"https:\/\/cdnoticias.com\/index.php\/wp-json\/wp\/v2\/tags?post=124371"}],"curies":[{"name":"wp","href":"https:\/\/api.w.org\/{rel}","templated":true}]}}