{"id":124288,"date":"2024-08-31T08:09:06","date_gmt":"2024-08-31T11:09:06","guid":{"rendered":"https:\/\/cdnoticias.com\/?p=124288"},"modified":"2024-08-31T08:09:08","modified_gmt":"2024-08-31T11:09:08","slug":"beatriz-santa-vitale-viuda-de-abdala-bety-q-e-p-d","status":"publish","type":"post","link":"https:\/\/cdnoticias.com\/index.php\/2024\/08\/31\/beatriz-santa-vitale-viuda-de-abdala-bety-q-e-p-d\/","title":{"rendered":"Beatriz Santa Vitale viuda de Abdala \u201cBety\u201d (Q.E.P.D.)"},"content":{"rendered":"\n<p>Falleci\u00f3 en Olavarr\u00eda el 27 de agosto de 2024 a los 86 a\u00f1os de edad. Sus hijos Araceli, Javier y Fernando Abdala; sus hijas pol\u00edticas Sergio Olondo y Ana Paula Provasi; sus nietos Gonzalo y Valentina Olondo; Manuela, Martina, Monserrat, Hanna y Mora Abdala; sus bisnietos Vicente, Sim\u00f3n, Rufina, Olivia, Pilar, Joaqu\u00edn y Lorenzo y dem\u00e1s deudos participan su fallecimiento.<\/p>\n\n\n\n<p><\/p>\n\n\n\n<p>Sus restos fueron inhumados en el cementerio Loma de Paz \u00e9ste viernes 30 a las 9:30. Vecina de Barrio Pueblo Nuevo. Nacida en Olavarr\u00eda. Jubilada y Pensionada.<\/p>\n","protected":false},"excerpt":{"rendered":"<p>Falleci\u00f3 en Olavarr\u00eda el 27 de agosto de 2024 a los 86 a\u00f1os de edad. Sus hijos Araceli, Javier y<\/p>\n","protected":false},"author":2,"featured_media":100390,"comment_status":"closed","ping_status":"closed","sticky":false,"template":"","format":"standard","meta":{"_jetpack_memberships_contains_paid_content":false,"footnotes":""},"categories":[10],"tags":[],"class_list":["post-124288","post","type-post","status-publish","format-standard","has-post-thumbnail","hentry","category-necrologicas"],"jetpack_featured_media_url":"https:\/\/i0.wp.com\/cdnoticias.com\/wp-content\/uploads\/2023\/10\/necrologicas-390-x-240.jpg?fit=390%2C240&ssl=1","jetpack_sharing_enabled":true,"_links":{"self":[{"href":"https:\/\/cdnoticias.com\/index.php\/wp-json\/wp\/v2\/posts\/124288","targetHints":{"allow":["GET"]}}],"collection":[{"href":"https:\/\/cdnoticias.com\/index.php\/wp-json\/wp\/v2\/posts"}],"about":[{"href":"https:\/\/cdnoticias.com\/index.php\/wp-json\/wp\/v2\/types\/post"}],"author":[{"embeddable":true,"href":"https:\/\/cdnoticias.com\/index.php\/wp-json\/wp\/v2\/users\/2"}],"replies":[{"embeddable":true,"href":"https:\/\/cdnoticias.com\/index.php\/wp-json\/wp\/v2\/comments?post=124288"}],"version-history":[{"count":0,"href":"https:\/\/cdnoticias.com\/index.php\/wp-json\/wp\/v2\/posts\/124288\/revisions"}],"wp:featuredmedia":[{"embeddable":true,"href":"https:\/\/cdnoticias.com\/index.php\/wp-json\/wp\/v2\/media\/100390"}],"wp:attachment":[{"href":"https:\/\/cdnoticias.com\/index.php\/wp-json\/wp\/v2\/media?parent=124288"}],"wp:term":[{"taxonomy":"category","embeddable":true,"href":"https:\/\/cdnoticias.com\/index.php\/wp-json\/wp\/v2\/categories?post=124288"},{"taxonomy":"post_tag","embeddable":true,"href":"https:\/\/cdnoticias.com\/index.php\/wp-json\/wp\/v2\/tags?post=124288"}],"curies":[{"name":"wp","href":"https:\/\/api.w.org\/{rel}","templated":true}]}}