{"id":124286,"date":"2024-08-31T08:05:53","date_gmt":"2024-08-31T11:05:53","guid":{"rendered":"https:\/\/cdnoticias.com\/?p=124286"},"modified":"2024-08-31T08:05:55","modified_gmt":"2024-08-31T11:05:55","slug":"ruben-daniel-mocciaro-bisleri-q-e-p-d","status":"publish","type":"post","link":"https:\/\/cdnoticias.com\/index.php\/2024\/08\/31\/ruben-daniel-mocciaro-bisleri-q-e-p-d\/","title":{"rendered":"Rub\u00e9n Daniel Mocciaro \u201cBisleri\u201d (Q.E.P.D.)"},"content":{"rendered":"\n<p>Falleci\u00f3 en Olavarr\u00eda el 30 de agosto de 2024 a los 76 a\u00f1os de edad. Su esposa Haydee Yolanda Leonhardt; sus hijas Marisol y Marina Mocciaro; su hijo pol\u00edtico Fabricio Irigoyemborde; sus nietas Cata y Roma; &#8220;T\u00eda Flaca&#8221;; sus hermanos; sus hermanos pol\u00edticos; sus sobrinos; sus amigos y dem\u00e1s deudos participan su fallecimiento.<\/p>\n\n\n\n<p><\/p>\n\n\n\n<p>Sus restos son velados en Espa\u00f1a 2942 departamento &#8220;B&#8221; y ser\u00e1n inhumados en el cementerio Loma de Paz este s\u00e1bado a las 14:30, previo responso en la capilla ardiente. Vecino de Barrio Belgrano. Nacido en Olavarr\u00eda. Jubilado.<\/p>\n","protected":false},"excerpt":{"rendered":"<p>Falleci\u00f3 en Olavarr\u00eda el 30 de agosto de 2024 a los 76 a\u00f1os de edad. Su esposa Haydee Yolanda Leonhardt;<\/p>\n","protected":false},"author":2,"featured_media":100390,"comment_status":"closed","ping_status":"closed","sticky":false,"template":"","format":"standard","meta":{"_jetpack_memberships_contains_paid_content":false,"footnotes":""},"categories":[10],"tags":[],"class_list":["post-124286","post","type-post","status-publish","format-standard","has-post-thumbnail","hentry","category-necrologicas"],"jetpack_featured_media_url":"https:\/\/i0.wp.com\/cdnoticias.com\/wp-content\/uploads\/2023\/10\/necrologicas-390-x-240.jpg?fit=390%2C240&ssl=1","jetpack_sharing_enabled":true,"_links":{"self":[{"href":"https:\/\/cdnoticias.com\/index.php\/wp-json\/wp\/v2\/posts\/124286","targetHints":{"allow":["GET"]}}],"collection":[{"href":"https:\/\/cdnoticias.com\/index.php\/wp-json\/wp\/v2\/posts"}],"about":[{"href":"https:\/\/cdnoticias.com\/index.php\/wp-json\/wp\/v2\/types\/post"}],"author":[{"embeddable":true,"href":"https:\/\/cdnoticias.com\/index.php\/wp-json\/wp\/v2\/users\/2"}],"replies":[{"embeddable":true,"href":"https:\/\/cdnoticias.com\/index.php\/wp-json\/wp\/v2\/comments?post=124286"}],"version-history":[{"count":0,"href":"https:\/\/cdnoticias.com\/index.php\/wp-json\/wp\/v2\/posts\/124286\/revisions"}],"wp:featuredmedia":[{"embeddable":true,"href":"https:\/\/cdnoticias.com\/index.php\/wp-json\/wp\/v2\/media\/100390"}],"wp:attachment":[{"href":"https:\/\/cdnoticias.com\/index.php\/wp-json\/wp\/v2\/media?parent=124286"}],"wp:term":[{"taxonomy":"category","embeddable":true,"href":"https:\/\/cdnoticias.com\/index.php\/wp-json\/wp\/v2\/categories?post=124286"},{"taxonomy":"post_tag","embeddable":true,"href":"https:\/\/cdnoticias.com\/index.php\/wp-json\/wp\/v2\/tags?post=124286"}],"curies":[{"name":"wp","href":"https:\/\/api.w.org\/{rel}","templated":true}]}}