{"id":12427,"date":"2021-01-28T13:56:10","date_gmt":"2021-01-28T16:56:10","guid":{"rendered":"http:\/\/www.centraldenoticias.com.ar\/?p=12427"},"modified":"2021-01-28T15:59:19","modified_gmt":"2021-01-28T18:59:19","slug":"organizan-una-movilizacion-a-ioma-en-pedido-por-implante-a-una-nina","status":"publish","type":"post","link":"https:\/\/cdnoticias.com\/index.php\/2021\/01\/28\/organizan-una-movilizacion-a-ioma-en-pedido-por-implante-a-una-nina\/","title":{"rendered":"Organizan una movilizaci\u00f3n a IOMA en pedido por implante a una ni\u00f1a"},"content":{"rendered":"<p>Se trata de una ni\u00f1a de 2 a\u00f1os y medio, que seg\u00fan denuncian, \u201cIOMA le est\u00e1 quitando la posibilidad de escuchar\u201d. Buscan que pague un implante dado que \u201ca cierta edad son m\u00e1s efectivos\u201d.<!--more--><\/p>\n<hr \/>\n<p>Tras la \u201cfalta de respuestas\u201d seg\u00fan la familia de Emilia, de 2 a\u00f1os y medio, <strong>organizan una movilizaci\u00f3n para este viernes por la ma\u00f1ana a la mutual IOMA en pedido de implantes para \u201ctener la posibilidad de escuchar\u201d.<\/strong><\/p>\n<p>&nbsp;<\/p>\n<p>La convocatoria la realizaron familiares en redes sociales: <em>\u201cEmilia tiene 2 a\u00f1os y medio, es la ni\u00f1a a la que IOMA le est\u00e1 quitando la posibilidad de escuchar\u201d<\/em>. En este sentido, se explic\u00f3 que <strong>los implantes <em>\u201cdeben realizarse a cierta edad para que puedan ser m\u00e1s efectivos\u201d<\/em><\/strong> y que la demora complica a\u00fan m\u00e1s la situaci\u00f3n.<\/p>\n<p>&nbsp;<\/p>\n<blockquote><p>El encuentro ser\u00e1 este viernes a las 09:00 horas frente a IOMA Olavarr\u00eda, en Independencia y Belgrano. \u201cEs de car\u00e1cter urgente que IOMA responda\u201d.<\/p><\/blockquote>\n<p>&nbsp;<\/p>\n<p>Finalmente, <strong>la mam\u00e1 de la ni\u00f1a indic\u00f3 que <em>\u201ces un derecho y IOMA lo est\u00e1 negando. El reclamo lo vamos a hacer con protocolo COVID, respetando uso obligatorio de barbijo y distancia. Entre todos podemos\u201d.<\/em><\/strong><\/p>\n","protected":false},"excerpt":{"rendered":"<p>Se trata de una ni\u00f1a de 2 a\u00f1os y medio, que seg\u00fan denuncian, \u201cIOMA le est\u00e1 quitando la posibilidad de<\/p>\n","protected":false},"author":2,"featured_media":12428,"comment_status":"closed","ping_status":"closed","sticky":false,"template":"","format":"standard","meta":{"_jetpack_memberships_contains_paid_content":false,"footnotes":""},"categories":[5,1],"tags":[],"class_list":["post-12427","post","type-post","status-publish","format-standard","has-post-thumbnail","hentry","category-informacion-general","category-portada"],"jetpack_featured_media_url":"https:\/\/i0.wp.com\/cdnoticias.com\/wp-content\/uploads\/2021\/01\/ioma-olavarria.jpg?fit=837%2C395&ssl=1","jetpack_sharing_enabled":true,"_links":{"self":[{"href":"https:\/\/cdnoticias.com\/index.php\/wp-json\/wp\/v2\/posts\/12427","targetHints":{"allow":["GET"]}}],"collection":[{"href":"https:\/\/cdnoticias.com\/index.php\/wp-json\/wp\/v2\/posts"}],"about":[{"href":"https:\/\/cdnoticias.com\/index.php\/wp-json\/wp\/v2\/types\/post"}],"author":[{"embeddable":true,"href":"https:\/\/cdnoticias.com\/index.php\/wp-json\/wp\/v2\/users\/2"}],"replies":[{"embeddable":true,"href":"https:\/\/cdnoticias.com\/index.php\/wp-json\/wp\/v2\/comments?post=12427"}],"version-history":[{"count":0,"href":"https:\/\/cdnoticias.com\/index.php\/wp-json\/wp\/v2\/posts\/12427\/revisions"}],"wp:featuredmedia":[{"embeddable":true,"href":"https:\/\/cdnoticias.com\/index.php\/wp-json\/wp\/v2\/media\/12428"}],"wp:attachment":[{"href":"https:\/\/cdnoticias.com\/index.php\/wp-json\/wp\/v2\/media?parent=12427"}],"wp:term":[{"taxonomy":"category","embeddable":true,"href":"https:\/\/cdnoticias.com\/index.php\/wp-json\/wp\/v2\/categories?post=12427"},{"taxonomy":"post_tag","embeddable":true,"href":"https:\/\/cdnoticias.com\/index.php\/wp-json\/wp\/v2\/tags?post=12427"}],"curies":[{"name":"wp","href":"https:\/\/api.w.org\/{rel}","templated":true}]}}