{"id":124249,"date":"2024-08-30T19:03:34","date_gmt":"2024-08-30T22:03:34","guid":{"rendered":"https:\/\/cdnoticias.com\/?p=124249"},"modified":"2024-08-30T19:03:36","modified_gmt":"2024-08-30T22:03:36","slug":"en-el-dia-de-la-abogacia-se-recibieron-nuevos-profesionales","status":"publish","type":"post","link":"https:\/\/cdnoticias.com\/index.php\/2024\/08\/30\/en-el-dia-de-la-abogacia-se-recibieron-nuevos-profesionales\/","title":{"rendered":"En el D\u00eda de la Abogac\u00eda, se recibieron nuevos profesionales"},"content":{"rendered":"\n<p>\u201cLos invito a que participen de nuestro Colegio y que sean parte activa de la instituci\u00f3n para poder defender los embates que se avecinan\u201d expres\u00f3 la Presidenta del Colegio, Doctora Mar\u00eda Fernanda Gim\u00e9nez.<\/p>\n\n\n\n<hr class=\"wp-block-separator aligncenter has-alpha-channel-opacity\"\/>\n\n\n\n<p>Este jueves, en el <strong>D\u00eda de la Abogac\u00eda<\/strong>, el Colegio fue sede de un <strong>nuevo Acto de Jura<\/strong>. All\u00ed la Presidenta del Colegio, Doctora Mar\u00eda Fernanda Gim\u00e9nez, acompa\u00f1ada por el Tesorero, Doctor Alejandro Olivera y la Secretaria del Consejo Directivo, Doctora Romina Maineri, <strong>recibieron a nuevos y nuevas profesionales que podr\u00e1n ejercer la profesi\u00f3n. <\/strong><\/p>\n\n\n\n<p><\/p>\n\n\n\n<p>Al comienzo del acto, la <strong>Doctora Romina Maineri<\/strong>, expres\u00f3: \u201cEs un privilegio que estemos reunidos hoy, el d\u00eda de la abogac\u00eda, para abrirles las puertas del Colegio. Si bien cuando ustedes rindieron la \u00faltima materia de su carrera seguro fue uno de los momentos m\u00e1s importantes de su vida, el d\u00eda de hoy es igual o m\u00e1s trascendente porque empiezan a hacer material ese sue\u00f1o que les llev\u00f3 a\u00f1os\u201d.<\/p>\n\n\n\n<p><\/p>\n\n\n\n<figure class=\"wp-block-image aligncenter size-full\"><img data-recalc-dims=\"1\" loading=\"lazy\" decoding=\"async\" width=\"800\" height=\"419\" src=\"https:\/\/i0.wp.com\/cdnoticias.com\/wp-content\/uploads\/2024\/08\/abogados-titulo1.png?resize=800%2C419&#038;ssl=1\" alt=\"\" class=\"wp-image-124251\" srcset=\"https:\/\/i0.wp.com\/cdnoticias.com\/wp-content\/uploads\/2024\/08\/abogados-titulo1.png?w=896&amp;ssl=1 896w, https:\/\/i0.wp.com\/cdnoticias.com\/wp-content\/uploads\/2024\/08\/abogados-titulo1.png?resize=300%2C157&amp;ssl=1 300w, https:\/\/i0.wp.com\/cdnoticias.com\/wp-content\/uploads\/2024\/08\/abogados-titulo1.png?resize=768%2C402&amp;ssl=1 768w, https:\/\/i0.wp.com\/cdnoticias.com\/wp-content\/uploads\/2024\/08\/abogados-titulo1.png?resize=390%2C205&amp;ssl=1 390w\" sizes=\"auto, (max-width: 800px) 100vw, 800px\" \/><\/figure>\n\n\n\n<p><\/p>\n\n\n\n<p>A su vez, agreg\u00f3: <em>\u201cEjerzan la profesi\u00f3n con humildad, honestidad y compromiso social, tengan en cuenta siempre esos preceptos para ejercer la profesi\u00f3n y sepan que las puertas del Colegio van a estar y est\u00e1n siempre abiertas para todos ustedes, ya sean ac\u00e1 en Azul o en las Subsedes de Olavarr\u00eda y Tandil, todas las personas que trabajan en el Colegio est\u00e1n a disposici\u00f3n para ayudarlos\u201d.<\/em><\/p>\n\n\n\n<p><\/p>\n\n\n\n<p>Por su parte, <strong>la Presidenta del Colegio, Doctora Mar\u00eda Fernanda Gim\u00e9nez<\/strong>, enfatiz\u00f3: <strong>\u201c<\/strong><em>Los invito a no solo a que trabajen y que honren todos los principios de la abogac\u00eda y que lo hagan con lealtad y \u00e9tica, sino tambi\u00e9n a que participen de nuestro Colegio y que sean parte activa de la instituci\u00f3n para poder defender los embates que se avecinan\u201d.<\/em><\/p>\n\n\n\n<p><\/p>\n\n\n\n<p>Asimismo, Gim\u00e9nez agreg\u00f3: \u201cTenemos que tener como base, como gu\u00eda de nuestro ejercicio de la profesi\u00f3n, la interrelaci\u00f3n entre nosotros como colegas, la unidad de la abogac\u00eda, porque vemos que en estos tiempos m\u00e1s dif\u00edciles vienen avasallamientos contra la profesi\u00f3n\u201d.<\/p>\n\n\n\n<p><\/p>\n\n\n\n<p>\u201cComo Colegio estamos posicionados en la defensa no s\u00f3lo de la incumbencia como abogados, sino tambi\u00e9n en el compromiso de mostrar a nuestros a nuestra ciudadan\u00eda, cu\u00e1les son las p\u00e9rdidas en t\u00e9rminos de derechos, que van a tener con estas consecuencias\u201d cerr\u00f3.<\/p>\n\n\n\n<p><\/p>\n\n\n\n<p class=\"has-medium-font-size\"><strong>Nuevos matriculados y matriculadas<\/strong><\/p>\n\n\n\n<ul class=\"wp-block-list\">\n<li>De Azul juraron: Ail\u00e9n Seoane, Silvia Alicia Pagola, Noelia Bel\u00e9n Ar\u00e9valo, Juan Mart\u00edn Adami (Procurador), Mat\u00edas Alzamendi (Procurador).<\/li>\n<\/ul>\n\n\n\n<ul class=\"wp-block-list\">\n<li>De Tandil juraron: Andrea Jesica Castro, Mar\u00eda Luj\u00e1n Fortunato, Ignacio Ariel Cabezas Kirchner, Enzo Vitolo, Juan Manuel Vannoni.<\/li>\n<\/ul>\n\n\n\n<ul class=\"wp-block-list\">\n<li>De Bol\u00edvar: Luciano Pucci.<\/li>\n<\/ul>\n\n\n\n<ul class=\"wp-block-list\">\n<li>De Rauch: Mar\u00eda Mercedes Beheran.<\/li>\n<\/ul>\n","protected":false},"excerpt":{"rendered":"<p>\u201cLos invito a que participen de nuestro Colegio y que sean parte activa de la instituci\u00f3n para poder defender los<\/p>\n","protected":false},"author":6,"featured_media":124250,"comment_status":"closed","ping_status":"closed","sticky":false,"template":"","format":"standard","meta":{"_jetpack_memberships_contains_paid_content":false,"footnotes":""},"categories":[5,1],"tags":[],"class_list":["post-124249","post","type-post","status-publish","format-standard","has-post-thumbnail","hentry","category-informacion-general","category-portada"],"jetpack_featured_media_url":"https:\/\/i0.wp.com\/cdnoticias.com\/wp-content\/uploads\/2024\/08\/abogados-titulo.png?fit=894%2C433&ssl=1","jetpack_sharing_enabled":true,"_links":{"self":[{"href":"https:\/\/cdnoticias.com\/index.php\/wp-json\/wp\/v2\/posts\/124249","targetHints":{"allow":["GET"]}}],"collection":[{"href":"https:\/\/cdnoticias.com\/index.php\/wp-json\/wp\/v2\/posts"}],"about":[{"href":"https:\/\/cdnoticias.com\/index.php\/wp-json\/wp\/v2\/types\/post"}],"author":[{"embeddable":true,"href":"https:\/\/cdnoticias.com\/index.php\/wp-json\/wp\/v2\/users\/6"}],"replies":[{"embeddable":true,"href":"https:\/\/cdnoticias.com\/index.php\/wp-json\/wp\/v2\/comments?post=124249"}],"version-history":[{"count":0,"href":"https:\/\/cdnoticias.com\/index.php\/wp-json\/wp\/v2\/posts\/124249\/revisions"}],"wp:featuredmedia":[{"embeddable":true,"href":"https:\/\/cdnoticias.com\/index.php\/wp-json\/wp\/v2\/media\/124250"}],"wp:attachment":[{"href":"https:\/\/cdnoticias.com\/index.php\/wp-json\/wp\/v2\/media?parent=124249"}],"wp:term":[{"taxonomy":"category","embeddable":true,"href":"https:\/\/cdnoticias.com\/index.php\/wp-json\/wp\/v2\/categories?post=124249"},{"taxonomy":"post_tag","embeddable":true,"href":"https:\/\/cdnoticias.com\/index.php\/wp-json\/wp\/v2\/tags?post=124249"}],"curies":[{"name":"wp","href":"https:\/\/api.w.org\/{rel}","templated":true}]}}