{"id":124243,"date":"2024-09-03T17:32:50","date_gmt":"2024-09-03T20:32:50","guid":{"rendered":"https:\/\/cdnoticias.com\/?p=124243"},"modified":"2024-09-03T17:32:52","modified_gmt":"2024-09-03T20:32:52","slug":"taller-sobre-escritura-en-braille-en-el-centro-cultural-universitario","status":"publish","type":"post","link":"https:\/\/cdnoticias.com\/index.php\/2024\/09\/03\/taller-sobre-escritura-en-braille-en-el-centro-cultural-universitario\/","title":{"rendered":"Taller sobre Escritura en Braille en el Centro Cultural Universitario"},"content":{"rendered":"\n<p>Estar\u00e1 dictado por la Licenciada Agustina Brisa a partir del 13 de septiembre. Se encuentra la inscripci\u00f3n abierta.<\/p>\n\n\n\n<hr class=\"wp-block-separator aligncenter has-alpha-channel-opacity\"\/>\n\n\n\n<p>A partir de septiembre, se dictar\u00e1 en el <strong>Centro Cultural Universitario<\/strong>, ubicado en San Mart\u00edn 1955, un <strong>taller presencial sobre escritura en Braille.<\/strong><\/p>\n\n\n\n<p><\/p>\n\n\n\n<p>El objetivo es proporcionar a las y los participantes las <strong>herramientas necesarias para conocer y utilizar el sistema Braille, <\/strong>una t\u00e9cnica esencial para la <strong>inclusi\u00f3n de personas con discapacidad visual en diversos contextos.<\/strong><\/p>\n\n\n\n<p><\/p>\n\n\n\n<blockquote class=\"wp-block-quote is-layout-flow wp-block-quote-is-layout-flow\">\n<p>La propuesta, que dictar\u00e1 la Licenciada en Comunicaci\u00f3n Social Agustina Brisa, dar\u00e1 inicio el viernes 13 de septiembre a las 17 horas y se extender\u00e1 a lo largo de 8 encuentros de una hora cada uno. <\/p>\n<\/blockquote>\n\n\n\n<p><\/p>\n\n\n\n<p>El Braille es un <strong>sistema de lectoescritura <\/strong>que permite a personas con baja visi\u00f3n severa o ceguera total<strong> acceder a la informaci\u00f3n y participar plenamente en la vida cotidiana.<\/strong><\/p>\n\n\n\n<p><\/p>\n\n\n\n<p>El taller est\u00e1 dise\u00f1ado para ense\u00f1ar los fundamentos del <strong>alfabeto Braille y su aplicaci\u00f3n<\/strong> en diferentes situaciones, desde materiales de lectura hasta se\u00f1al\u00e9tica en espacios p\u00fablicos y privados.<\/p>\n\n\n\n<p><\/p>\n\n\n\n<p>Este taller forma parte del programa \u201cConectARTE\u201d, organizado por Cultura UNICEN y el Centro Cultural Universitario de Olavarr\u00eda, con el objetivo de fomentar encuentros art\u00edsticos y culturales mediante talleres, charlas y capacitaciones para toda la comunidad.<\/p>\n\n\n\n<p><\/p>\n\n\n\n<p>El taller<strong> es abierto al p\u00fablico en general,<\/strong> y se invita <strong>principalmente a artistas <\/strong>que realicen presentaciones en espacios p\u00fablicos y privados para que puedan incorporar la escritura en Braille en sus obras y proyectos.<\/p>\n\n\n\n<p><\/p>\n\n\n\n<p>Los <strong>cupos son limitados<\/strong>. Para inscribirte, deber\u00e1s completar el formulario <a href=\"https:\/\/docs.google.com\/forms\/d\/e\/1FAIpQLSc92dkngJFcp-TiejGMEx-DBz7FZyps8ydYlZXkOWYXyYo1Yw\/viewform\" target=\"_blank\" rel=\"noreferrer noopener\">disponible aqu\u00ed. <\/a>Por consultas es posible comunicarse a <a href=\"mailto:cursos@virtual.soc.unicen.edu.ar\">cursos@virtual.soc.unicen.edu.ar<\/a>.<\/p>\n","protected":false},"excerpt":{"rendered":"<p>Estar\u00e1 dictado por la Licenciada Agustina Brisa a partir del 13 de septiembre. Se encuentra la inscripci\u00f3n abierta. A partir<\/p>\n","protected":false},"author":6,"featured_media":81938,"comment_status":"closed","ping_status":"closed","sticky":false,"template":"","format":"standard","meta":{"_jetpack_memberships_contains_paid_content":false,"footnotes":""},"categories":[5,1],"tags":[],"class_list":["post-124243","post","type-post","status-publish","format-standard","has-post-thumbnail","hentry","category-informacion-general","category-portada"],"jetpack_featured_media_url":"https:\/\/i0.wp.com\/cdnoticias.com\/wp-content\/uploads\/2023\/04\/Centro-Cultural-Universitario-1.jpg?fit=1280%2C712&ssl=1","jetpack_sharing_enabled":true,"_links":{"self":[{"href":"https:\/\/cdnoticias.com\/index.php\/wp-json\/wp\/v2\/posts\/124243","targetHints":{"allow":["GET"]}}],"collection":[{"href":"https:\/\/cdnoticias.com\/index.php\/wp-json\/wp\/v2\/posts"}],"about":[{"href":"https:\/\/cdnoticias.com\/index.php\/wp-json\/wp\/v2\/types\/post"}],"author":[{"embeddable":true,"href":"https:\/\/cdnoticias.com\/index.php\/wp-json\/wp\/v2\/users\/6"}],"replies":[{"embeddable":true,"href":"https:\/\/cdnoticias.com\/index.php\/wp-json\/wp\/v2\/comments?post=124243"}],"version-history":[{"count":0,"href":"https:\/\/cdnoticias.com\/index.php\/wp-json\/wp\/v2\/posts\/124243\/revisions"}],"wp:featuredmedia":[{"embeddable":true,"href":"https:\/\/cdnoticias.com\/index.php\/wp-json\/wp\/v2\/media\/81938"}],"wp:attachment":[{"href":"https:\/\/cdnoticias.com\/index.php\/wp-json\/wp\/v2\/media?parent=124243"}],"wp:term":[{"taxonomy":"category","embeddable":true,"href":"https:\/\/cdnoticias.com\/index.php\/wp-json\/wp\/v2\/categories?post=124243"},{"taxonomy":"post_tag","embeddable":true,"href":"https:\/\/cdnoticias.com\/index.php\/wp-json\/wp\/v2\/tags?post=124243"}],"curies":[{"name":"wp","href":"https:\/\/api.w.org\/{rel}","templated":true}]}}