{"id":124212,"date":"2024-09-01T16:39:37","date_gmt":"2024-09-01T19:39:37","guid":{"rendered":"https:\/\/cdnoticias.com\/?p=124212"},"modified":"2024-09-01T16:39:53","modified_gmt":"2024-09-01T19:39:53","slug":"nuevo-acto-de-firma-de-escrituras-sociales-se-firmaran-166-titulos-de-propiedad","status":"publish","type":"post","link":"https:\/\/cdnoticias.com\/index.php\/2024\/09\/01\/nuevo-acto-de-firma-de-escrituras-sociales-se-firmaran-166-titulos-de-propiedad\/","title":{"rendered":"Nuevo acto de firma de escrituras sociales: se firmar\u00e1n 166 t\u00edtulos de propiedad"},"content":{"rendered":"\n<p>Ser\u00e1 el pr\u00f3ximo viernes 6 de septiembre a las 13 horas en el Sal\u00f3n Rivadavia.<\/p>\n\n\n\n<hr class=\"wp-block-separator has-alpha-channel-opacity\"\/>\n\n\n\n<p>Un <strong>nuevo acto de firma de escrituras sociales<\/strong> se realizar\u00e1 impulsado por la Municipalidad de Olavarr\u00eda, Escriban\u00eda General de Gobierno y el Instituto de la Vivienda de la provincia de Buenos Aires.<\/p>\n\n\n\n<p><\/p>\n\n\n\n<p>La cita ser\u00e1 el d\u00eda<strong> 6 de septiembre a las 13 horas, en el Sal\u00f3n Rivadavia<\/strong> y contar\u00e1 con la presencia del Intendente Municipal Maximiliano Wesner, la Jefa de Gobierno Mercedes Land\u00edvar, el Director de Casa de Tierras y Regularizaci\u00f3n Dominial, Juan S\u00e1nchez, funcionarios Provinciales de la Escriban\u00eda General de Gobierno, entre otros.<\/p>\n\n\n\n<p><\/p>\n\n\n\n<blockquote class=\"wp-block-quote is-layout-flow wp-block-quote-is-layout-flow\">\n<p>En esta oportunidad se firmar\u00e1n 166 t\u00edtulos de propiedad, correspondiendo 142 a la Ley 10.830 y 24 a la operatoria del Instituto de la Vivienda.<\/p>\n<\/blockquote>\n\n\n\n<p><\/p>\n\n\n\n<p>Desde la Direcci\u00f3n de Casa de Tierras y Regularizaci\u00f3n Dominial, se informa que<strong> las personas citadas en el presente listado, deber\u00e1n concurrir con media hora de antelaci\u00f3n para su acreditaci\u00f3n, siendo importante en esta oportunidad presentarse con documento de identidad y fotocopia del mismo, constancias de CUIL o CUIT.<\/strong> En caso de estar divorciados <strong>copia simple de la sentencia de divorcio<\/strong>. En caso de presentarse en car\u00e1cter de apoderado\/a deber\u00e1 presentar el poder original.<\/p>\n\n\n\n<p><\/p>\n\n\n\n<p><strong>Citaci\u00f3n<\/strong><\/p>\n\n\n\n<p>Alba, Mirta Ester \/\/ Alberti, Mar\u00eda Nilda \u2013 Gauna, Carolina Estefan\u00eda \/\/ Albin, Guadalupe \u2013 L\u00f3pez, Esteban Javier \/\/ \u00c1lvarez, Juan Domingo \/\/ Aravena Arcurio, Sergio David \u2013 Enrique, Belena \/\/ Ar\u00e9valo, Olga Beatriz \/\/ Arrieta, Ra\u00fal Alberto \u2013 Sosa, Adriana Melisa \/\/ \u00c1vila, Evelyn Anal\u00eda \/\/ Bahl, Luis Florentino \u2013 Wagner, Beatriz Etel \/\/ Bar\u00f3n, M\u00f3nica Cecilia \u2013 Scotton, Jorge Alberto \/\/ Barrera, Natalia Ailen \u2013 Resentera, Gabriel Alfredo \/\/ Blua, Pablo Rub\u00e9n \u2013 Santell\u00e1n, Carina Anah\u00ed \/\/ Bramajo, Noelia Lorena \/\/ Bruzzone, Paula Mariana \u2013 Larrode, Gaston Hugo \/\/ Burgart, Marcelo Gabriel \u2013 Burgart, Norma Beatriz \/\/ Cabrera, Mar\u00eda Julia \u2013 Mar\u00edn, Emmanuel Rub\u00e9n \/\/ Cahp, Sandra Paola \/\/ Camalbide, Sebasti\u00e1n Marcelo -Rodr\u00edguez, Virginia \/\/ Cardozo, Pamela Magdalena Victoria \u2013 Vence, Santo \/\/ Cavalieri, Ricardo Marcelo \u2013 Fr\u00edas, Silvana Mariet \/\/ Cazot Laplace, Fiorella \u2013 Vel\u00e1zquez, Mariano Ezequiel \/\/ Clavellino, \u00c9rica Ana Mar\u00eda \u2013 Pejer Barrionuevo, Hugo Andr\u00e9s \/\/ Cometta, Mar\u00eda Raquel \u2013 Valdez, Ignacio \u2013 Valdez, Lorenzo Agust\u00edn \/\/ Rodr\u00edguez Mart\u00edn Miguel \/\/ Correa, Mario Daniel \u2013 Montenegro, Laura Beatriz \/\/ Costello, Carlos Alberto \u2013 Navarro, Mar\u00eda Teresa \/\/ Crespo, Marisa Juana \u2013 Ripoll, Miguel \u00c1ngel \/\/ Danciul, Romina Natalia \/\/ De Souza, Mar\u00eda De Los \u00c1ngeles \/\/ Delle Tesse, Odilma Mar\u00eda \u2013 Ponce, Pedro Isidro \/\/ Dentaro, Laura Flavia \u2013 Garc\u00eda, Adriana Daniela \u2013 Saavedra, Florencia Juliana \u2013 Saavedra, Jonatan Gustavo \u2013 Saavedra, Oscar Alberto \u2013 Saavedra, Roc\u00edo \u2013 Saavedra, Sergio Martin \/\/ D\u2019Onofrio, Karina Natalia \/\/ Escobar, Norberto Antonio \u2013 Lezcano, Gladys Graciela \/\/ Espaldet, Aixa Leonela \u2013 Masson, Alan Claus \/\/ Far\u00edas, Norma Gladys \/\/ Fern\u00e1ndez, Cristian Eduardo \u2013 Huertas, Carolina Andrea \/\/ Ferreyra, Evelin Roc\u00edo Fe \/\/ Ferro, Roberto Omar \u2013 Linares, Roc\u00edo Soledad \/\/ Fleitas, Natalia Soledad \u2013 Pereira, Diego Martin \/\/ Franco, Marcela Esther \/\/ Funes, Juli\u00e1n Enrique \/\/ Gallastegui, Irma Noem\u00ed \/\/ Gallo, Lorena Andrea \u2013 Medina, Rub\u00e9n Edgardo \/\/ Garc\u00eda, Claudia Alejandra \/\/ Gonz\u00e1lez, Carolina Bel\u00e9n \/\/ Haedo, Gerardo Hern\u00e1n \u2013 Ram\u00edrez, Julieta Elizabeth \/\/ Herrera, Mar\u00eda Rosa \/\/ Hipedinger, Irma Maribel \u2013 Lopetegui, Juan Luis \/\/ Ibarra, Jonatan Ricardo \u2013 Salicio Gisele Alejandra \/\/ Larraz, Paola Carina \/\/ Lemma, Osvaldo Daniel \/\/ Linares, Ra\u00fal Antonio \u2013 Melo Garc\u00eda, Natalia Soledad \/\/ Lucio, N\u00e9stor German \u2013 Rodr\u00edguez, \u00c9rica Paola \/\/ Lurbet, Rogelio Ricardo \/\/ Magallanes, Sergio Antonio \/\/ Maibach, Carmen Clara \/\/ Mancilla, Laura Antonella \/\/ Masson, Araceli Isabel \/\/ Medina, M\u00f3nica Mercedes \u2013 P\u00e9rez, Jorge An\u00edbal \/\/ Mendiz\u00e1bal, Mar\u00eda Susana \/\/ Mi\u00f1o, Guillermo Ram\u00f3n \u2013 Rivas Molinas, Olga Remilda \/\/ Molinari, Mar\u00eda Lujan \/\/ Oca\u00f1a, Marcos Alejandro \u2013 Videla, Joana Araceli \/\/ Ochoa, Carlos Alberto \u2013 Tobio, Olga Isabel \/\/ Ojeda, Mirta Haydee \/\/ Olivera, Sergio Daniel \u2013 Risso Saavedra, Camila \u2013 Nuestro Hogar Asociaci\u00f3n Civil \/\/ Ortega, Lucrecia Romina \/\/ Paiz, Ana Laura \/\/ Pardo, Eduardo Atilio \/\/ Paz, Vanina Celeste \u2013 V\u00e1zquez, Carlos Alberto \/\/ P\u00e9rez, N\u00e9stor Fabi\u00e1n \/\/ Pibuel, Cristian Daniel \u2013 Pibuel, Romina Soledad \/\/ Pibuel, Marcelo Javier \u2013 Rollhaiser, Marcelo Javier \/\/ Piccione, Clara Esther \/\/ Rode, Mat\u00edas Emiliano \/\/ Rodr\u00edguez, Cesar Omar \/\/ Rossi, Leonardo \/\/ Salle, Claudio Javier \/\/ Sanchez, Carlos Alberto \u2013 Urbina, Ver\u00f3nica Andrea \/\/ Schwerdt, Mercedes Griselda \/\/ Sterz, Federico Oscar \/\/ Striebeck, Romina Ester \u2013 Della Maggiora, Jos\u00e9 Pedro \/\/ Suarez, Mar\u00eda Cristina \u2013 Suarez, Oscar Alfredo \/\/ Urban, Yanina Pamela \/\/ Vivas, Rosana Adriana \/\/ Yaben, Guillermo Horacio.<\/p>\n\n\n\n<p><\/p>\n\n\n\n<blockquote class=\"wp-block-quote is-layout-flow wp-block-quote-is-layout-flow\">\n<p>Se hace saber a toda aquella persona que cuenta con un tr\u00e1mite de escrituraci\u00f3n social iniciado en la Direcci\u00f3n y que no est\u00e1 citada en esta oportunidad por la Escriban\u00eda General de Gobierno, se le recuerda que todos los expedientes contin\u00faan su curso y pr\u00f3ximamente ser\u00e1n convocados.<\/p>\n<\/blockquote>\n\n\n\n<p><\/p>\n\n\n\n<p><strong>M\u00e1s informaci\u00f3n<\/strong><\/p>\n\n\n\n<p>Para consultas dirigirse a la Direcci\u00f3n de Casa de Tierras y Regulaci\u00f3n Dominial, sito en Rivadavia N\u00b0 2861 \u2013 Olavarr\u00eda o comunicarse al Tel 440442 int, 1750-1753 de 7:30 a 12:30 horas.<\/p>\n","protected":false},"excerpt":{"rendered":"<p>Ser\u00e1 el pr\u00f3ximo viernes 6 de septiembre a las 13 horas en el Sal\u00f3n Rivadavia. Un nuevo acto de firma<\/p>\n","protected":false},"author":2,"featured_media":104844,"comment_status":"closed","ping_status":"closed","sticky":false,"template":"","format":"standard","meta":{"_jetpack_memberships_contains_paid_content":false,"footnotes":""},"categories":[5,1],"tags":[],"class_list":["post-124212","post","type-post","status-publish","format-standard","has-post-thumbnail","hentry","category-informacion-general","category-portada"],"jetpack_featured_media_url":"https:\/\/i0.wp.com\/cdnoticias.com\/wp-content\/uploads\/2023\/12\/escrituras-03.jpg?fit=800%2C450&ssl=1","jetpack_sharing_enabled":true,"_links":{"self":[{"href":"https:\/\/cdnoticias.com\/index.php\/wp-json\/wp\/v2\/posts\/124212","targetHints":{"allow":["GET"]}}],"collection":[{"href":"https:\/\/cdnoticias.com\/index.php\/wp-json\/wp\/v2\/posts"}],"about":[{"href":"https:\/\/cdnoticias.com\/index.php\/wp-json\/wp\/v2\/types\/post"}],"author":[{"embeddable":true,"href":"https:\/\/cdnoticias.com\/index.php\/wp-json\/wp\/v2\/users\/2"}],"replies":[{"embeddable":true,"href":"https:\/\/cdnoticias.com\/index.php\/wp-json\/wp\/v2\/comments?post=124212"}],"version-history":[{"count":0,"href":"https:\/\/cdnoticias.com\/index.php\/wp-json\/wp\/v2\/posts\/124212\/revisions"}],"wp:featuredmedia":[{"embeddable":true,"href":"https:\/\/cdnoticias.com\/index.php\/wp-json\/wp\/v2\/media\/104844"}],"wp:attachment":[{"href":"https:\/\/cdnoticias.com\/index.php\/wp-json\/wp\/v2\/media?parent=124212"}],"wp:term":[{"taxonomy":"category","embeddable":true,"href":"https:\/\/cdnoticias.com\/index.php\/wp-json\/wp\/v2\/categories?post=124212"},{"taxonomy":"post_tag","embeddable":true,"href":"https:\/\/cdnoticias.com\/index.php\/wp-json\/wp\/v2\/tags?post=124212"}],"curies":[{"name":"wp","href":"https:\/\/api.w.org\/{rel}","templated":true}]}}