{"id":124185,"date":"2024-08-30T17:05:30","date_gmt":"2024-08-30T20:05:30","guid":{"rendered":"https:\/\/cdnoticias.com\/?p=124185"},"modified":"2024-08-30T21:02:37","modified_gmt":"2024-08-31T00:02:37","slug":"en-un-allanamiento-dieron-con-articulos-robados","status":"publish","type":"post","link":"https:\/\/cdnoticias.com\/index.php\/2024\/08\/30\/en-un-allanamiento-dieron-con-articulos-robados\/","title":{"rendered":"En un allanamiento dieron con art\u00edculos robados"},"content":{"rendered":"<p>Fue en una vivienda de Las Heras al 1200. Prendas de vestir y electrodom\u00e9sticos, entre los bienes incautados. Hay un hombre imputado por \u201churto\u201d.<!--more--><\/p>\n<hr \/>\n<p>Este jueves se concret\u00f3 un <strong>allanamiento en una vivienda<\/strong> en el marco de una i<strong>nvestigaci\u00f3n por robo<\/strong>. El resultado fue positivo.<\/p>\n<p>Se inform\u00f3 desde la <strong>Comisar\u00eda Primera<\/strong> que el operativo tuvo lugar en una casa de <strong>Las Heras al 1200<\/strong>. Las actuaciones se llevan adelante como <strong>\u201churto\u201d<\/strong> a cargo de la <strong>UFI N\u00ba 10<\/strong> que encabeza el ayudante fiscal Jos\u00e9 Iturralde. Se destac\u00f3 que<strong> un hombre de 30 a\u00f1os est\u00e1 imputado como autor del il\u00edcito.<\/strong><\/p>\n<blockquote><p>En el allanamiento se secuestraron numerosos art\u00edculos: valija de viaje, plancha de pelo, secarropa, prendas varias de vestir de adolescentes y ni\u00f1os, caloventor, mochila, CPU y tel\u00e9fono celular.<\/p><\/blockquote>\n<p>Todos los elementos fueron trasladados a la Comisar\u00eda Primera.<\/p>\n","protected":false},"excerpt":{"rendered":"<p>Fue en una vivienda de Las Heras al 1200. Prendas de vestir y electrodom\u00e9sticos, entre los bienes incautados. Hay un<\/p>\n","protected":false},"author":4,"featured_media":124186,"comment_status":"closed","ping_status":"closed","sticky":false,"template":"","format":"standard","meta":{"_jetpack_memberships_contains_paid_content":false,"footnotes":""},"categories":[14,1],"tags":[],"class_list":["post-124185","post","type-post","status-publish","format-standard","has-post-thumbnail","hentry","category-policiales","category-portada"],"jetpack_featured_media_url":"https:\/\/i0.wp.com\/cdnoticias.com\/wp-content\/uploads\/2024\/08\/las-heras-1200-allanamiento.jpg?fit=1000%2C556&ssl=1","jetpack_sharing_enabled":true,"_links":{"self":[{"href":"https:\/\/cdnoticias.com\/index.php\/wp-json\/wp\/v2\/posts\/124185","targetHints":{"allow":["GET"]}}],"collection":[{"href":"https:\/\/cdnoticias.com\/index.php\/wp-json\/wp\/v2\/posts"}],"about":[{"href":"https:\/\/cdnoticias.com\/index.php\/wp-json\/wp\/v2\/types\/post"}],"author":[{"embeddable":true,"href":"https:\/\/cdnoticias.com\/index.php\/wp-json\/wp\/v2\/users\/4"}],"replies":[{"embeddable":true,"href":"https:\/\/cdnoticias.com\/index.php\/wp-json\/wp\/v2\/comments?post=124185"}],"version-history":[{"count":0,"href":"https:\/\/cdnoticias.com\/index.php\/wp-json\/wp\/v2\/posts\/124185\/revisions"}],"wp:featuredmedia":[{"embeddable":true,"href":"https:\/\/cdnoticias.com\/index.php\/wp-json\/wp\/v2\/media\/124186"}],"wp:attachment":[{"href":"https:\/\/cdnoticias.com\/index.php\/wp-json\/wp\/v2\/media?parent=124185"}],"wp:term":[{"taxonomy":"category","embeddable":true,"href":"https:\/\/cdnoticias.com\/index.php\/wp-json\/wp\/v2\/categories?post=124185"},{"taxonomy":"post_tag","embeddable":true,"href":"https:\/\/cdnoticias.com\/index.php\/wp-json\/wp\/v2\/tags?post=124185"}],"curies":[{"name":"wp","href":"https:\/\/api.w.org\/{rel}","templated":true}]}}