{"id":124172,"date":"2024-08-29T21:05:54","date_gmt":"2024-08-30T00:05:54","guid":{"rendered":"https:\/\/cdnoticias.com\/?p=124172"},"modified":"2024-08-29T21:05:56","modified_gmt":"2024-08-30T00:05:56","slug":"fallecio-saquito-fundador-de-la-cooperativa-viento-en-contra","status":"publish","type":"post","link":"https:\/\/cdnoticias.com\/index.php\/2024\/08\/29\/fallecio-saquito-fundador-de-la-cooperativa-viento-en-contra\/","title":{"rendered":"Falleci\u00f3 \u201cSaquito\u201d fundador de la Cooperativa \u201cViento en Contra\u201d"},"content":{"rendered":"\n<p>Ten\u00eda 67 a\u00f1os. Desde el MTE lo recordaron como \u201cel primero que crey\u00f3 en esto\u201d y el fundador \u201cdel movimiento de los cartoneros, los pobres, de los negros\u201d.<\/p>\n\n\n\n<hr class=\"wp-block-separator aligncenter has-alpha-channel-opacity\"\/>\n\n\n\n<p>Este jueves,<strong> falleci\u00f3 a los 67 a\u00f1os Oscar Alberto Labosca, o como mejor se lo conoc\u00eda, \u201cSaquito\u201d uno de los fundadores de la Cooperativa de cartoneros \u201cViento en Contra\u201d<\/strong> un s\u00edmbolo en los \u00faltimos a\u00f1os en nuestra ciudad.<\/p>\n\n\n\n<p>Desde el MTE lo recordaron como<strong><em> \u201cel fundador del movimiento, del movimiento de los cartoneros, de los pobres, de los negros\u201d.<\/em><\/strong><\/p>\n\n\n\n<figure class=\"wp-block-image size-large\"><img data-recalc-dims=\"1\" loading=\"lazy\" decoding=\"async\" width=\"800\" height=\"800\" src=\"https:\/\/i0.wp.com\/cdnoticias.com\/wp-content\/uploads\/2024\/08\/saquito-mte1.jpg?resize=800%2C800&#038;ssl=1\" alt=\"\" class=\"wp-image-124174\" srcset=\"https:\/\/i0.wp.com\/cdnoticias.com\/wp-content\/uploads\/2024\/08\/saquito-mte1.jpg?resize=1024%2C1024&amp;ssl=1 1024w, https:\/\/i0.wp.com\/cdnoticias.com\/wp-content\/uploads\/2024\/08\/saquito-mte1.jpg?resize=300%2C300&amp;ssl=1 300w, https:\/\/i0.wp.com\/cdnoticias.com\/wp-content\/uploads\/2024\/08\/saquito-mte1.jpg?resize=150%2C150&amp;ssl=1 150w, https:\/\/i0.wp.com\/cdnoticias.com\/wp-content\/uploads\/2024\/08\/saquito-mte1.jpg?resize=768%2C768&amp;ssl=1 768w, https:\/\/i0.wp.com\/cdnoticias.com\/wp-content\/uploads\/2024\/08\/saquito-mte1.jpg?w=1080&amp;ssl=1 1080w\" sizes=\"auto, (max-width: 800px) 100vw, 800px\" \/><\/figure>\n\n\n\n<p>Emiliano Llorente, integrante del espacio, lo record\u00f3 en redes sociales como<em><strong> \u201cel que siempre estuvo ah\u00ed, si hab\u00eda movida, si hab\u00eda gomas quemadas, si hab\u00eda que luchar, sin duda te dabas vuelta y sab\u00edas que estaba ah\u00ed\u201d.<\/strong><\/em><\/p>\n\n\n\n<blockquote class=\"wp-block-quote is-layout-flow wp-block-quote-is-layout-flow\">\n<p>\u201cHoy se fue el que siempre estuvo ah\u00ed. Desde el principio. El primero. El n\u00famero uno del movimiento. Hoy se fue el primero que crey\u00f3. El que siempre nos banco\u201d.<\/p>\n<\/blockquote>\n\n\n\n<p>Se\u00f1al\u00f3 que \u201cse fue f\u00edsicamente\u201d pero \u201c<em><strong>queda una parte en cada compa\u00f1ero que hoy tiene una vida m\u00e1s digna gracias a vos\u201d.<\/strong><\/em><\/p>\n\n\n\n<figure class=\"wp-block-image size-large\"><img data-recalc-dims=\"1\" loading=\"lazy\" decoding=\"async\" width=\"800\" height=\"800\" src=\"https:\/\/i0.wp.com\/cdnoticias.com\/wp-content\/uploads\/2024\/08\/saquito-mte2.jpg?resize=800%2C800&#038;ssl=1\" alt=\"\" class=\"wp-image-124175\" srcset=\"https:\/\/i0.wp.com\/cdnoticias.com\/wp-content\/uploads\/2024\/08\/saquito-mte2.jpg?resize=1024%2C1024&amp;ssl=1 1024w, https:\/\/i0.wp.com\/cdnoticias.com\/wp-content\/uploads\/2024\/08\/saquito-mte2.jpg?resize=300%2C300&amp;ssl=1 300w, https:\/\/i0.wp.com\/cdnoticias.com\/wp-content\/uploads\/2024\/08\/saquito-mte2.jpg?resize=150%2C150&amp;ssl=1 150w, https:\/\/i0.wp.com\/cdnoticias.com\/wp-content\/uploads\/2024\/08\/saquito-mte2.jpg?resize=768%2C768&amp;ssl=1 768w, https:\/\/i0.wp.com\/cdnoticias.com\/wp-content\/uploads\/2024\/08\/saquito-mte2.jpg?w=1080&amp;ssl=1 1080w\" sizes=\"auto, (max-width: 800px) 100vw, 800px\" \/><\/figure>\n\n\n\n<p><strong><em>\u201cTe vamos a extra\u00f1ar compa\u00f1ero. Te queremos mucho. Te fuiste sabiendo que lo lograste amigo, que lo que hablamos y so\u00f1amos, est\u00e1 pasando, aunque a muchos no les guste, aunque lloren los caretas\u201d <\/em><\/strong>cerr\u00f3 Llorente.<\/p>\n\n\n\n<p>Cabe se\u00f1alar que sus restos ser\u00e1n velados hasta las 00:00 y reabre a las 07:30 horas de este viernes en la Sala de Espa\u00f1a 2942, Departamento \u201cA\u201d e inhumados en el Cementerio Loma de Paz a las 11:30 horas.<\/p>\n","protected":false},"excerpt":{"rendered":"<p>Ten\u00eda 67 a\u00f1os. Desde el MTE lo recordaron como \u201cel primero que crey\u00f3 en esto\u201d y el fundador \u201cdel movimiento<\/p>\n","protected":false},"author":2,"featured_media":124173,"comment_status":"closed","ping_status":"closed","sticky":false,"template":"","format":"standard","meta":{"_jetpack_memberships_contains_paid_content":false,"footnotes":""},"categories":[5,1],"tags":[],"class_list":["post-124172","post","type-post","status-publish","format-standard","has-post-thumbnail","hentry","category-informacion-general","category-portada"],"jetpack_featured_media_url":"https:\/\/i0.wp.com\/cdnoticias.com\/wp-content\/uploads\/2024\/08\/saquito-mte.jpg?fit=1000%2C600&ssl=1","jetpack_sharing_enabled":true,"_links":{"self":[{"href":"https:\/\/cdnoticias.com\/index.php\/wp-json\/wp\/v2\/posts\/124172","targetHints":{"allow":["GET"]}}],"collection":[{"href":"https:\/\/cdnoticias.com\/index.php\/wp-json\/wp\/v2\/posts"}],"about":[{"href":"https:\/\/cdnoticias.com\/index.php\/wp-json\/wp\/v2\/types\/post"}],"author":[{"embeddable":true,"href":"https:\/\/cdnoticias.com\/index.php\/wp-json\/wp\/v2\/users\/2"}],"replies":[{"embeddable":true,"href":"https:\/\/cdnoticias.com\/index.php\/wp-json\/wp\/v2\/comments?post=124172"}],"version-history":[{"count":0,"href":"https:\/\/cdnoticias.com\/index.php\/wp-json\/wp\/v2\/posts\/124172\/revisions"}],"wp:featuredmedia":[{"embeddable":true,"href":"https:\/\/cdnoticias.com\/index.php\/wp-json\/wp\/v2\/media\/124173"}],"wp:attachment":[{"href":"https:\/\/cdnoticias.com\/index.php\/wp-json\/wp\/v2\/media?parent=124172"}],"wp:term":[{"taxonomy":"category","embeddable":true,"href":"https:\/\/cdnoticias.com\/index.php\/wp-json\/wp\/v2\/categories?post=124172"},{"taxonomy":"post_tag","embeddable":true,"href":"https:\/\/cdnoticias.com\/index.php\/wp-json\/wp\/v2\/tags?post=124172"}],"curies":[{"name":"wp","href":"https:\/\/api.w.org\/{rel}","templated":true}]}}