{"id":124134,"date":"2024-08-29T17:31:08","date_gmt":"2024-08-29T20:31:08","guid":{"rendered":"https:\/\/cdnoticias.com\/?p=124134"},"modified":"2024-08-29T17:31:10","modified_gmt":"2024-08-29T20:31:10","slug":"abierta-la-inscripcion-al-programa-de-fomento-a-la-fruticultura-bonaerense","status":"publish","type":"post","link":"https:\/\/cdnoticias.com\/index.php\/2024\/08\/29\/abierta-la-inscripcion-al-programa-de-fomento-a-la-fruticultura-bonaerense\/","title":{"rendered":"Abierta la inscripci\u00f3n al Programa de Fomento a la Fruticultura Bonaerense"},"content":{"rendered":"<p>Los interesados podr\u00e1n inscribirse hasta el 12 de septiembre. Comprende capacitaci\u00f3n, entrega de \u00e1rboles y fortalecimiento de cadenas productivas frut\u00edcolas.<!--more--><\/p>\n<hr \/>\n<p>El Municipio, a trav\u00e9s de la <strong>Direcci\u00f3n de Desarrollo Agropecuario de la Secretar\u00eda de Desarrollo Econ\u00f3mico y Productivo<\/strong>, informa que<strong> se encuentra abierta la inscripci\u00f3n para el Programa de Fomento a la Fruticultura Bonaerense<\/strong>, perteneciente al Ministerio de Desarrollo Agrario de la Provincia de Buenos Aires.<\/p>\n<p>La convocatoria a dicho programa se encuentra abierta. <strong>Los interesados podr\u00e1n inscribirse hasta el 12 de septiembre<\/strong>, a trav\u00e9s de la p\u00e1gina web del Ministerio (<a href=\"https:\/\/mi.mda.gba.gob.ar\/login\" target=\"_blank\" rel=\"noopener\">https:\/\/mi.mda.gba.gob.ar\/login<\/a>).<\/p>\n<p>Esta iniciativa tiene la finalidad de<strong> fortalecer el desarrollo de la actividad en la Provincia<\/strong>, <strong>fomentando la diversidad productiva<\/strong>, sustentable y sostenible, el aumento de la superficie, el agregado de valor local y el arraigo. Est\u00e1 destinada a asociaciones y productores en general, cooperativas, municipios, instituciones de bien p\u00fablico, cooperadoras, e instituciones educativas.<\/p>\n<blockquote><p>El Programa comprende la capacitaci\u00f3n a nuevos productores, la entrega de \u00e1rboles para la ampliaci\u00f3n y diversificaci\u00f3n de montes frutales, el desarrollo de montes frut\u00edcolas experimentales y demostrativos en instituciones educativas y gubernamentales, adem\u00e1s del fortalecimiento de las distintas fases de las cadenas productivas frut\u00edcolas. Este a\u00f1o se prev\u00e9 la entrega de ejemplares frutales de frambuesa, zarzamora, olivo, limonero, mandarino, naranja de ombligo y naranja de jugo.<\/p><\/blockquote>\n<p>Para obtener m\u00e1s informaci\u00f3n del programa o acompa\u00f1amiento en la presentaci\u00f3n dirigirse a la <strong>Direcci\u00f3n de Desarrollo Agropecuario<\/strong> ubicada en Moreno 2765, llamar o escribir al 02284-15519762 o por mail a desarrolloagropecuario@olavarria.gov.ar.<\/p>\n","protected":false},"excerpt":{"rendered":"<p>Los interesados podr\u00e1n inscribirse hasta el 12 de septiembre. Comprende capacitaci\u00f3n, entrega de \u00e1rboles y fortalecimiento de cadenas productivas frut\u00edcolas.<\/p>\n","protected":false},"author":4,"featured_media":47159,"comment_status":"closed","ping_status":"closed","sticky":false,"template":"","format":"standard","meta":{"_jetpack_memberships_contains_paid_content":false,"footnotes":""},"categories":[5,1],"tags":[],"class_list":["post-124134","post","type-post","status-publish","format-standard","has-post-thumbnail","hentry","category-informacion-general","category-portada"],"jetpack_featured_media_url":"https:\/\/i0.wp.com\/cdnoticias.com\/wp-content\/uploads\/2022\/02\/DIB-frutas-y-verduras-696x464-1.jpg?fit=696%2C464&ssl=1","jetpack_sharing_enabled":true,"_links":{"self":[{"href":"https:\/\/cdnoticias.com\/index.php\/wp-json\/wp\/v2\/posts\/124134","targetHints":{"allow":["GET"]}}],"collection":[{"href":"https:\/\/cdnoticias.com\/index.php\/wp-json\/wp\/v2\/posts"}],"about":[{"href":"https:\/\/cdnoticias.com\/index.php\/wp-json\/wp\/v2\/types\/post"}],"author":[{"embeddable":true,"href":"https:\/\/cdnoticias.com\/index.php\/wp-json\/wp\/v2\/users\/4"}],"replies":[{"embeddable":true,"href":"https:\/\/cdnoticias.com\/index.php\/wp-json\/wp\/v2\/comments?post=124134"}],"version-history":[{"count":0,"href":"https:\/\/cdnoticias.com\/index.php\/wp-json\/wp\/v2\/posts\/124134\/revisions"}],"wp:featuredmedia":[{"embeddable":true,"href":"https:\/\/cdnoticias.com\/index.php\/wp-json\/wp\/v2\/media\/47159"}],"wp:attachment":[{"href":"https:\/\/cdnoticias.com\/index.php\/wp-json\/wp\/v2\/media?parent=124134"}],"wp:term":[{"taxonomy":"category","embeddable":true,"href":"https:\/\/cdnoticias.com\/index.php\/wp-json\/wp\/v2\/categories?post=124134"},{"taxonomy":"post_tag","embeddable":true,"href":"https:\/\/cdnoticias.com\/index.php\/wp-json\/wp\/v2\/tags?post=124134"}],"curies":[{"name":"wp","href":"https:\/\/api.w.org\/{rel}","templated":true}]}}