{"id":124121,"date":"2024-08-29T12:18:49","date_gmt":"2024-08-29T15:18:49","guid":{"rendered":"https:\/\/cdnoticias.com\/?p=124121"},"modified":"2024-08-29T17:10:23","modified_gmt":"2024-08-29T20:10:23","slug":"fisu-entrega-formal-a-las-112-familias-adjudicatarias-de-las-tenencias-de-los-lotes","status":"publish","type":"post","link":"https:\/\/cdnoticias.com\/index.php\/2024\/08\/29\/fisu-entrega-formal-a-las-112-familias-adjudicatarias-de-las-tenencias-de-los-lotes\/","title":{"rendered":"FISU: entrega formal a las 112 familias adjudicatarias de las tenencias de los lotes"},"content":{"rendered":"\n<p>Ser\u00e1 este viernes 30 de agosto, a las 19 horas, en el Sal\u00f3n Rivadavia. Se realizar\u00e1 la firma y entrega de decretos y actas de tenencia provisoria a los adjudicatarios, que fueron beneficiados en el sorteo p\u00fablico realizado en el mes de julio.<\/p>\n\n\n\n<hr class=\"wp-block-separator has-alpha-channel-opacity\"\/>\n\n\n\n<p>En el marco del convenio establecido entre el Municipio de Olavarr\u00eda y el FISU (Fondo de Integraci\u00f3n Socio Urbana) como resultado del desarrollo del Proyecto de \u201cLotes con Servicios\u201d, se llevar\u00e1 cabo<strong> el viernes 30 de agosto, el acto de firma y entrega de los decretos y actas de tenencia provisoria a cada uno de los adjudicatarios.<\/strong><\/p>\n\n\n\n<p><\/p>\n\n\n\n<blockquote class=\"wp-block-quote is-layout-flow wp-block-quote-is-layout-flow\">\n<p>Ser\u00e1 a las 19 horas en el Sal\u00f3n Rivadavia (Rivadavia 2879) y estar\u00e1 encabezado por el intendente Maximiliano Wesner, autoridades municipales y funcionarios del FISU.<\/p>\n<\/blockquote>\n\n\n\n<p><\/p>\n\n\n\n<p>Cabe aclarar que los adjudicatarios de los 112 lotes, destinados a grupos familiares, fueron beneficiados en e<a href=\"https:\/\/cdnoticias.com\/index.php\/2024\/07\/13\/el-municipio-de-olavarria-realizo-el-sorteo-de-los-112-lotes-con-servicios\/\" data-type=\"link\" data-id=\"https:\/\/cdnoticias.com\/index.php\/2024\/07\/13\/el-municipio-de-olavarria-realizo-el-sorteo-de-los-112-lotes-con-servicios\/\">l sorteo p\u00fablico realizado el pasado 12 de julio.<\/a><\/p>\n\n\n\n<p><\/p>\n\n\n\n<p>Posteriormente se confeccion\u00f3<strong> un expediente por cada beneficiario<\/strong> con la informaci\u00f3n de su situaci\u00f3n habitacional, los datos catastrales del lote asignado y un taller obligatorio donde se les informa sobre los derechos y deberes a cumplimentar en este proceso de construcci\u00f3n del anhelado sue\u00f1o de la casa propia.<\/p>\n\n\n\n<p><\/p>\n\n\n\n<blockquote class=\"wp-block-quote is-layout-flow wp-block-quote-is-layout-flow\">\n<p>Las personas citadas deber\u00e1n presentarse en el Sal\u00f3n Rivadavia, el d\u00eda viernes 30 de agosto, a las 18 horas, a efectos de firmar y retirar la documentaci\u00f3n respectiva.<\/p>\n<\/blockquote>\n\n\n\n<p><\/p>\n\n\n\n<p><strong>Citaci\u00f3n<\/strong><\/p>\n\n\n\n<p><\/p>\n\n\n\n<p>Abalo Eliana Cinthia, Agostinone Silvana Elida, Ag\u00fcero Karen Analia y Armando Kevin Miguel, Andreasen Digeronimo Joel Leonel, Avalos Jes\u00fas Aurelio y Dom\u00ednguez Vanesa Yanina, Bah\u00eda Gabriela Eugenia y Mendiz\u00e1bal Lucas Ezequiel, Balbuena Evangelina y Bellender Alfredo Enrique, Baltazar Montenegro Norma y V\u00e1squez Panoso Ramiro, Barrios Sergio Ariel y Bah\u00eda Agustina, Batistoni Sandra Gabriela y Silva Tulio Andr\u00e9s, Bautista Cruz Deisy y Soruco Fern\u00e1ndez Ariel, Bochmann Francisco Dami\u00e1n y Sangel Mar\u00eda Clara, Cabrera Patricia Edith, Cano Liliana Raquel, Casenave Cabrera Milena Camila e Irazar Miguel \u00c1ngel, Cerioni Florencia Beatriz, Cerioni Micaela Agustina, Colman C\u00e9sar Emmanuel, C\u00f3rdoba Mar\u00eda Eugenia, Coria Johana Jazm\u00edn, Cortona Laura Marcela, Cos Mariela Liliana, Cueto Jorgelina Oriana Denise, Czarnik Carla Agustina y Colesigno Miguel Horacio, D\u00edaz Quiroz Oriana Andrea y Matos Gustavo Daniel, Donatelli Ezequiel Luis y Lazcano Mar\u00eda Laura, Doucede Lorena Paola y Toranza Carlos Daniel, Dupuy Ver\u00f3nica Hayde, Enrique Alexis Leonel y Borsi Micaela Soledad, Fagundez Sergio Nahuel y Cucaresse Calaz Mar\u00eda P\u00eda, Feling Minerva Dionisia y Medrano Alejandro Ismael, Ferrer D\u00edaz Francisco y Agust\u00edn Llancafilo Elizabeth Sof\u00eda, Fritz Cintia Berenice, Gait\u00e1n Mar\u00eda Eugenia, Gallastegui Sandra Esther, Gallo Karina Elizabeth, Goizueta Franco Xavier, G\u00f3mez Mar\u00eda Esther y Leonardo Osvaldo Ra\u00fal, Gonz\u00e1lez Cristina del Mar y Cabrera Jonatan, Guevara Paola Edith, Hall Marta Alejandra y Acosta Luis Alberto, Herrera Graciela Noem\u00ed, Ib\u00e1\u00f1ez Roc\u00edo Gisele, Iraz\u00e1bal Roc\u00edo y Silva Pablo Jos\u00e9, Iriarte B\u00e1rbara Anabela, Irigoyemborde Estefan\u00eda Soledad y Garc\u00eda Juan Maximiliano, Kippes Yanina Soledad y Acosta Lerme Nahuel Iv\u00e1n, Laffitte Karen, Ligore Camila Yael , L\u00f3pez Cisneros Johanna Soledad y Cucaresse Lucas Daniel, L\u00f3pez Mariana Natalia, L\u00f3pez Melisa Florencia, Maldonado Marianela, Mancilla Mar\u00eda Bel\u00e9n, Mar\u00edn Castro Gloria Mar\u00eda, Mar\u00edn Norma Mariana y Linares Mat\u00edas Germ\u00e1n, Marquetta Liliana Carina, Mart\u00ednez Roberto y Orellano Vanina Marisol, Matos Jennifer Edith y Herrera Marcos Alejandro, Matos Mario Ra\u00fal y Daglio Florencia Eliana, Matos Silvia Leonor, Meccia Ver\u00f3nica Elisabet y Simerman Luciano Ariel, Menghi Florencia Jazm\u00edn, Menguil Fabiana Anah\u00ed, Meyer Horacio Fernando, Monteleone Agostina y Marmouget Jos\u00e9 Rodrigo, Navarro Nava Luis Miguel y Matos Ortiz Sindy Yaneth, Negrette Mar\u00eda Jos\u00e9 y Giacomaso Maximiliano Oscar, N\u00fa\u00f1ez Mar\u00eda Luz Antonela, Olgu\u00edn Lucas Andr\u00e9s y G\u00f3mez Eva Susana, Ort\u00edz Victoria Gisele y Albarengue Mauricio Horacio, Pacheco Marcela Alejandra y Leal Oscar Ismael, Pacheco M\u00e9ndez Simeone y Gonz\u00e1lez Quintana Librada, Palacios Daiana Abigail y Gonz\u00e1lez Sebasti\u00e1n Daniel, Palacios Paz Santiago Nahuel y Ber\u00f3n Luciana Luj\u00e1n, Pasucci Ornela Florencia y Scipioni Juan Emilio, Pati\u00f1o Claudia, Pedrosa Laila Daniela, Pender Vanesa Ivone y Bianchi Rodr\u00edguez Lucas H\u00e9ctor Alberto, Peralta Ana Mar\u00eda, Peralta Karen Melisa, Peralta Nelson Ariel, Pintos Mar\u00eda Fernanda y Paz Braian Edgar Emanuel, Pintos Ricardo Nicol\u00e1s, Pintos Yamila Stefania Luciana y Salvareschi N\u00e9stor Dami\u00e1n, Pi\u00f1el Gisele Antonella y Santiago Acu\u00f1a Gustavo Emmanuel, Ponce Leandro Gast\u00f3n y Mart\u00ednez Ana Elisa, Quiroga Viviana Ester, Ramos Mar\u00eda Daniela, Rebello Roc\u00edo Yanet y Rollano Luis Nazario, Recavarren Magdalena y Ciochi Emilio Alberto, Rey Shirley y Alberca Mar\u00eda Soledad, Riboa Mar\u00eda Candela y Gabriel Juan Manuel, Rivolta Silvia Beatriz, Rodr\u00edguez Mar\u00eda Luj\u00e1n, Rossi Ivana Yamila, Sajama Ana Beatriz y V\u00e1zquez Marcelino, Salazar Micaela Natalia e Iturralde H\u00e9ctor Omar, Salerno Mar\u00eda Micaela y Burelli Alberto Waldemar, Sanabria Camila Giselle, Santilli Luis Maximiliano y Crespo Estefan\u00eda Soledad, Sierra Mar\u00eda Luz, Surget Mar\u00eda Agustina y Bem\u00f3n Ra\u00fal Esteban, Tolosa Ricardo Jes\u00fas Maximiliano, Ulco Velorio Jorge Roberto, Urbina Ana Bel\u00e9n y Easarret Miguel \u00c1ngel, Vallejos Laura Cristina, V\u00e1zquez Nicol\u00e1s Inocencio Daniel y Junger Milagros Marisol, Viera Lucas Mat\u00edas y Nexhip Cintia Gisela, Villamayor Maximiliano David y Accarino Camila Ail\u00e9n, Villenave Marisa Susana, Zapata Milagros Antonella y Vivas Luciano Nicol\u00e1s.<\/p>\n","protected":false},"excerpt":{"rendered":"<p>Ser\u00e1 este viernes 30 de agosto, a las 19 horas, en el Sal\u00f3n Rivadavia. Se realizar\u00e1 la firma y entrega<\/p>\n","protected":false},"author":2,"featured_media":124122,"comment_status":"closed","ping_status":"closed","sticky":false,"template":"","format":"standard","meta":{"_jetpack_memberships_contains_paid_content":false,"footnotes":""},"categories":[5,1],"tags":[],"class_list":["post-124121","post","type-post","status-publish","format-standard","has-post-thumbnail","hentry","category-informacion-general","category-portada"],"jetpack_featured_media_url":"https:\/\/i0.wp.com\/cdnoticias.com\/wp-content\/uploads\/2024\/08\/sorteo-FISU-1024x681-1.jpg?fit=800%2C445&ssl=1","jetpack_sharing_enabled":true,"_links":{"self":[{"href":"https:\/\/cdnoticias.com\/index.php\/wp-json\/wp\/v2\/posts\/124121","targetHints":{"allow":["GET"]}}],"collection":[{"href":"https:\/\/cdnoticias.com\/index.php\/wp-json\/wp\/v2\/posts"}],"about":[{"href":"https:\/\/cdnoticias.com\/index.php\/wp-json\/wp\/v2\/types\/post"}],"author":[{"embeddable":true,"href":"https:\/\/cdnoticias.com\/index.php\/wp-json\/wp\/v2\/users\/2"}],"replies":[{"embeddable":true,"href":"https:\/\/cdnoticias.com\/index.php\/wp-json\/wp\/v2\/comments?post=124121"}],"version-history":[{"count":0,"href":"https:\/\/cdnoticias.com\/index.php\/wp-json\/wp\/v2\/posts\/124121\/revisions"}],"wp:featuredmedia":[{"embeddable":true,"href":"https:\/\/cdnoticias.com\/index.php\/wp-json\/wp\/v2\/media\/124122"}],"wp:attachment":[{"href":"https:\/\/cdnoticias.com\/index.php\/wp-json\/wp\/v2\/media?parent=124121"}],"wp:term":[{"taxonomy":"category","embeddable":true,"href":"https:\/\/cdnoticias.com\/index.php\/wp-json\/wp\/v2\/categories?post=124121"},{"taxonomy":"post_tag","embeddable":true,"href":"https:\/\/cdnoticias.com\/index.php\/wp-json\/wp\/v2\/tags?post=124121"}],"curies":[{"name":"wp","href":"https:\/\/api.w.org\/{rel}","templated":true}]}}