{"id":124107,"date":"2024-08-29T13:27:48","date_gmt":"2024-08-29T16:27:48","guid":{"rendered":"https:\/\/cdnoticias.com\/?p=124107"},"modified":"2024-08-29T13:27:50","modified_gmt":"2024-08-29T16:27:50","slug":"desaparicion-de-woldryk-los-acusados-pidieron-juicio-abreviado","status":"publish","type":"post","link":"https:\/\/cdnoticias.com\/index.php\/2024\/08\/29\/desaparicion-de-woldryk-los-acusados-pidieron-juicio-abreviado\/","title":{"rendered":"Desaparici\u00f3n de Woldryk: los acusados pidieron juicio abreviado"},"content":{"rendered":"<p>Los dos detenidos acusados de extorsi\u00f3n contra el trabajador rural de Bol\u00edvar solicitaron aceptaron una pena unificada de 10 a\u00f1os y 8 meses de prisi\u00f3n.<!--more--><\/p>\n<hr \/>\n<p>A <strong>m\u00e1s de dos a\u00f1os de la desaparici\u00f3n de Juan Woldryk<\/strong>, un trabajador rural, en la localidad de Bol\u00edvar se conoci\u00f3 que <strong>los acusados<\/strong> por el hecho <strong>pidieron un juicio abreviado.<\/strong><\/p>\n<p>Est\u00e1 acreditado que Woldryk <strong>fue v\u00edctima del delito de extorsi\u00f3n<\/strong> y que ese fue el desencadenante de su desaparici\u00f3n. Al respecto,<strong> la fiscal Julia Mar\u00eda Sebasti\u00e1n de la UFI N\u00ba 15<\/strong> de la vecina localidad solicit\u00f3 oportunamente la <strong>detenci\u00f3n de Luis Miguel Galeano G\u00f3mez y Fernando Fabi\u00e1n Esper\u00f3n Listorti<\/strong>, detenciones concedidas el 22 de abril de 2022 por el Juzgado de Garant\u00edas actuante.<\/p>\n<blockquote><p>Ambos detenidos, seg\u00fan inform\u00f3 diario La Ma\u00f1ana, solicitaron recientemente la realizaci\u00f3n de un juicio abreviado aceptando una pena unificada de 10 a\u00f1os y 8 meses de prisi\u00f3n efectiva, que comprende este delito en particular y una causa anterior por robo.<\/p><\/blockquote>\n<figure id=\"attachment_124108\" aria-describedby=\"caption-attachment-124108\" style=\"width: 800px\" class=\"wp-caption aligncenter\"><img data-recalc-dims=\"1\" loading=\"lazy\" decoding=\"async\" class=\"wp-image-124108 size-full\" src=\"https:\/\/i0.wp.com\/cdnoticias.com\/wp-content\/uploads\/2024\/08\/diario-la-manana-fiscal-Julia-Maria-Sebastian.jpg?resize=800%2C446&#038;ssl=1\" alt=\"\" width=\"800\" height=\"446\" srcset=\"https:\/\/i0.wp.com\/cdnoticias.com\/wp-content\/uploads\/2024\/08\/diario-la-manana-fiscal-Julia-Maria-Sebastian.jpg?w=800&amp;ssl=1 800w, https:\/\/i0.wp.com\/cdnoticias.com\/wp-content\/uploads\/2024\/08\/diario-la-manana-fiscal-Julia-Maria-Sebastian.jpg?resize=300%2C167&amp;ssl=1 300w, https:\/\/i0.wp.com\/cdnoticias.com\/wp-content\/uploads\/2024\/08\/diario-la-manana-fiscal-Julia-Maria-Sebastian.jpg?resize=768%2C428&amp;ssl=1 768w\" sizes=\"auto, (max-width: 800px) 100vw, 800px\" \/><figcaption id=\"caption-attachment-124108\" class=\"wp-caption-text\">La fiscal Julia Sebasti\u00e1n, titular de la UFI N\u00ba 15 de Bol\u00edvar. Foto: Diario La Ma\u00f1ana.<\/figcaption><\/figure>\n<p>Hay una <strong>tercera imputada en el proceso, Ayel\u00e9n Mansilla, radicada en Nueve de Julio<\/strong> y que fue la persona que recibi\u00f3 el dinero que Woldryk deposit\u00f3 como resultado de la extorsi\u00f3n.<\/p>\n<p><strong>Juan Woldryk, oriundo de Alvear, desapareci\u00f3 el 30 de marzo de 2022. No fue hallado hasta el momento<\/strong>. Durante los siguientes d\u00edas se sostuvieron <a href=\"https:\/\/cdnoticias.com\/index.php\/2022\/04\/01\/amplia-busqueda-en-bolivar-un-joven-lleva-48-horas-desaparecido\/\" target=\"_blank\" rel=\"noopener\">rastrillajes para la b\u00fasqueda<\/a> del hombre que se desempe\u00f1aba en el establecimiento rural \u201cEl Rinc\u00f3n\u201d de Bol\u00edvar. Pocos d\u00edas despu\u00e9s de denunciada la ausencia, se plante\u00f3 la hip\u00f3tesis de la <a href=\"https:\/\/cdnoticias.com\/index.php\/2022\/04\/04\/caso-woldryck-se-analiza-la-extorsion-como-el-movil-de-la-desaparicion-en-bolivar\/\" target=\"_blank\" rel=\"noopener\">extorsi\u00f3n como el m\u00f3vil del caso<\/a>, lo cual fue confirmado con el avance de las actuaciones de la UFI N\u00ba 15. En junio de 2022 el Ministerio de Seguridad Nacional dispuso <a href=\"https:\/\/cdnoticias.com\/index.php\/2022\/06\/22\/caso-woldryk-recompensa-por-el-paradero-del-hombre-desaparecido-en-bolivar\/\" target=\"_blank\" rel=\"noopener\">una recompensa<\/a> para dar con su paradero.<\/p>\n","protected":false},"excerpt":{"rendered":"<p>Los dos detenidos acusados de extorsi\u00f3n contra el trabajador rural de Bol\u00edvar solicitaron aceptaron una pena unificada de 10 a\u00f1os<\/p>\n","protected":false},"author":4,"featured_media":58017,"comment_status":"closed","ping_status":"closed","sticky":false,"template":"","format":"standard","meta":{"_jetpack_memberships_contains_paid_content":false,"footnotes":""},"categories":[6,1],"tags":[],"class_list":["post-124107","post","type-post","status-publish","format-standard","has-post-thumbnail","hentry","category-nacionales","category-portada"],"jetpack_featured_media_url":"https:\/\/i0.wp.com\/cdnoticias.com\/wp-content\/uploads\/2022\/06\/diario-la-manana-bolivar-juan-carlos-woldryk-00.jpg?fit=800%2C445&ssl=1","jetpack_sharing_enabled":true,"_links":{"self":[{"href":"https:\/\/cdnoticias.com\/index.php\/wp-json\/wp\/v2\/posts\/124107","targetHints":{"allow":["GET"]}}],"collection":[{"href":"https:\/\/cdnoticias.com\/index.php\/wp-json\/wp\/v2\/posts"}],"about":[{"href":"https:\/\/cdnoticias.com\/index.php\/wp-json\/wp\/v2\/types\/post"}],"author":[{"embeddable":true,"href":"https:\/\/cdnoticias.com\/index.php\/wp-json\/wp\/v2\/users\/4"}],"replies":[{"embeddable":true,"href":"https:\/\/cdnoticias.com\/index.php\/wp-json\/wp\/v2\/comments?post=124107"}],"version-history":[{"count":0,"href":"https:\/\/cdnoticias.com\/index.php\/wp-json\/wp\/v2\/posts\/124107\/revisions"}],"wp:featuredmedia":[{"embeddable":true,"href":"https:\/\/cdnoticias.com\/index.php\/wp-json\/wp\/v2\/media\/58017"}],"wp:attachment":[{"href":"https:\/\/cdnoticias.com\/index.php\/wp-json\/wp\/v2\/media?parent=124107"}],"wp:term":[{"taxonomy":"category","embeddable":true,"href":"https:\/\/cdnoticias.com\/index.php\/wp-json\/wp\/v2\/categories?post=124107"},{"taxonomy":"post_tag","embeddable":true,"href":"https:\/\/cdnoticias.com\/index.php\/wp-json\/wp\/v2\/tags?post=124107"}],"curies":[{"name":"wp","href":"https:\/\/api.w.org\/{rel}","templated":true}]}}