{"id":124053,"date":"2024-08-28T11:31:58","date_gmt":"2024-08-28T14:31:58","guid":{"rendered":"https:\/\/cdnoticias.com\/?p=124053"},"modified":"2024-08-28T11:32:00","modified_gmt":"2024-08-28T14:32:00","slug":"ruben-federico-merlo-q-e-p-d","status":"publish","type":"post","link":"https:\/\/cdnoticias.com\/index.php\/2024\/08\/28\/ruben-federico-merlo-q-e-p-d\/","title":{"rendered":"Rub\u00e9n Federico Merlo (Q.E.P.D.)"},"content":{"rendered":"\n<p>Falleci\u00f3 en Bah\u00eda Blanca el 27 de agosto de 2024 a los 62 a\u00f1os de edad. Su esposa, hijos, nietos, hermanos, sobrinos, ahijada y dem\u00e1s deudos participan su fallecimiento<\/p>\n\n\n\n<p>Sus restos ser\u00e1n velados en Espa\u00f1a 2942 departamento &#8220;F&#8221; (comienza a las 14:00) y ser\u00e1n cremados en Crematorio Pinos de Paz, en d\u00eda y horario a confirmar, previo responso en la capilla ardiente. Vecina de barrio Provincias Unidas. Nacido en Olavarr\u00eda. Jubilado.<\/p>\n","protected":false},"excerpt":{"rendered":"<p>Falleci\u00f3 en Bah\u00eda Blanca el 27 de agosto de 2024 a los 62 a\u00f1os de edad. Su esposa, hijos, nietos,<\/p>\n","protected":false},"author":2,"featured_media":100390,"comment_status":"closed","ping_status":"closed","sticky":false,"template":"","format":"standard","meta":{"_jetpack_memberships_contains_paid_content":false,"footnotes":""},"categories":[10],"tags":[],"class_list":["post-124053","post","type-post","status-publish","format-standard","has-post-thumbnail","hentry","category-necrologicas"],"jetpack_featured_media_url":"https:\/\/i0.wp.com\/cdnoticias.com\/wp-content\/uploads\/2023\/10\/necrologicas-390-x-240.jpg?fit=390%2C240&ssl=1","jetpack_sharing_enabled":true,"_links":{"self":[{"href":"https:\/\/cdnoticias.com\/index.php\/wp-json\/wp\/v2\/posts\/124053","targetHints":{"allow":["GET"]}}],"collection":[{"href":"https:\/\/cdnoticias.com\/index.php\/wp-json\/wp\/v2\/posts"}],"about":[{"href":"https:\/\/cdnoticias.com\/index.php\/wp-json\/wp\/v2\/types\/post"}],"author":[{"embeddable":true,"href":"https:\/\/cdnoticias.com\/index.php\/wp-json\/wp\/v2\/users\/2"}],"replies":[{"embeddable":true,"href":"https:\/\/cdnoticias.com\/index.php\/wp-json\/wp\/v2\/comments?post=124053"}],"version-history":[{"count":0,"href":"https:\/\/cdnoticias.com\/index.php\/wp-json\/wp\/v2\/posts\/124053\/revisions"}],"wp:featuredmedia":[{"embeddable":true,"href":"https:\/\/cdnoticias.com\/index.php\/wp-json\/wp\/v2\/media\/100390"}],"wp:attachment":[{"href":"https:\/\/cdnoticias.com\/index.php\/wp-json\/wp\/v2\/media?parent=124053"}],"wp:term":[{"taxonomy":"category","embeddable":true,"href":"https:\/\/cdnoticias.com\/index.php\/wp-json\/wp\/v2\/categories?post=124053"},{"taxonomy":"post_tag","embeddable":true,"href":"https:\/\/cdnoticias.com\/index.php\/wp-json\/wp\/v2\/tags?post=124053"}],"curies":[{"name":"wp","href":"https:\/\/api.w.org\/{rel}","templated":true}]}}