{"id":124035,"date":"2024-08-28T17:12:02","date_gmt":"2024-08-28T20:12:02","guid":{"rendered":"https:\/\/cdnoticias.com\/?p=124035"},"modified":"2024-08-28T19:44:51","modified_gmt":"2024-08-28T22:44:51","slug":"la-provincia-realizara-la-segunda-etapa-del-censo-de-infraestructura-escolar","status":"publish","type":"post","link":"https:\/\/cdnoticias.com\/index.php\/2024\/08\/28\/la-provincia-realizara-la-segunda-etapa-del-censo-de-infraestructura-escolar\/","title":{"rendered":"La Provincia realizar\u00e1 la segunda etapa del censo de infraestructura escolar"},"content":{"rendered":"<p>A trav\u00e9s de un convenio con la UTN. El acuerdo establece una inversi\u00f3n de $2.298 millones. Permitir\u00e1 relevar y actualizar la informaci\u00f3n sobre las caracter\u00edsticas y condiciones de los casi 12.000 establecimientos educativos estatales bonaerenses.<!--more--><\/p>\n<hr \/>\n<p>La <strong>Direcci\u00f3n General de Cultura y Educaci\u00f3n (DGCyE) de la provincia de Buenos Aires<\/strong> firm\u00f3 un <strong>convenio espec\u00edfico con la Universidad Tecnol\u00f3gica Nacional<\/strong> (UTN) para llevar a cabo la <strong>segunda etapa del Censo Provincial de Infraestructura Escolar<\/strong>. Con una <strong>inversi\u00f3n de $2.298 millones<\/strong>, esta tarea permitir\u00e1 relevar y actualizar la informaci\u00f3n sobre las caracter\u00edsticas y condiciones de los casi 12.000 establecimientos educativos estatales en la provincia.<\/p>\n<p>El acuerdo fue rubricado por el <strong>director general de Cultura y Educaci\u00f3n Alberto Sileoni y el rector de la UTN Rub\u00e9n Soro<\/strong>. Participaron del encuentro el jefe de Gabinete Gustavo Alcaraz, los subsecretarios de Educaci\u00f3n Pablo Urquiza, de Administraci\u00f3n y Recursos Humanos Diego Turkenich, de Infraestructura Escolar Ariel Lambezat, de Planeamiento Diego Born, el director provincial de Vinculaci\u00f3n con el Sistema Cient\u00edfico y Universitario Juan Brardinelli, el secretario de Coordinaci\u00f3n Universitaria de la UTN y el decano de la Facultad Regional La Plata de la UTN.<\/p>\n<p>Este trabajo<strong> se desarrollar\u00e1 a lo largo de los pr\u00f3ximos 12 meses<\/strong> y abarcar\u00e1 <strong>m\u00e1s de 8,2 millones de metros cuadrados cubiertos<\/strong>. La UTN aportar\u00e1 su vasta experiencia y recursos, contando con<strong> 500 censistas<\/strong> entre estudiantes y graduados recientes de carreras afines, quienes se encargar\u00e1n de <strong>recabar informaci\u00f3n precisa y detallada sobre la infraestructura escolar.<\/strong><\/p>\n<p><img data-recalc-dims=\"1\" loading=\"lazy\" decoding=\"async\" class=\"size-full wp-image-124036 aligncenter\" src=\"https:\/\/i0.wp.com\/cdnoticias.com\/wp-content\/uploads\/2024\/08\/censo-de-infraestructura-escolar-01.jpg?resize=800%2C446&#038;ssl=1\" alt=\"\" width=\"800\" height=\"446\" srcset=\"https:\/\/i0.wp.com\/cdnoticias.com\/wp-content\/uploads\/2024\/08\/censo-de-infraestructura-escolar-01.jpg?w=1000&amp;ssl=1 1000w, https:\/\/i0.wp.com\/cdnoticias.com\/wp-content\/uploads\/2024\/08\/censo-de-infraestructura-escolar-01.jpg?resize=300%2C167&amp;ssl=1 300w, https:\/\/i0.wp.com\/cdnoticias.com\/wp-content\/uploads\/2024\/08\/censo-de-infraestructura-escolar-01.jpg?resize=768%2C428&amp;ssl=1 768w, https:\/\/i0.wp.com\/cdnoticias.com\/wp-content\/uploads\/2024\/08\/censo-de-infraestructura-escolar-01.jpg?resize=800%2C445&amp;ssl=1 800w\" sizes=\"auto, (max-width: 800px) 100vw, 800px\" \/><\/p>\n<blockquote><p>Al respecto, el director general destac\u00f3 \u201cque es de gran importancia la tarea que asume esta Universidad, porque viene a completar un trabajo muy exhaustivo que se viene haciendo desde la asunci\u00f3n de nuestro gobernador Axel Kicillof en materia de infraestructura escolar\u201d.<\/p><\/blockquote>\n<p>\u201cLlevamos inaugurados 227 edificios nuevos y cerca de 500 con refacci\u00f3n integral, m\u00e1s de 7.500 obras de reparaci\u00f3n finalizadas; en este sentido, <em>el censo ser\u00e1 un paso cualitativo para tener un mejor sistema de informaci\u00f3n para planificar y coordinar acciones necesarias para lo que a\u00fan nos falta\u201d<\/em>, resalt\u00f3 el Ministro tras la r\u00fabrica del acuerdo.<\/p>\n<p>El Censo, que constituir\u00e1 la l\u00ednea de base del nuevo <strong>Sistema Integral de Informaci\u00f3n y Gesti\u00f3n de la Infraestructura Escolar<\/strong>, es parte de un esfuerzo conjunto entre la DGCyE y la UTN para garantizar que cada escuela cuente con edificios en condiciones adecuadas, apoyando as\u00ed el derecho a una educaci\u00f3n de calidad.<\/p>\n<p>Con la implementaci\u00f3n de este proyecto, se consolidar\u00e1 una herramienta clave para la gesti\u00f3n educativa, que <strong>facilitar\u00e1 la toma de decisiones y la asignaci\u00f3n de recursos<\/strong> en tiempo y forma, fortaleciendo el compromiso de la provincia con la mejora continua de su infraestructura escolar.<\/p>\n","protected":false},"excerpt":{"rendered":"<p>A trav\u00e9s de un convenio con la UTN. El acuerdo establece una inversi\u00f3n de $2.298 millones. Permitir\u00e1 relevar y actualizar<\/p>\n","protected":false},"author":4,"featured_media":124037,"comment_status":"closed","ping_status":"closed","sticky":false,"template":"","format":"standard","meta":{"_jetpack_memberships_contains_paid_content":false,"footnotes":""},"categories":[6,1],"tags":[],"class_list":["post-124035","post","type-post","status-publish","format-standard","has-post-thumbnail","hentry","category-nacionales","category-portada"],"jetpack_featured_media_url":"https:\/\/i0.wp.com\/cdnoticias.com\/wp-content\/uploads\/2024\/08\/censo-de-infraestructura-escolar-00.jpg?fit=1000%2C556&ssl=1","jetpack_sharing_enabled":true,"_links":{"self":[{"href":"https:\/\/cdnoticias.com\/index.php\/wp-json\/wp\/v2\/posts\/124035","targetHints":{"allow":["GET"]}}],"collection":[{"href":"https:\/\/cdnoticias.com\/index.php\/wp-json\/wp\/v2\/posts"}],"about":[{"href":"https:\/\/cdnoticias.com\/index.php\/wp-json\/wp\/v2\/types\/post"}],"author":[{"embeddable":true,"href":"https:\/\/cdnoticias.com\/index.php\/wp-json\/wp\/v2\/users\/4"}],"replies":[{"embeddable":true,"href":"https:\/\/cdnoticias.com\/index.php\/wp-json\/wp\/v2\/comments?post=124035"}],"version-history":[{"count":0,"href":"https:\/\/cdnoticias.com\/index.php\/wp-json\/wp\/v2\/posts\/124035\/revisions"}],"wp:featuredmedia":[{"embeddable":true,"href":"https:\/\/cdnoticias.com\/index.php\/wp-json\/wp\/v2\/media\/124037"}],"wp:attachment":[{"href":"https:\/\/cdnoticias.com\/index.php\/wp-json\/wp\/v2\/media?parent=124035"}],"wp:term":[{"taxonomy":"category","embeddable":true,"href":"https:\/\/cdnoticias.com\/index.php\/wp-json\/wp\/v2\/categories?post=124035"},{"taxonomy":"post_tag","embeddable":true,"href":"https:\/\/cdnoticias.com\/index.php\/wp-json\/wp\/v2\/tags?post=124035"}],"curies":[{"name":"wp","href":"https:\/\/api.w.org\/{rel}","templated":true}]}}