{"id":123981,"date":"2024-08-28T08:14:51","date_gmt":"2024-08-28T11:14:51","guid":{"rendered":"https:\/\/cdnoticias.com\/?p=123981"},"modified":"2024-08-28T12:28:26","modified_gmt":"2024-08-28T15:28:26","slug":"cesar-longo-tenemos-que-poner-un-foco-para-hacer-crecer-la-industria-textil","status":"publish","type":"post","link":"https:\/\/cdnoticias.com\/index.php\/2024\/08\/28\/cesar-longo-tenemos-que-poner-un-foco-para-hacer-crecer-la-industria-textil\/","title":{"rendered":"C\u00e9sar Longo: \u201ctenemos que poner un foco para hacer crecer la industria textil\u201d"},"content":{"rendered":"<p>El presidente de la Uni\u00f3n Industrial cont\u00f3 la intenci\u00f3n de crear \u201cuna escuela de costureros\u201d ante la demanda de mano de obra especializada. \u201cEs una industria que es incipiente y hay que tomarla como tal\u201d que suma unos 800 empleados dijo Longo.<!--more--><\/p>\n<hr \/>\n<p>El jueves pasado se llev\u00f3 adelante una <strong>reuni\u00f3n<\/strong> de la que <strong>particip\u00f3 el secretario de Desarrollo Econ\u00f3mico y Productivo, Gast\u00f3n Sarachu<\/strong>, y el <strong>presidente de la Uni\u00f3n Industrial Olavarr\u00eda, C\u00e9sar Longo<\/strong>, con <strong>propietarios y referentes de empresas textiles radicadas en Olavarr\u00eda<\/strong>.<\/p>\n<p>&nbsp;<\/p>\n<p>Se inform\u00f3 que el objetivo de ese encuentro fue \u201ctener un<strong> estado de la situaci\u00f3n<\/strong> del rubro en la voz de sus protagonistas, sino tambi\u00e9n <strong>acordar una agenda y acercar herramientas<\/strong> que sigan haciendo crecer al sector\u201d.<\/p>\n<p>&nbsp;<\/p>\n<blockquote><p>Sobre el tema fue consultado el presidente de la Uni\u00f3n Industrial, C\u00e9sar Longo, en Levantate por Radio Sapiens. Destac\u00f3 el \u201ctrabajo en conjunto\u201d con la Municipalidad: \u201clo que hizo fue llamar a todas las empresas que conforman el sector textil y la verdad que, gratamente, hay alrededor de20 empresas, entre chicas y grandes, que entre todas suman alrededor de 800 o 1000 trabajadores\u201d.<\/p><\/blockquote>\n<p>&nbsp;<\/p>\n<p><img data-recalc-dims=\"1\" loading=\"lazy\" decoding=\"async\" class=\"size-full wp-image-123985 aligncenter\" src=\"https:\/\/i0.wp.com\/cdnoticias.com\/wp-content\/uploads\/2024\/08\/sector-textil-00.jpg?resize=800%2C445&#038;ssl=1\" alt=\"\" width=\"800\" height=\"445\" srcset=\"https:\/\/i0.wp.com\/cdnoticias.com\/wp-content\/uploads\/2024\/08\/sector-textil-00.jpg?w=1000&amp;ssl=1 1000w, https:\/\/i0.wp.com\/cdnoticias.com\/wp-content\/uploads\/2024\/08\/sector-textil-00.jpg?resize=300%2C167&amp;ssl=1 300w, https:\/\/i0.wp.com\/cdnoticias.com\/wp-content\/uploads\/2024\/08\/sector-textil-00.jpg?resize=768%2C427&amp;ssl=1 768w, https:\/\/i0.wp.com\/cdnoticias.com\/wp-content\/uploads\/2024\/08\/sector-textil-00.jpg?resize=800%2C445&amp;ssl=1 800w\" sizes=\"auto, (max-width: 800px) 100vw, 800px\" \/><\/p>\n<p>&nbsp;<\/p>\n<p><strong>\u201cEs una industria que es incipiente y hay que tomarla como tal\u201d<\/strong> defini\u00f3.<\/p>\n<p>&nbsp;<\/p>\n<p>Acerca de lo sucedido en el encuentro, Longo inform\u00f3 que <strong>\u201cse est\u00e1 planteando poder hacer una escuela de costureros<\/strong>, una escuela donde se puedan generar las <strong>capacitaciones b\u00e1sicas<\/strong> para que las personas se puedan <strong>insertar en el mundo laboral\u201d<\/strong>.<\/p>\n<p>&nbsp;<\/p>\n<blockquote><p>En ese sentido, indic\u00f3 que \u201ca pesar de c\u00f3mo est\u00e1 el pa\u00eds, esta industria est\u00e1 requiriendo mano de obra. Entonces creo que tenemos que poner un foco para hacer crecer la industria textil\u201d.<\/p><\/blockquote>\n<p>&nbsp;<\/p>\n<h3>La reuni\u00f3n<\/h3>\n<p>&nbsp;<\/p>\n<p>El Municipio dio a conocer la reuni\u00f3n realizada en el Sal\u00f3n Blanco del Palacio Municipal. \u201cEl di\u00e1logo entre los distintos actores permiti\u00f3, en primera instancia, la <strong>elaboraci\u00f3n de un diagn\u00f3stico de base, que permita desplegar desde all\u00ed distintas l\u00edneas de abordaje y trabajo conjunto<\/strong>. En ese sentido, uno de los temas que surgi\u00f3 del intercambio de opiniones fue la <strong>generaci\u00f3n de mano de obra calificada<\/strong> para responder a una demanda cada vez m\u00e1s creciente\u201d se inform\u00f3.<\/p>\n<p>&nbsp;<\/p>\n<p><img data-recalc-dims=\"1\" loading=\"lazy\" decoding=\"async\" class=\"size-full wp-image-123986 aligncenter\" src=\"https:\/\/i0.wp.com\/cdnoticias.com\/wp-content\/uploads\/2024\/08\/sector-textil-01.jpg?resize=800%2C445&#038;ssl=1\" alt=\"\" width=\"800\" height=\"445\" srcset=\"https:\/\/i0.wp.com\/cdnoticias.com\/wp-content\/uploads\/2024\/08\/sector-textil-01.jpg?w=1000&amp;ssl=1 1000w, https:\/\/i0.wp.com\/cdnoticias.com\/wp-content\/uploads\/2024\/08\/sector-textil-01.jpg?resize=300%2C167&amp;ssl=1 300w, https:\/\/i0.wp.com\/cdnoticias.com\/wp-content\/uploads\/2024\/08\/sector-textil-01.jpg?resize=768%2C427&amp;ssl=1 768w, https:\/\/i0.wp.com\/cdnoticias.com\/wp-content\/uploads\/2024\/08\/sector-textil-01.jpg?resize=800%2C445&amp;ssl=1 800w\" sizes=\"auto, (max-width: 800px) 100vw, 800px\" \/><\/p>\n<p>&nbsp;<\/p>\n<p>Desde la Secretar\u00eda de Desarrollo Econ\u00f3mico y Productivo se ratific\u00f3 <em>\u201cel compromiso y el acompa\u00f1amiento para el desarrollo de propuestas y programas para dar respuestas a cada una de estas inquietudes\u201d<\/em>.<\/p>\n<p>&nbsp;<\/p>\n<blockquote><p>Se record\u00f3 <a href=\"https:\/\/cdnoticias.com\/index.php\/2024\/03\/14\/se-inauguro-una-planta-textil-de-cheeky-en-olavarria\/\" target=\"_blank\" rel=\"noopener\">lo expresado por el intendente Maximiliano Wesner<\/a> acerca de que \u201cOlavarr\u00eda en su diversificada matriz productiva tambi\u00e9n se est\u00e1 convirtiendo en un gran polo textil de la provincia de Buenos Aires\u201d.<\/p><\/blockquote>\n<p>&nbsp;<\/p>\n","protected":false},"excerpt":{"rendered":"<p>El presidente de la Uni\u00f3n Industrial cont\u00f3 la intenci\u00f3n de crear \u201cuna escuela de costureros\u201d ante la demanda de mano<\/p>\n","protected":false},"author":4,"featured_media":123983,"comment_status":"closed","ping_status":"closed","sticky":false,"template":"","format":"standard","meta":{"_jetpack_memberships_contains_paid_content":false,"footnotes":""},"categories":[5,1],"tags":[],"class_list":["post-123981","post","type-post","status-publish","format-standard","has-post-thumbnail","hentry","category-informacion-general","category-portada"],"jetpack_featured_media_url":"https:\/\/i0.wp.com\/cdnoticias.com\/wp-content\/uploads\/2024\/08\/sector-textil-gaston-sarachu-cesar-longo.jpg?fit=1000%2C556&ssl=1","jetpack_sharing_enabled":true,"_links":{"self":[{"href":"https:\/\/cdnoticias.com\/index.php\/wp-json\/wp\/v2\/posts\/123981","targetHints":{"allow":["GET"]}}],"collection":[{"href":"https:\/\/cdnoticias.com\/index.php\/wp-json\/wp\/v2\/posts"}],"about":[{"href":"https:\/\/cdnoticias.com\/index.php\/wp-json\/wp\/v2\/types\/post"}],"author":[{"embeddable":true,"href":"https:\/\/cdnoticias.com\/index.php\/wp-json\/wp\/v2\/users\/4"}],"replies":[{"embeddable":true,"href":"https:\/\/cdnoticias.com\/index.php\/wp-json\/wp\/v2\/comments?post=123981"}],"version-history":[{"count":0,"href":"https:\/\/cdnoticias.com\/index.php\/wp-json\/wp\/v2\/posts\/123981\/revisions"}],"wp:featuredmedia":[{"embeddable":true,"href":"https:\/\/cdnoticias.com\/index.php\/wp-json\/wp\/v2\/media\/123983"}],"wp:attachment":[{"href":"https:\/\/cdnoticias.com\/index.php\/wp-json\/wp\/v2\/media?parent=123981"}],"wp:term":[{"taxonomy":"category","embeddable":true,"href":"https:\/\/cdnoticias.com\/index.php\/wp-json\/wp\/v2\/categories?post=123981"},{"taxonomy":"post_tag","embeddable":true,"href":"https:\/\/cdnoticias.com\/index.php\/wp-json\/wp\/v2\/tags?post=123981"}],"curies":[{"name":"wp","href":"https:\/\/api.w.org\/{rel}","templated":true}]}}