{"id":123975,"date":"2024-08-27T12:39:24","date_gmt":"2024-08-27T15:39:24","guid":{"rendered":"https:\/\/cdnoticias.com\/?p=123975"},"modified":"2024-08-27T12:39:26","modified_gmt":"2024-08-27T15:39:26","slug":"arrebatando-lagrimas-cumplio-25-anos-de-construccion-colectiva","status":"publish","type":"post","link":"https:\/\/cdnoticias.com\/index.php\/2024\/08\/27\/arrebatando-lagrimas-cumplio-25-anos-de-construccion-colectiva\/","title":{"rendered":"Arrebatando L\u00e1grimas cumpli\u00f3 25 a\u00f1os de construcci\u00f3n colectiva"},"content":{"rendered":"\n<p>La murga  celebr\u00f3 un nuevo aniversario con el recuerdo de sus bases fundamentales y el agradecimiento a la comunidad por el apoyo recibido.<\/p>\n\n\n\n<hr class=\"wp-block-separator has-alpha-channel-opacity\"\/>\n\n\n\n<p>La murga Arrebatando L\u00e1grimas celebr\u00f3 un nuevo aniversario, el n\u00famero 25. Se trata de una agrupaci\u00f3n <strong>precursora de los carnavales libres, gratuitos, populares y con perspectiva feminista.<\/strong><\/p>\n\n\n\n<p><\/p>\n\n\n\n<p>La Murga ha acompa\u00f1ado y acompa\u00f1a los procesos de <strong>conquistas de derechos<\/strong>; vive su g\u00e9nero como movimiento art\u00edstico y arte <strong>articulando diferentes lenguajes, \u00e1reas y disciplinas de conocimiento.<\/strong> Esta agrupaci\u00f3n toma del arte y oficio los saberes para reinventarlos.<\/p>\n\n\n\n<p><\/p>\n\n\n\n<figure class=\"wp-block-image size-full\"><img data-recalc-dims=\"1\" loading=\"lazy\" decoding=\"async\" width=\"800\" height=\"531\" src=\"https:\/\/i0.wp.com\/cdnoticias.com\/wp-content\/uploads\/2024\/02\/CarnavalOlavarria24-19.jpg?resize=800%2C531&#038;ssl=1\" alt=\"\" class=\"wp-image-108926\" srcset=\"https:\/\/i0.wp.com\/cdnoticias.com\/wp-content\/uploads\/2024\/02\/CarnavalOlavarria24-19.jpg?w=1024&amp;ssl=1 1024w, https:\/\/i0.wp.com\/cdnoticias.com\/wp-content\/uploads\/2024\/02\/CarnavalOlavarria24-19.jpg?resize=300%2C199&amp;ssl=1 300w, https:\/\/i0.wp.com\/cdnoticias.com\/wp-content\/uploads\/2024\/02\/CarnavalOlavarria24-19.jpg?resize=768%2C510&amp;ssl=1 768w, https:\/\/i0.wp.com\/cdnoticias.com\/wp-content\/uploads\/2024\/02\/CarnavalOlavarria24-19.jpg?resize=272%2C182&amp;ssl=1 272w\" sizes=\"auto, (max-width: 800px) 100vw, 800px\" \/><\/figure>\n\n\n\n<p><\/p>\n\n\n\n<p>Asimismo, <strong>Arrebatando L\u00e1grimas fue reconocida en la C\u00e1mara de Diputados en 2019 <\/strong>por quien fuera diputado provincial C\u00e9sar Valicenti, siendo la primera murga del interior con esta distinci\u00f3n. <strong>Tambi\u00e9n obtuvo el reconocimiento del HCD<\/strong> por iniciativa del concejal Juan S\u00e1nchez.<\/p>\n\n\n\n<p><\/p>\n\n\n\n<p>Fue precursora de los <strong>Carnavales Oficiales<\/strong> desde el 2005. Recorri\u00f3 todas las localidades y fue parte de invenci\u00f3n de nuevas agrupaciones.<\/p>\n\n\n\n<p><\/p>\n\n\n\n<figure class=\"wp-block-image size-full\"><img data-recalc-dims=\"1\" loading=\"lazy\" decoding=\"async\" width=\"800\" height=\"531\" src=\"https:\/\/i0.wp.com\/cdnoticias.com\/wp-content\/uploads\/2024\/02\/CarnavalOlavarria24-32.jpg?resize=800%2C531&#038;ssl=1\" alt=\"\" class=\"wp-image-108939\" srcset=\"https:\/\/i0.wp.com\/cdnoticias.com\/wp-content\/uploads\/2024\/02\/CarnavalOlavarria24-32.jpg?w=1024&amp;ssl=1 1024w, https:\/\/i0.wp.com\/cdnoticias.com\/wp-content\/uploads\/2024\/02\/CarnavalOlavarria24-32.jpg?resize=300%2C199&amp;ssl=1 300w, https:\/\/i0.wp.com\/cdnoticias.com\/wp-content\/uploads\/2024\/02\/CarnavalOlavarria24-32.jpg?resize=768%2C510&amp;ssl=1 768w, https:\/\/i0.wp.com\/cdnoticias.com\/wp-content\/uploads\/2024\/02\/CarnavalOlavarria24-32.jpg?resize=272%2C182&amp;ssl=1 272w\" sizes=\"auto, (max-width: 800px) 100vw, 800px\" \/><\/figure>\n\n\n\n<p><\/p>\n\n\n\n<p>Se destaca tambi\u00e9n su lucha por la <strong>educaci\u00f3n p\u00fablica, el acceso a la cultura y la distribuci\u00f3n de la riqueza<\/strong> en sentido del conocimiento y material.<\/p>\n\n\n\n<p><\/p>\n\n\n\n<p>La murga sostuvo su coherencia en consignas y trabajo durante todo este trayecto: dice<strong> Memoria, Verdad, Justicia, Alegr\u00eda y Carnaval.<\/strong><\/p>\n","protected":false},"excerpt":{"rendered":"<p>La murga celebr\u00f3 un nuevo aniversario con el recuerdo de sus bases fundamentales y el agradecimiento a la comunidad por<\/p>\n","protected":false},"author":2,"featured_media":108931,"comment_status":"closed","ping_status":"closed","sticky":false,"template":"","format":"standard","meta":{"_jetpack_memberships_contains_paid_content":false,"footnotes":""},"categories":[9,1],"tags":[],"class_list":["post-123975","post","type-post","status-publish","format-standard","has-post-thumbnail","hentry","category-cultura","category-portada"],"jetpack_featured_media_url":"https:\/\/i0.wp.com\/cdnoticias.com\/wp-content\/uploads\/2024\/02\/CarnavalOlavarria24-24.jpg?fit=1024%2C680&ssl=1","jetpack_sharing_enabled":true,"_links":{"self":[{"href":"https:\/\/cdnoticias.com\/index.php\/wp-json\/wp\/v2\/posts\/123975","targetHints":{"allow":["GET"]}}],"collection":[{"href":"https:\/\/cdnoticias.com\/index.php\/wp-json\/wp\/v2\/posts"}],"about":[{"href":"https:\/\/cdnoticias.com\/index.php\/wp-json\/wp\/v2\/types\/post"}],"author":[{"embeddable":true,"href":"https:\/\/cdnoticias.com\/index.php\/wp-json\/wp\/v2\/users\/2"}],"replies":[{"embeddable":true,"href":"https:\/\/cdnoticias.com\/index.php\/wp-json\/wp\/v2\/comments?post=123975"}],"version-history":[{"count":0,"href":"https:\/\/cdnoticias.com\/index.php\/wp-json\/wp\/v2\/posts\/123975\/revisions"}],"wp:featuredmedia":[{"embeddable":true,"href":"https:\/\/cdnoticias.com\/index.php\/wp-json\/wp\/v2\/media\/108931"}],"wp:attachment":[{"href":"https:\/\/cdnoticias.com\/index.php\/wp-json\/wp\/v2\/media?parent=123975"}],"wp:term":[{"taxonomy":"category","embeddable":true,"href":"https:\/\/cdnoticias.com\/index.php\/wp-json\/wp\/v2\/categories?post=123975"},{"taxonomy":"post_tag","embeddable":true,"href":"https:\/\/cdnoticias.com\/index.php\/wp-json\/wp\/v2\/tags?post=123975"}],"curies":[{"name":"wp","href":"https:\/\/api.w.org\/{rel}","templated":true}]}}