{"id":123973,"date":"2024-08-27T17:11:01","date_gmt":"2024-08-27T20:11:01","guid":{"rendered":"https:\/\/cdnoticias.com\/?p=123973"},"modified":"2024-08-27T18:58:32","modified_gmt":"2024-08-27T21:58:32","slug":"persecucion-en-barrio-nicolas-avellaneda-y-secuestro-de-moto","status":"publish","type":"post","link":"https:\/\/cdnoticias.com\/index.php\/2024\/08\/27\/persecucion-en-barrio-nicolas-avellaneda-y-secuestro-de-moto\/","title":{"rendered":"Persecuci\u00f3n en barrio Nicol\u00e1s Avellaneda y secuestro de moto"},"content":{"rendered":"<p>Los hechos se dieron este lunes. Fue la primera intervenci\u00f3n de efectivos de UTOI comunicada de manera oficial.<!--more--><\/p>\n<hr \/>\n<p>Este lunes fue <strong>secuestrada una moto que se estableci\u00f3 que era robada<\/strong>, hallada tras la persecuci\u00f3n de quienes iban en el rodado. En el operativo<strong> intervino personal de la Unidad T\u00e1ctica de Intervenci\u00f3n Operativa (UTOI)<\/strong> y fue la <strong>primera actuaci\u00f3n<\/strong> comunicada de manera oficial.<\/p>\n<p>Seg\u00fan se detall\u00f3, el personal de UTOI estaba de <strong>recorrida por el barrio Nicol\u00e1s Avellaneda<\/strong> en nuestra ciudad donde <strong>observaron a dos hombres a bordo de una moto.<\/strong><\/p>\n<p>Intentaron interceptarlos, pero <strong>se dieron a la fuga<\/strong> a alta velocidad con lo que comenz\u00f3 una<strong> persecuci\u00f3n<\/strong> que finaliz\u00f3 en <strong>calle 10 bis y Saavedra<\/strong> donde encontraron <strong>abandonado el rodado.<\/strong><\/p>\n<blockquote><p>Se trata de una moto marca Honda, modelo Tornado de color negro, sobre el que se estableci\u00f3 que ten\u00eda pedido de secuestro activo por \u201churto\u201d emitido por la UFI N\u00ba 10 local. Fue trasladado a la Comisar\u00eda Segunda.<\/p><\/blockquote>\n<p>Fue la <strong>primera intervenci\u00f3n de polic\u00edas de UTOI comunicada de manera oficial<\/strong> tras la <a href=\"https:\/\/cdnoticias.com\/index.php\/2024\/08\/21\/entre-reuniones-y-un-encendido-acto-kicillof-inauguro-la-base-utoi-en-olavarria\/\" target=\"_blank\" rel=\"noopener\">inauguraci\u00f3n que el mi\u00e9rcoles 21 de agosto<\/a> llev\u00f3 adelante la Gobernaci\u00f3n de la sede policial que cuenta con<em> poco m\u00e1s de un centenar de polic\u00edas en Olavarr\u00eda<\/em>.<\/p>\n","protected":false},"excerpt":{"rendered":"<p>Los hechos se dieron este lunes. Fue la primera intervenci\u00f3n de efectivos de UTOI comunicada de manera oficial.<\/p>\n","protected":false},"author":4,"featured_media":123966,"comment_status":"closed","ping_status":"closed","sticky":false,"template":"","format":"standard","meta":{"_jetpack_memberships_contains_paid_content":false,"footnotes":""},"categories":[14,1],"tags":[],"class_list":["post-123973","post","type-post","status-publish","format-standard","has-post-thumbnail","hentry","category-policiales","category-portada"],"jetpack_featured_media_url":"https:\/\/i0.wp.com\/cdnoticias.com\/wp-content\/uploads\/2024\/08\/calle-10-bis-y-saavedra.jpeg?fit=1599%2C899&ssl=1","jetpack_sharing_enabled":true,"_links":{"self":[{"href":"https:\/\/cdnoticias.com\/index.php\/wp-json\/wp\/v2\/posts\/123973","targetHints":{"allow":["GET"]}}],"collection":[{"href":"https:\/\/cdnoticias.com\/index.php\/wp-json\/wp\/v2\/posts"}],"about":[{"href":"https:\/\/cdnoticias.com\/index.php\/wp-json\/wp\/v2\/types\/post"}],"author":[{"embeddable":true,"href":"https:\/\/cdnoticias.com\/index.php\/wp-json\/wp\/v2\/users\/4"}],"replies":[{"embeddable":true,"href":"https:\/\/cdnoticias.com\/index.php\/wp-json\/wp\/v2\/comments?post=123973"}],"version-history":[{"count":0,"href":"https:\/\/cdnoticias.com\/index.php\/wp-json\/wp\/v2\/posts\/123973\/revisions"}],"wp:featuredmedia":[{"embeddable":true,"href":"https:\/\/cdnoticias.com\/index.php\/wp-json\/wp\/v2\/media\/123966"}],"wp:attachment":[{"href":"https:\/\/cdnoticias.com\/index.php\/wp-json\/wp\/v2\/media?parent=123973"}],"wp:term":[{"taxonomy":"category","embeddable":true,"href":"https:\/\/cdnoticias.com\/index.php\/wp-json\/wp\/v2\/categories?post=123973"},{"taxonomy":"post_tag","embeddable":true,"href":"https:\/\/cdnoticias.com\/index.php\/wp-json\/wp\/v2\/tags?post=123973"}],"curies":[{"name":"wp","href":"https:\/\/api.w.org\/{rel}","templated":true}]}}