{"id":123957,"date":"2024-08-27T10:36:29","date_gmt":"2024-08-27T13:36:29","guid":{"rendered":"https:\/\/cdnoticias.com\/?p=123957"},"modified":"2024-08-27T17:30:24","modified_gmt":"2024-08-27T20:30:24","slug":"cesar-longo-celebro-lo-que-esta-haciendo-hoy-el-municipio-de-visibilizar-lo-que-tenemos","status":"publish","type":"post","link":"https:\/\/cdnoticias.com\/index.php\/2024\/08\/27\/cesar-longo-celebro-lo-que-esta-haciendo-hoy-el-municipio-de-visibilizar-lo-que-tenemos\/","title":{"rendered":"C\u00e9sar Longo: \u201cCelebro lo que est\u00e1 haciendo hoy el Municipio de visibilizar lo que tenemos\u201d"},"content":{"rendered":"<p>El presidente de la Uni\u00f3n Industrial se refiri\u00f3 al cronograma del Mes de la Industria. M\u00e1s de 300 empresas para la ronda de negocios, exposici\u00f3n, taller y charlas, adem\u00e1s de la Cena del D\u00eda de la Industria.<!--more--><\/p>\n<hr \/>\n<p>El <strong>presidente de la Uni\u00f3n Industrial de Olavarr\u00eda, C\u00e9sar Longo<\/strong>, habl\u00f3 este martes sobre la <strong>relevancia del Mes de la Industria<\/strong> que <a href=\"https:\/\/cdnoticias.com\/index.php\/2024\/08\/14\/lanzamiento-de-olavarria-produce-2024-mostrar-y-vender-a-olavarria-al-resto-del-pais\/\" target=\"_blank\" rel=\"noopener\">hace pocos d\u00edas lanz\u00f3 la Municipalidad<\/a> con el <strong>acompa\u00f1amiento de las instituciones y empresas que componen el sector<\/strong>. En una entrevista que cedi\u00f3 al <em>programa Levantate por Radio Sapiens (FM 102.7)<\/em> subray\u00f3 que <strong>\u201ccelebramos que visibiliza la industria de Olavarr\u00eda\u201d<\/strong>.<\/p>\n<p>&nbsp;<\/p>\n<blockquote><p>\u201cEs un contexto que no es favorable, pero siempre hay que buscar las alternativas. Es un poco lo que se est\u00e1 buscando y celebro lo que se lanz\u00f3 hace dos semanas, el Mes de la Industria en la provincia de Buenos Aires\u201d indic\u00f3 para apuntar a que la importancia de la propuesta se registr\u00f3 tambi\u00e9n a partir de las empresas que estuvieron presentes en el lanzamiento, \u201cestaban las grandes empresas que tienen de una forma u otra incidencia de trabajo y negocios en Olavarr\u00eda. Con esto resumo lo importante de la industria de Olavarr\u00eda\u201d dijo.<\/p><\/blockquote>\n<p>&nbsp;<\/p>\n<p>En cuanto a las actividades programadas, la primera ser\u00e1 una <strong>ronda de negocios<\/strong> <a href=\"https:\/\/cdnoticias.com\/index.php\/2024\/08\/14\/ronda-de-negocios-olavarria-2024-invitacion-para-pymes\/\" target=\"_blank\" rel=\"noopener\">a desarrollarse el jueves<\/a>. <strong>Longo adelant\u00f3 que \u201cya hay m\u00e1s de 300 empresas inscriptas\u201d<\/strong> y apunt\u00f3 a que se sumaron firmas de distintos puntos de la provincia. \u201cSon herramientas de trabajo, de relaci\u00f3n, para hacer negocios. <strong>En estos momentos de crisis, de baja producci\u00f3n, tenemos que ser creativos en tratar de dar herramientas para generar el negocio\u201d<\/strong> defini\u00f3 C\u00e9sar Longo.<\/p>\n<p>&nbsp;<\/p>\n<blockquote class=\"wp-embedded-content\" data-secret=\"UXrJEHqR9T\"><p><a href=\"https:\/\/cdnoticias.com\/index.php\/2024\/08\/21\/ultimas-horas-para-inscribirse-en-la-ronda-de-negocios-olavarria-2024\/\">\u00daltimas horas para inscribirse en la \u201cRonda de Negocios Olavarr\u00eda 2024\u201d<\/a><\/p><\/blockquote>\n<p><iframe loading=\"lazy\" class=\"wp-embedded-content\" sandbox=\"allow-scripts\" security=\"restricted\" style=\"position: absolute; visibility: hidden;\" title=\"&#8220;\u00daltimas horas para inscribirse en la \u201cRonda de Negocios Olavarr\u00eda 2024\u201d&#8221; &#8212; Central de Noticias | Olavarr\u00eda\" src=\"https:\/\/cdnoticias.com\/index.php\/2024\/08\/21\/ultimas-horas-para-inscribirse-en-la-ronda-de-negocios-olavarria-2024\/embed\/#?secret=8iPwfrMg94#?secret=UXrJEHqR9T\" data-secret=\"UXrJEHqR9T\" width=\"600\" height=\"338\" frameborder=\"0\" marginwidth=\"0\" marginheight=\"0\" scrolling=\"no\"><\/iframe><\/p>\n<p>&nbsp;<\/p>\n<p>Fue consultado sobre el impacto de la<strong> ca\u00edda de la producci\u00f3n cementera: \u201cobviamente cuando hay una baja de despachos se siente en la econom\u00eda de Olavarr\u00eda<\/strong>. Se siente en los <strong>servicios directos, indirectos y hasta en el comercio<\/strong>. Por eso digo, tenemos que tratar de palear este tipo de bajas con herramientas. Por eso<strong> celebro lo que est\u00e1 haciendo hoy el Municipio de visibilizar lo que tenemos y llamar a las empresas para que nos vengan a buscar\u201d<\/strong>. A su vez, Longo aludi\u00f3 al rol de la Uni\u00f3n Industrial en este contexto, \u201ccomo instituci\u00f3n tenemos que acompa\u00f1ar\u201d.<\/p>\n<p>&nbsp;<\/p>\n<blockquote><p>Tambi\u00e9n con el Mesa de la Industria se lanz\u00f3 Olavarr\u00eda Produce 2024, una muestra que se realizar\u00e1 el 13 y 14 de septiembre. \u201cPara quien quiera exponer, es gratuito. Estamos ahora distribuyendo los stands para el que quiera promocionar o visibilizar lo que hace. Es llevar una oportunidad para poder hacerlo. Van a venir de toda la provincia, para vender lo que somos. Creo que est\u00e1 buen\u00edsimo lo que somos como marca. Creo que es una herramienta importante\u201d expres\u00f3.<\/p><\/blockquote>\n<p>&nbsp;<\/p>\n<figure id=\"attachment_114271\" aria-describedby=\"caption-attachment-114271\" style=\"width: 1000px\" class=\"wp-caption aligncenter\"><img data-recalc-dims=\"1\" loading=\"lazy\" decoding=\"async\" class=\"wp-image-114271 size-full\" src=\"https:\/\/i0.wp.com\/cdnoticias.com\/wp-content\/uploads\/2024\/04\/cesar-longo-02.jpg?resize=800%2C445&#038;ssl=1\" alt=\"\" width=\"800\" height=\"445\" srcset=\"https:\/\/i0.wp.com\/cdnoticias.com\/wp-content\/uploads\/2024\/04\/cesar-longo-02.jpg?w=1000&amp;ssl=1 1000w, https:\/\/i0.wp.com\/cdnoticias.com\/wp-content\/uploads\/2024\/04\/cesar-longo-02.jpg?resize=300%2C167&amp;ssl=1 300w, https:\/\/i0.wp.com\/cdnoticias.com\/wp-content\/uploads\/2024\/04\/cesar-longo-02.jpg?resize=768%2C427&amp;ssl=1 768w, https:\/\/i0.wp.com\/cdnoticias.com\/wp-content\/uploads\/2024\/04\/cesar-longo-02.jpg?resize=800%2C445&amp;ssl=1 800w\" sizes=\"auto, (max-width: 800px) 100vw, 800px\" \/><figcaption id=\"caption-attachment-114271\" class=\"wp-caption-text\">C\u00e9sar Longo: &#8220;En estos momentos de crisis, de baja producci\u00f3n, tenemos que ser creativos en tratar de dar herramientas para generar el negocio\u201d.<\/figcaption><\/figure>\n<p>&nbsp;<\/p>\n<p>A su vez <a href=\"https:\/\/cdnoticias.com\/index.php\/2024\/08\/27\/semana-de-la-industria-inscripcion-abierta-para-el-taller-del-programa-impulsar-loma-negra\/\" target=\"_blank\" rel=\"noopener\">se refiri\u00f3 a que <\/a><strong>el 6 de septiembre se dictar\u00e1 un taller \u201ccon Fundaci\u00f3n Loma Negra de introducci\u00f3n a la era digital\u201d<\/strong> y tambi\u00e9n en el marco del <strong>Mes de la Industria se programaron \u201ccharlas de empresarios de Olavarr\u00eda, lo cual creo que se suma para para dar energ\u00eda<\/strong>, para para contar lo que lo que uno puede so\u00f1ar y conseguir trabajando\u201d.<\/p>\n<p>&nbsp;<\/p>\n<p>Por \u00faltimo, fue consultado por la <strong>Cena del D\u00eda de la Industria<\/strong>, que se realizar\u00e1 el 7 de septiembre en el CEMO. <strong>\u201cEs la 25\u00aa edici\u00f3n, un cuarto de siglo, estamos todos expectantes, estamos contentos.<\/strong> Yo siempre digo que independientemente de ser una fiesta, <strong>tambi\u00e9n visibiliza lo importante que es la industria<\/strong>, porque siempre buscamos que sea una fiesta superadora. No solo hablamos de lo que es la industria, sino que lo que lo decimos y lo hacemos\u201d.<em> \u201cQuedan muy pocas entradas\u201d<\/em> aclar\u00f3 C\u00e9sar Longo.<\/p>\n<p>&nbsp;<\/p>\n","protected":false},"excerpt":{"rendered":"<p>El presidente de la Uni\u00f3n Industrial se refiri\u00f3 al cronograma del Mes de la Industria. M\u00e1s de 300 empresas para<\/p>\n","protected":false},"author":4,"featured_media":100367,"comment_status":"closed","ping_status":"closed","sticky":false,"template":"","format":"standard","meta":{"_jetpack_memberships_contains_paid_content":false,"footnotes":""},"categories":[5,1],"tags":[],"class_list":["post-123957","post","type-post","status-publish","format-standard","has-post-thumbnail","hentry","category-informacion-general","category-portada"],"jetpack_featured_media_url":"https:\/\/i0.wp.com\/cdnoticias.com\/wp-content\/uploads\/2023\/10\/wesner-longo-00.jpg?fit=800%2C444&ssl=1","jetpack_sharing_enabled":true,"_links":{"self":[{"href":"https:\/\/cdnoticias.com\/index.php\/wp-json\/wp\/v2\/posts\/123957","targetHints":{"allow":["GET"]}}],"collection":[{"href":"https:\/\/cdnoticias.com\/index.php\/wp-json\/wp\/v2\/posts"}],"about":[{"href":"https:\/\/cdnoticias.com\/index.php\/wp-json\/wp\/v2\/types\/post"}],"author":[{"embeddable":true,"href":"https:\/\/cdnoticias.com\/index.php\/wp-json\/wp\/v2\/users\/4"}],"replies":[{"embeddable":true,"href":"https:\/\/cdnoticias.com\/index.php\/wp-json\/wp\/v2\/comments?post=123957"}],"version-history":[{"count":0,"href":"https:\/\/cdnoticias.com\/index.php\/wp-json\/wp\/v2\/posts\/123957\/revisions"}],"wp:featuredmedia":[{"embeddable":true,"href":"https:\/\/cdnoticias.com\/index.php\/wp-json\/wp\/v2\/media\/100367"}],"wp:attachment":[{"href":"https:\/\/cdnoticias.com\/index.php\/wp-json\/wp\/v2\/media?parent=123957"}],"wp:term":[{"taxonomy":"category","embeddable":true,"href":"https:\/\/cdnoticias.com\/index.php\/wp-json\/wp\/v2\/categories?post=123957"},{"taxonomy":"post_tag","embeddable":true,"href":"https:\/\/cdnoticias.com\/index.php\/wp-json\/wp\/v2\/tags?post=123957"}],"curies":[{"name":"wp","href":"https:\/\/api.w.org\/{rel}","templated":true}]}}