{"id":123951,"date":"2024-08-28T18:33:20","date_gmt":"2024-08-28T21:33:20","guid":{"rendered":"https:\/\/cdnoticias.com\/?p=123951"},"modified":"2024-08-28T18:33:22","modified_gmt":"2024-08-28T21:33:22","slug":"charla-sobre-arbolado-en-el-museo-municipal-de-las-ciencias","status":"publish","type":"post","link":"https:\/\/cdnoticias.com\/index.php\/2024\/08\/28\/charla-sobre-arbolado-en-el-museo-municipal-de-las-ciencias\/","title":{"rendered":"Charla sobre arbolado en el Museo Municipal de las Ciencias"},"content":{"rendered":"\n<p>Ser\u00e1 el 30 de agosto en el marco del D\u00eda del \u00c1rbol. La actividad es gratuita y no requiere inscripci\u00f3n. Sortear\u00e1n \u00e1rboles entre los asistentes.<\/p>\n\n\n\n<hr class=\"wp-block-separator has-alpha-channel-opacity\"\/>\n\n\n\n<p>En el marco del<strong> D\u00eda del \u00c1rbol<\/strong> se brindar\u00e1 una charla abierta a toda la comunidad, organizada conjuntamente por la Coordinaci\u00f3n de Ambiente del Municipio, INTA y el Colegio de Ingenieros Agr\u00f3nomos.<\/p>\n\n\n\n<p><\/p>\n\n\n\n<p>Se invita a participar de la jornada que se llevar\u00e1 a cabo el d\u00eda <strong>viernes 30 de agosto, de 18 a 19 horas, <\/strong>en la sede del Museo Municipal de las Ciencias \u201cIng. Rita Toniutti\u201d (Av. Pellegrini 4200).<\/p>\n\n\n\n<p><\/p>\n\n\n\n<blockquote class=\"wp-block-quote is-layout-flow wp-block-quote-is-layout-flow\">\n<p>La actividad es abierta y gratuita y no requiere inscripci\u00f3n previa. En la oportunidad se sortear\u00e1n \u00e1rboles entre los asistentes al taller.<\/p>\n<\/blockquote>\n\n\n\n<p><\/p>\n\n\n\n<p>Entre los temas a tratar se encuentran: distintas magnitudes de arbolado que existen, los cuidados que hay que tener pre y post plantaci\u00f3n, y la importancia de plantar el \u00e1rbol correcto en el lugar adecuado.<\/p>\n\n\n\n<p><\/p>\n\n\n\n<p>En la jornada disertar\u00e1n: Ing. Agr. Bel\u00e9n Rosini (MP 120), Ing. Agr. Tom\u00e1s Luca (MP 2553) e Ing. Agr. L\u00eda Oyesqui (MP 4455).<\/p>\n\n\n\n<p><\/p>\n\n\n\n<p>Cada 29 de agosto se celebra en nuestro pa\u00eds se celebra el D\u00eda del \u00c1rbol, la conmemoraci\u00f3n fue propuesta por el Dr. Estanislao Zeballos como una fecha para recordar la importancia de los \u00e1rboles y su rol en el medio ambiente y promover su cuidado.<\/p>\n","protected":false},"excerpt":{"rendered":"<p>Ser\u00e1 el 30 de agosto en el marco del D\u00eda del \u00c1rbol. La actividad es gratuita y no requiere inscripci\u00f3n.<\/p>\n","protected":false},"author":2,"featured_media":123952,"comment_status":"closed","ping_status":"closed","sticky":false,"template":"","format":"standard","meta":{"_jetpack_memberships_contains_paid_content":false,"footnotes":""},"categories":[5,1],"tags":[],"class_list":["post-123951","post","type-post","status-publish","format-standard","has-post-thumbnail","hentry","category-informacion-general","category-portada"],"jetpack_featured_media_url":"https:\/\/i0.wp.com\/cdnoticias.com\/wp-content\/uploads\/2024\/08\/Charla-Arbolado-30-agosto-1-1024x1024-1.jpg?fit=800%2C445&ssl=1","jetpack_sharing_enabled":true,"_links":{"self":[{"href":"https:\/\/cdnoticias.com\/index.php\/wp-json\/wp\/v2\/posts\/123951","targetHints":{"allow":["GET"]}}],"collection":[{"href":"https:\/\/cdnoticias.com\/index.php\/wp-json\/wp\/v2\/posts"}],"about":[{"href":"https:\/\/cdnoticias.com\/index.php\/wp-json\/wp\/v2\/types\/post"}],"author":[{"embeddable":true,"href":"https:\/\/cdnoticias.com\/index.php\/wp-json\/wp\/v2\/users\/2"}],"replies":[{"embeddable":true,"href":"https:\/\/cdnoticias.com\/index.php\/wp-json\/wp\/v2\/comments?post=123951"}],"version-history":[{"count":0,"href":"https:\/\/cdnoticias.com\/index.php\/wp-json\/wp\/v2\/posts\/123951\/revisions"}],"wp:featuredmedia":[{"embeddable":true,"href":"https:\/\/cdnoticias.com\/index.php\/wp-json\/wp\/v2\/media\/123952"}],"wp:attachment":[{"href":"https:\/\/cdnoticias.com\/index.php\/wp-json\/wp\/v2\/media?parent=123951"}],"wp:term":[{"taxonomy":"category","embeddable":true,"href":"https:\/\/cdnoticias.com\/index.php\/wp-json\/wp\/v2\/categories?post=123951"},{"taxonomy":"post_tag","embeddable":true,"href":"https:\/\/cdnoticias.com\/index.php\/wp-json\/wp\/v2\/tags?post=123951"}],"curies":[{"name":"wp","href":"https:\/\/api.w.org\/{rel}","templated":true}]}}