{"id":123938,"date":"2024-08-27T20:48:37","date_gmt":"2024-08-27T23:48:37","guid":{"rendered":"https:\/\/cdnoticias.com\/?p=123938"},"modified":"2024-08-28T08:15:53","modified_gmt":"2024-08-28T11:15:53","slug":"sigo-sintiendo-el-mismo-cosquilleo-de-cuando-era-un-adolescente-en-el-escenario","status":"publish","type":"post","link":"https:\/\/cdnoticias.com\/index.php\/2024\/08\/27\/sigo-sintiendo-el-mismo-cosquilleo-de-cuando-era-un-adolescente-en-el-escenario\/","title":{"rendered":"\u201cSigo sintiendo el mismo cosquilleo de cuando era un adolescente en el escenario\u201d"},"content":{"rendered":"\n<p>Las expectativas por la vuelta de Fac\u00f3n cada vez son m\u00e1s grandes ante el show que se dar\u00e1 en el Teatro Municipal el pr\u00f3ximo 21 de septiembre. Guillermo \u201cTurco\u201d Chiodi dialog\u00f3 con Central de Noticias y reflexion\u00f3 sobre la vuelta a los escenarios y los proyectos que se vienen.<\/p>\n\n\n\n<hr class=\"wp-block-separator aligncenter has-alpha-channel-opacity\"\/>\n\n\n\n<p>El pr\u00f3ximo <strong>21 de septiembre en el Teatro Municipal se presentar\u00e1 la banda \u201cFac\u00f3n\u201d <\/strong>luego de 20 a\u00f1os de inactividad en un regreso hist\u00f3rico para generaciones enteras que disfrutaron de su m\u00fasica en los finales de los 90&#8242; e inicios de los 2000.<\/p>\n\n\n\n<p><\/p>\n\n\n\n<p>La banda oriunda de Azul <strong>inici\u00f3 su carrera el 11 de noviembre de 1996 <\/strong>y edit\u00f3 su primer CD titulado\u00a0 \u201cPeleador\u201d (1998) el cual tuvo gran \u00e9xito.<strong> <\/strong>El disco contiene canciones como \u201cYo soy Ella\u201d; \u201cLa Mariposa\u201d; \u201cTu querer\u201d y \u201cCantar\u00e9\u201d. Con ese \u00e9xito, tambi\u00e9n tuvieron una gran difusi\u00f3n sus otros dos discos, &#8220;Adentro&#8221; y &#8220;Mundo Caparaz\u00f3n&#8221; (2000), tambi\u00e9n plagado de \u00e9xitos como &#8220;Superalado&#8221;, &#8220;Maquillando las noticias&#8221; y &#8220;Peleador&#8221;.<\/p>\n\n\n\n<p><\/p>\n\n\n\n<p>La nueva formaci\u00f3n de Fac\u00f3n est\u00e1 integrada por el Guillermo &#8220;Turco&#8221; Chiodi en guitarra y voz, Pieri Salda\u00f1o en charango y voz, Berna Lupo en bater\u00eda, Ricky Rodr\u00edguez en guitarra, viol\u00edn y voz y Mosca Scillone en bajo, guitarra y voz.<\/p>\n\n\n\n<p><\/p>\n\n\n\n<p><em>Central de Noticias <\/em>dialog\u00f3 con <strong>Guillermo \u201cTurco\u201d Chiodi <\/strong>quien expres\u00f3 que \u201c<strong>es una alegr\u00eda que haya tanta expectativa por el regreso.<\/strong> Mucha gente de distintas ciudades de la provincia de Buenos Aires nos ven\u00edan diciendo por qu\u00e9 no nos volv\u00edamos a juntar y nos convencieron. <strong>Estamos entusiasmad\u00edsimos\u201d.<\/strong><\/p>\n\n\n\n<p><\/p>\n\n\n\n<p>La <strong>separaci\u00f3n de la banda fue en el a\u00f1o 2004<\/strong> y desde ese entonces no han vuelto a pisar escenarios juntos. Ante la consulta de las diferencias a la hora de hacer m\u00fasica luego de 20 a\u00f1os Chiodi sostuvo que <strong>\u201cuno siempre tiene las mismas ganas de tocar en vivo de siempre. Yo sigo sintiendo el mismo cosquilleo de cuando era un adolescente en el escenario\u201d.<\/strong><\/p>\n\n\n\n<p><\/p>\n\n\n\n<figure class=\"wp-block-image aligncenter size-full\"><img data-recalc-dims=\"1\" loading=\"lazy\" decoding=\"async\" width=\"800\" height=\"409\" src=\"https:\/\/i0.wp.com\/cdnoticias.com\/wp-content\/uploads\/2024\/06\/facon-vuelta2.jpg?resize=800%2C409&#038;ssl=1\" alt=\"\" class=\"wp-image-119578\" srcset=\"https:\/\/i0.wp.com\/cdnoticias.com\/wp-content\/uploads\/2024\/06\/facon-vuelta2.jpg?w=900&amp;ssl=1 900w, https:\/\/i0.wp.com\/cdnoticias.com\/wp-content\/uploads\/2024\/06\/facon-vuelta2.jpg?resize=300%2C153&amp;ssl=1 300w, https:\/\/i0.wp.com\/cdnoticias.com\/wp-content\/uploads\/2024\/06\/facon-vuelta2.jpg?resize=768%2C393&amp;ssl=1 768w\" sizes=\"auto, (max-width: 800px) 100vw, 800px\" \/><\/figure>\n\n\n\n<p><\/p>\n\n\n\n<blockquote class=\"wp-block-quote is-layout-flow wp-block-quote-is-layout-flow\">\n<p>\u201cUna de las cosas que m\u00e1s me gusta en la vida es tocar en vivo, poder cantar mis canciones y tener ese ida y vuelta con la con la gente. La diferencia que veo en este momeneto es m\u00e1s responsabilidad. Me parece que estamos muy preocupados por los detalles de cada canci\u00f3n y del show como para que todo sea impecable y que no haya descuidos\u201d agreg\u00f3 Chiodi.<\/p>\n<\/blockquote>\n\n\n\n<p><\/p>\n\n\n\n<p>En la misma l\u00ednea, expres\u00f3 que entre los compa\u00f1eros de la banda \u201c<strong><em>hay mucha ansiedad porque llegue la fecha y por poder estar en contacto otra vez con el p\u00fablico. Lo que nos sucede en este momento es estar con mucha rigurosidad en los ensayos, cosa que no me ocurr\u00eda hace much\u00edsimos a\u00f1os el dedicarle tanto tiempo a realmente que suene cada detalle\u201d.<\/em><\/strong><\/p>\n\n\n\n<p><\/p>\n\n\n\n<figure class=\"wp-block-image aligncenter size-full\"><img data-recalc-dims=\"1\" loading=\"lazy\" decoding=\"async\" width=\"800\" height=\"414\" src=\"https:\/\/i0.wp.com\/cdnoticias.com\/wp-content\/uploads\/2024\/07\/facon-banda1.png?resize=800%2C414&#038;ssl=1\" alt=\"\" class=\"wp-image-120532\" srcset=\"https:\/\/i0.wp.com\/cdnoticias.com\/wp-content\/uploads\/2024\/07\/facon-banda1.png?w=891&amp;ssl=1 891w, https:\/\/i0.wp.com\/cdnoticias.com\/wp-content\/uploads\/2024\/07\/facon-banda1.png?resize=300%2C155&amp;ssl=1 300w, https:\/\/i0.wp.com\/cdnoticias.com\/wp-content\/uploads\/2024\/07\/facon-banda1.png?resize=768%2C397&amp;ssl=1 768w\" sizes=\"auto, (max-width: 800px) 100vw, 800px\" \/><\/figure>\n\n\n\n<p><\/p>\n\n\n\n<p>Sobre el show, el m\u00fasico cont\u00f3 que las personas se van a encontrar con un<strong> repertorio largo, de aproximadamente dos horas<\/strong>: \u201cVamos a recorrer gran parte de los tres discos que sacamos <strong><em>\u201cPeleador\u201d \u201cMundo Caparaz\u00f3n\u201d<\/em><\/strong> y<strong><em> \u201cAdentro\u201d<\/em><\/strong>.<\/p>\n\n\n\n<p><\/p>\n\n\n\n<blockquote class=\"wp-block-quote is-layout-flow wp-block-quote-is-layout-flow\">\n<p>Asimismo, un detalle importante se suma a los shows en vivo ya que \u201cesta vez va a ser en formato de quinteto, lo cual nos permite tambi\u00e9n hacer sonar las canciones tal cual se escucharon en el disco. Muchas veces nosotros grab\u00e1bamos violines o guitarras que despu\u00e9s en vivo no se pod\u00edan llevar a cabo\u00a0por falta de integrantes. Esta vez vamos a trasladar al escenario el disco como suena realmente\u201d afirm\u00f3 Chiodi.<\/p>\n<\/blockquote>\n\n\n\n<p><\/p>\n\n\n\n<p>Si bien en este momento la banda est\u00e1 abocada a los ensayos, Chiodi cont\u00f3 que \u201c<strong>luego tenemos pensado grabar algunas canciones, hacer algunos videos y hacer que eso suene<\/strong>. Ya tenemos mucho material compuesto para poder hacerlo. Ni bien tengamos nuevo material estaremos subi\u00e9ndolo a todas las plataformas\u201d.<\/p>\n\n\n\n<p><\/p>\n\n\n\n<figure class=\"wp-block-image aligncenter size-full\"><img data-recalc-dims=\"1\" loading=\"lazy\" decoding=\"async\" width=\"800\" height=\"434\" src=\"https:\/\/i0.wp.com\/cdnoticias.com\/wp-content\/uploads\/2024\/06\/facon-vuelta.jpg?resize=800%2C434&#038;ssl=1\" alt=\"\" class=\"wp-image-119576\" srcset=\"https:\/\/i0.wp.com\/cdnoticias.com\/wp-content\/uploads\/2024\/06\/facon-vuelta.jpg?w=900&amp;ssl=1 900w, https:\/\/i0.wp.com\/cdnoticias.com\/wp-content\/uploads\/2024\/06\/facon-vuelta.jpg?resize=300%2C163&amp;ssl=1 300w, https:\/\/i0.wp.com\/cdnoticias.com\/wp-content\/uploads\/2024\/06\/facon-vuelta.jpg?resize=768%2C416&amp;ssl=1 768w\" sizes=\"auto, (max-width: 800px) 100vw, 800px\" \/><\/figure>\n\n\n\n<p><\/p>\n\n\n\n<p><em>\u201cInvitamos a la gente que nos siga en las redes sociales que antes no ten\u00edamos. Nosotros dejamos la banda a comienzos del a\u00f1o 2000 y las plataformas son una novedad para Fac\u00f3n, los discos se encuentran en Spotify<\/em>\u201d expres\u00f3 el m\u00fasico entre risas.<\/p>\n\n\n\n<p><\/p>\n\n\n\n<p>Por \u00faltimo, Chiodi cerr\u00f3: <strong><em>\u201cEstamos muy contentos de que sea en Olavarr\u00eda este regreso. La expectativa es poder hacer shows donde el que no conoce a Fac\u00f3n se quede con una sensaci\u00f3n de que est\u00e1 bueno y al que ven\u00eda escuchando la banda llevarlo en un viaje hacia los a\u00f1os que ten\u00eda cuando escucho por primera vez Fac\u00f3n, hacerlo vibrar y sentir esa magia de que la m\u00fasica te lleva a lugares, a una determinada \u00e9poca o incluso a personas\u201d.<\/em><\/strong><\/p>\n","protected":false},"excerpt":{"rendered":"<p>Las expectativas por la vuelta de Fac\u00f3n cada vez son m\u00e1s grandes ante el show que se dar\u00e1 en el<\/p>\n","protected":false},"author":6,"featured_media":120531,"comment_status":"closed","ping_status":"closed","sticky":false,"template":"","format":"standard","meta":{"_jetpack_memberships_contains_paid_content":false,"footnotes":""},"categories":[9,1],"tags":[],"class_list":["post-123938","post","type-post","status-publish","format-standard","has-post-thumbnail","hentry","category-cultura","category-portada"],"jetpack_featured_media_url":"https:\/\/i0.wp.com\/cdnoticias.com\/wp-content\/uploads\/2024\/07\/facon-banda.png?fit=889%2C467&ssl=1","jetpack_sharing_enabled":true,"_links":{"self":[{"href":"https:\/\/cdnoticias.com\/index.php\/wp-json\/wp\/v2\/posts\/123938","targetHints":{"allow":["GET"]}}],"collection":[{"href":"https:\/\/cdnoticias.com\/index.php\/wp-json\/wp\/v2\/posts"}],"about":[{"href":"https:\/\/cdnoticias.com\/index.php\/wp-json\/wp\/v2\/types\/post"}],"author":[{"embeddable":true,"href":"https:\/\/cdnoticias.com\/index.php\/wp-json\/wp\/v2\/users\/6"}],"replies":[{"embeddable":true,"href":"https:\/\/cdnoticias.com\/index.php\/wp-json\/wp\/v2\/comments?post=123938"}],"version-history":[{"count":0,"href":"https:\/\/cdnoticias.com\/index.php\/wp-json\/wp\/v2\/posts\/123938\/revisions"}],"wp:featuredmedia":[{"embeddable":true,"href":"https:\/\/cdnoticias.com\/index.php\/wp-json\/wp\/v2\/media\/120531"}],"wp:attachment":[{"href":"https:\/\/cdnoticias.com\/index.php\/wp-json\/wp\/v2\/media?parent=123938"}],"wp:term":[{"taxonomy":"category","embeddable":true,"href":"https:\/\/cdnoticias.com\/index.php\/wp-json\/wp\/v2\/categories?post=123938"},{"taxonomy":"post_tag","embeddable":true,"href":"https:\/\/cdnoticias.com\/index.php\/wp-json\/wp\/v2\/tags?post=123938"}],"curies":[{"name":"wp","href":"https:\/\/api.w.org\/{rel}","templated":true}]}}