{"id":123928,"date":"2024-08-26T20:25:06","date_gmt":"2024-08-26T23:25:06","guid":{"rendered":"https:\/\/cdnoticias.com\/?p=123928"},"modified":"2024-08-27T10:29:07","modified_gmt":"2024-08-27T13:29:07","slug":"derechos-humanos-nos-debemos-una-convocatoria-a-las-generaciones-mas-actuales","status":"publish","type":"post","link":"https:\/\/cdnoticias.com\/index.php\/2024\/08\/26\/derechos-humanos-nos-debemos-una-convocatoria-a-las-generaciones-mas-actuales\/","title":{"rendered":"Derechos Humanos: \u201cnos debemos una convocatoria a las generaciones m\u00e1s actuales\u201d"},"content":{"rendered":"\n<p>La abogada Mariana Catanzaro convoc\u00f3 a toda la sociedad a una nueva reuni\u00f3n para retomar la Asamblea Permanente por los Derechos Humanos en la ciudad. El pr\u00f3ximo mi\u00e9rcoles 28 de agosto se reunir\u00e1n en Suteba desde las 19:00. <\/p>\n\n\n\n<hr class=\"wp-block-separator aligncenter has-alpha-channel-opacity\"\/>\n\n\n\n<p>La <strong>Asamblea Permanente por los Derechos Humanos<\/strong> funciona desde diciembre de 1975 en todo el pa\u00eds en respuesta a la quiebra de la vigencia de derechos humanos que se escalaba en toda la Argentina.<\/p>\n\n\n\n<p><\/p>\n\n\n\n<p><em>Radio Universidad<\/em> dialog\u00f3 con la <strong>abogada Mariana Catanzaro<\/strong> sobre una <strong>nueva reuni\u00f3n donde se convoca a toda la sociedad a retomar la Asamblea Permanente por los Derechos Humanos<\/strong> (APDH) <strong>en la ciudad.<\/strong><\/p>\n\n\n\n<p><\/p>\n\n\n\n<blockquote class=\"wp-block-quote is-layout-flow wp-block-quote-is-layout-flow\">\n<p>La nueva reuni\u00f3n ser\u00e1 el pr\u00f3ximo mi\u00e9rcoles 28 de agosto en Suteba (San Mart\u00edn 2972) a partir de las 19:00. <\/p>\n<\/blockquote>\n\n\n\n<p><\/p>\n\n\n\n<figure class=\"wp-block-image size-large\"><img data-recalc-dims=\"1\" loading=\"lazy\" decoding=\"async\" width=\"800\" height=\"564\" src=\"https:\/\/i0.wp.com\/cdnoticias.com\/wp-content\/uploads\/2024\/08\/WhatsApp-Image-2024-08-26-at-8.22.16-PM.jpeg?resize=800%2C564&#038;ssl=1\" alt=\"\" class=\"wp-image-123936\" srcset=\"https:\/\/i0.wp.com\/cdnoticias.com\/wp-content\/uploads\/2024\/08\/WhatsApp-Image-2024-08-26-at-8.22.16-PM.jpeg?resize=1024%2C722&amp;ssl=1 1024w, https:\/\/i0.wp.com\/cdnoticias.com\/wp-content\/uploads\/2024\/08\/WhatsApp-Image-2024-08-26-at-8.22.16-PM.jpeg?resize=300%2C212&amp;ssl=1 300w, https:\/\/i0.wp.com\/cdnoticias.com\/wp-content\/uploads\/2024\/08\/WhatsApp-Image-2024-08-26-at-8.22.16-PM.jpeg?resize=768%2C541&amp;ssl=1 768w, https:\/\/i0.wp.com\/cdnoticias.com\/wp-content\/uploads\/2024\/08\/WhatsApp-Image-2024-08-26-at-8.22.16-PM.jpeg?resize=1536%2C1083&amp;ssl=1 1536w, https:\/\/i0.wp.com\/cdnoticias.com\/wp-content\/uploads\/2024\/08\/WhatsApp-Image-2024-08-26-at-8.22.16-PM.jpeg?w=1600&amp;ssl=1 1600w\" sizes=\"auto, (max-width: 800px) 100vw, 800px\" \/><\/figure>\n\n\n\n<p><\/p>\n\n\n\n<p>\u201cDesde hace un tiempo en Olavarr\u00eda no ten\u00edamos reuniones peri\u00f3dicas como corresponde entonces nos estamos tratando de organizar nuevamente para retomar las actividades\u201d sostuvo Catanzaro.<\/p>\n\n\n\n<p><\/p>\n\n\n\n<p>\u201cLa idea es que<strong> todas aquellas personas que est\u00e9n interesadas en la promoci\u00f3n y protecci\u00f3n de los Derechos Humanos se acerquen y participen<\/strong>. Que se interioricen y que sirvan de alertas a todas la comunidades de asuntos que son transversales que tienen que ver con la defensa de todos los derechos humanos\u201d sostuvo la abogada.<\/p>\n\n\n\n<p><\/p>\n\n\n\n<p>A la par que agreg\u00f3 que \u201cla idea es que de alguna manera lo pongamos en palabras y tambi\u00e9n en acci\u00f3n para ver de qu\u00e9 manera logramos que los olavarrienses vivamos mejor\u201d.<\/p>\n\n\n\n<p><\/p>\n\n\n\n<blockquote class=\"wp-block-quote is-layout-flow wp-block-quote-is-layout-flow\">\n<p>Sobre la nueva convocatoria, Catanzaro agreg\u00f3 que \u201clo ven\u00edamos pensando hace tiempo. Hay mucha gente valiosa en Olavarr\u00eda en el \u00e1rea de Derechos Humanos. Todos los compa\u00f1eros de la Comisi\u00f3n por la Memoria para m\u00ed son referentes sin los cuales no doy un paso sin consultarlo y sin charlarlo con ellos. Les he compartido mi motivaci\u00f3n de que la APDH tenga una voz local\u201d.<\/p>\n<\/blockquote>\n\n\n\n<p><\/p>\n\n\n\n<p>En la misma l\u00ednea, la abogada remarc\u00f3 que \u201c<strong>hay gente muy representativa en Olavarr\u00eda pero tambi\u00e9n nos debemos una convocatoria a las generaciones m\u00e1s actuales. LA APDH es un buen lugar para todos aquellos que tienen la actitud de mirar para el costado y solidarizase con los otros\u201d.<\/strong><\/p>\n\n\n\n<p><\/p>\n\n\n\n<p class=\"has-medium-font-size\"><strong>\u201cLas nuevas generaciones no tienen ganas de participar en espacios pol\u00edticos partidarios\u201d<\/strong><\/p>\n\n\n\n<p><\/p>\n\n\n\n<p>Catanzaro explic\u00f3 que<strong> la convocatoria es especialmente para los j\u00f3venes<\/strong> debido a que muchos \u201c<strong>no tienen ganas de participar espacios pol\u00edticos partidarios pero si lo convocan la tem\u00e1tica de Derechos Humanos\u201d.<\/strong><\/p>\n\n\n\n<p><\/p>\n\n\n\n<blockquote class=\"wp-block-quote is-layout-flow wp-block-quote-is-layout-flow\">\n<p>\u201cNosotros estamos para se\u00f1alar aquellos aspectos en los cuales hay violaciones en los Derechos Humanos en cualquier agente del estado. Si hay una falta en un organismo p\u00fablico nacional lo se\u00f1alamos, y si la falta la comete un organismo provincial tambi\u00e9n\u201d agreg\u00f3 la abogada.<\/p>\n<\/blockquote>\n\n\n\n<p><\/p>\n\n\n\n<p>\u201cHay que mostrarles a los j\u00f3venes que<strong> la \u00fanica manera de ser asertivos y que la cr\u00edtica sea constructiva es participando en organismos que se\u00f1alen lo que est\u00e1 mal del organismo que sea.<\/strong> Sea nuestro Intendente o la polic\u00eda local, la Asamblea Permanente va a estar ah\u00ed para se\u00f1alarlo de manera objetiva\u201d reafirm\u00f3 Catanzaro.<\/p>\n\n\n\n<p><\/p>\n\n\n\n<p>Asimismo, la abogada dijo que \u201c<strong>en ese sentido no somos ilusos. No espero la misma reacci\u00f3n de un organismo que dependa del gobierno nacional porque abiertamente se pronunciaron en contra de los Derechos Humanos\u201d.<\/strong><\/p>\n\n\n\n<p><\/p>\n\n\n\n<p>Por \u00faltimo, Catanzaro reflexion\u00f3 sobre la actualidad en relaci\u00f3n con lo sucedido en la \u00faltima dictadura c\u00edvico militar afirm\u00f3 que \u201cdeber\u00edamos volver a trabajar sobre explicar bien, debemos comprender que las generaciones m\u00e1s actuales no vivieron eso. <strong>Nos toca a los organismos de Derechos Humanos dar una explicaci\u00f3n de lo que pas\u00f3 <\/strong>porque si no muy a nuestro pesar termina triunfando la idea de un pol\u00edtico libertario. <strong>A veces la batalla cultural la hemos perdido por no dar debates\u201d.<\/strong><\/p>\n","protected":false},"excerpt":{"rendered":"<p>La abogada Mariana Catanzaro convoc\u00f3 a toda la sociedad a una nueva reuni\u00f3n para retomar la Asamblea Permanente por los<\/p>\n","protected":false},"author":6,"featured_media":112228,"comment_status":"closed","ping_status":"closed","sticky":false,"template":"","format":"standard","meta":{"_jetpack_memberships_contains_paid_content":false,"footnotes":""},"categories":[5,1],"tags":[],"class_list":["post-123928","post","type-post","status-publish","format-standard","has-post-thumbnail","hentry","category-informacion-general","category-portada"],"jetpack_featured_media_url":"https:\/\/i0.wp.com\/cdnoticias.com\/wp-content\/uploads\/2024\/03\/MarchaMemoriaOlavarria-50.jpg?fit=1024%2C680&ssl=1","jetpack_sharing_enabled":true,"_links":{"self":[{"href":"https:\/\/cdnoticias.com\/index.php\/wp-json\/wp\/v2\/posts\/123928","targetHints":{"allow":["GET"]}}],"collection":[{"href":"https:\/\/cdnoticias.com\/index.php\/wp-json\/wp\/v2\/posts"}],"about":[{"href":"https:\/\/cdnoticias.com\/index.php\/wp-json\/wp\/v2\/types\/post"}],"author":[{"embeddable":true,"href":"https:\/\/cdnoticias.com\/index.php\/wp-json\/wp\/v2\/users\/6"}],"replies":[{"embeddable":true,"href":"https:\/\/cdnoticias.com\/index.php\/wp-json\/wp\/v2\/comments?post=123928"}],"version-history":[{"count":0,"href":"https:\/\/cdnoticias.com\/index.php\/wp-json\/wp\/v2\/posts\/123928\/revisions"}],"wp:featuredmedia":[{"embeddable":true,"href":"https:\/\/cdnoticias.com\/index.php\/wp-json\/wp\/v2\/media\/112228"}],"wp:attachment":[{"href":"https:\/\/cdnoticias.com\/index.php\/wp-json\/wp\/v2\/media?parent=123928"}],"wp:term":[{"taxonomy":"category","embeddable":true,"href":"https:\/\/cdnoticias.com\/index.php\/wp-json\/wp\/v2\/categories?post=123928"},{"taxonomy":"post_tag","embeddable":true,"href":"https:\/\/cdnoticias.com\/index.php\/wp-json\/wp\/v2\/tags?post=123928"}],"curies":[{"name":"wp","href":"https:\/\/api.w.org\/{rel}","templated":true}]}}