{"id":123894,"date":"2024-08-27T10:11:32","date_gmt":"2024-08-27T13:11:32","guid":{"rendered":"https:\/\/cdnoticias.com\/?p=123894"},"modified":"2024-08-27T10:11:34","modified_gmt":"2024-08-27T13:11:34","slug":"semana-de-la-industria-inscripcion-abierta-para-el-taller-del-programa-impulsar-loma-negra","status":"publish","type":"post","link":"https:\/\/cdnoticias.com\/index.php\/2024\/08\/27\/semana-de-la-industria-inscripcion-abierta-para-el-taller-del-programa-impulsar-loma-negra\/","title":{"rendered":"Semana de la Industria: inscripci\u00f3n abierta para el taller del Programa Impulsar Loma Negra"},"content":{"rendered":"<p>La Uni\u00f3n Industrial invit\u00f3 al taller exclusivo con cupos limitados para 30 empresas. Se dictar\u00e1 el viernes 6 de septiembre.<!--more--><\/p>\n<hr \/>\n<p>La <strong>Uni\u00f3n Industrial de Olavarr\u00eda<\/strong> inform\u00f3 que est\u00e1 abierta la<strong> inscripci\u00f3n<\/strong> para <strong>participar en un taller exclusivo del Programa Impulsar Loma Negra<\/strong> en el marco de la Semana de la Industria.<\/p>\n<p>Se aclar\u00f3 que la propuesta tiene <strong>cupos limitados para solo 30 empresas<\/strong> con lo que los interesados deben<strong> inscribirse a trav\u00e9s del formulario <a href=\"https:\/\/acortar.link\/kZHLoe\" target=\"_blank\" rel=\"noopener\">disponible aqu\u00ed<\/a><\/strong>.<\/p>\n<p>El taller se dictar\u00e1 el <strong>viernes 6 de septiembre<\/strong> a partir de las <strong>8<\/strong> en el <strong>Sal\u00f3n Rivadavia de la Municipalidad.<\/strong><\/p>\n<p><em>\u201cEl Programa Impulsar es esencial para nuestra estrategia de sostenibilidad, enfoc\u00e1ndose en fortalecer a todos los actores de nuestra cadena de valor\u201d<\/em> defini\u00f3 la Uni\u00f3n Industrial.<\/p>\n","protected":false},"excerpt":{"rendered":"<p>La Uni\u00f3n Industrial invit\u00f3 al taller exclusivo con cupos limitados para 30 empresas. Se dictar\u00e1 el viernes 6 de septiembre.<\/p>\n","protected":false},"author":4,"featured_media":123895,"comment_status":"closed","ping_status":"closed","sticky":false,"template":"","format":"standard","meta":{"_jetpack_memberships_contains_paid_content":false,"footnotes":""},"categories":[5,1],"tags":[],"class_list":["post-123894","post","type-post","status-publish","format-standard","has-post-thumbnail","hentry","category-informacion-general","category-portada"],"jetpack_featured_media_url":"https:\/\/i0.wp.com\/cdnoticias.com\/wp-content\/uploads\/2024\/08\/union-industrial-programa-impulsar-00.jpg?fit=600%2C333&ssl=1","jetpack_sharing_enabled":true,"_links":{"self":[{"href":"https:\/\/cdnoticias.com\/index.php\/wp-json\/wp\/v2\/posts\/123894","targetHints":{"allow":["GET"]}}],"collection":[{"href":"https:\/\/cdnoticias.com\/index.php\/wp-json\/wp\/v2\/posts"}],"about":[{"href":"https:\/\/cdnoticias.com\/index.php\/wp-json\/wp\/v2\/types\/post"}],"author":[{"embeddable":true,"href":"https:\/\/cdnoticias.com\/index.php\/wp-json\/wp\/v2\/users\/4"}],"replies":[{"embeddable":true,"href":"https:\/\/cdnoticias.com\/index.php\/wp-json\/wp\/v2\/comments?post=123894"}],"version-history":[{"count":0,"href":"https:\/\/cdnoticias.com\/index.php\/wp-json\/wp\/v2\/posts\/123894\/revisions"}],"wp:featuredmedia":[{"embeddable":true,"href":"https:\/\/cdnoticias.com\/index.php\/wp-json\/wp\/v2\/media\/123895"}],"wp:attachment":[{"href":"https:\/\/cdnoticias.com\/index.php\/wp-json\/wp\/v2\/media?parent=123894"}],"wp:term":[{"taxonomy":"category","embeddable":true,"href":"https:\/\/cdnoticias.com\/index.php\/wp-json\/wp\/v2\/categories?post=123894"},{"taxonomy":"post_tag","embeddable":true,"href":"https:\/\/cdnoticias.com\/index.php\/wp-json\/wp\/v2\/tags?post=123894"}],"curies":[{"name":"wp","href":"https:\/\/api.w.org\/{rel}","templated":true}]}}