{"id":123890,"date":"2024-08-26T10:23:24","date_gmt":"2024-08-26T13:23:24","guid":{"rendered":"https:\/\/cdnoticias.com\/?p=123890"},"modified":"2024-08-26T10:23:26","modified_gmt":"2024-08-26T13:23:26","slug":"festejos-patronales-de-san-maximiliano-kolbe-y-virgen-de-urkupina-de-interes-legislativo-municipal","status":"publish","type":"post","link":"https:\/\/cdnoticias.com\/index.php\/2024\/08\/26\/festejos-patronales-de-san-maximiliano-kolbe-y-virgen-de-urkupina-de-interes-legislativo-municipal\/","title":{"rendered":"Festejos Patronales de San Maximiliano Kolbe y Virgen de Urkupi\u00f1a, de inter\u00e9s legislativo municipal"},"content":{"rendered":"<p>El concejal Carlos Coscia (PRO) entreg\u00f3 el reconocimiento el pasado fin de semana.<!--more--><\/p>\n<hr \/>\n<p>El pasado 14 de agosto se celebraron los <strong>festejos patronales en honor a San Maximiliano Kolbe y la virgen de Urkupi\u00f1a<\/strong>, en el predio donde se construyen los cimientos de la capilla.<\/p>\n<p><a href=\"https:\/\/cdnoticias.com\/index.php\/2024\/08\/22\/emergencia-de-transporte-publico-la-empresa-de-recorrido-urbano-presento-un-plan-de-inversion\/\">En la \u00faltima sesi\u00f3n ordinaria del HCD<\/a>, <strong>fueron declarados de Inter\u00e9s Legislativo Municipal<\/strong> por unanimidad los festejos patronales.<\/p>\n<p><img data-recalc-dims=\"1\" loading=\"lazy\" decoding=\"async\" class=\"size-full wp-image-123892 aligncenter\" src=\"https:\/\/i0.wp.com\/cdnoticias.com\/wp-content\/uploads\/2024\/08\/carlos-coscia-patronales-00.jpg?resize=800%2C445&#038;ssl=1\" alt=\"\" width=\"800\" height=\"445\" srcset=\"https:\/\/i0.wp.com\/cdnoticias.com\/wp-content\/uploads\/2024\/08\/carlos-coscia-patronales-00.jpg?w=800&amp;ssl=1 800w, https:\/\/i0.wp.com\/cdnoticias.com\/wp-content\/uploads\/2024\/08\/carlos-coscia-patronales-00.jpg?resize=300%2C167&amp;ssl=1 300w, https:\/\/i0.wp.com\/cdnoticias.com\/wp-content\/uploads\/2024\/08\/carlos-coscia-patronales-00.jpg?resize=768%2C427&amp;ssl=1 768w\" sizes=\"auto, (max-width: 800px) 100vw, 800px\" \/><\/p>\n<p>Por este motivo,<strong> el concejal de Pro, Carlos Coscia, entreg\u00f3 el reconocimiento<\/strong> el pasado fin de semana en la misa que tuvo lugar <strong>en la Capilla Ambulante \u201cFamilia de Nazareth\u201d<\/strong>, oficiada por el Padre Pancho Vallejos.<\/p>\n<p>El bloque PRO en el Concejo Deliberante destac\u00f3 que <em>desde 2016, un grupo de vecinos del barrio Villa Aurora impulsa la construcci\u00f3n de la capilla, en Betty Roca de Schwindt al 2400.<\/em><\/p>\n","protected":false},"excerpt":{"rendered":"<p>El concejal Carlos Coscia (PRO) entreg\u00f3 el reconocimiento el pasado fin de semana.<\/p>\n","protected":false},"author":4,"featured_media":123891,"comment_status":"closed","ping_status":"closed","sticky":false,"template":"","format":"standard","meta":{"_jetpack_memberships_contains_paid_content":false,"footnotes":""},"categories":[5,1],"tags":[],"class_list":["post-123890","post","type-post","status-publish","format-standard","has-post-thumbnail","hentry","category-informacion-general","category-portada"],"jetpack_featured_media_url":"https:\/\/i0.wp.com\/cdnoticias.com\/wp-content\/uploads\/2024\/08\/carlos-coscia-patronales-01.jpg?fit=800%2C445&ssl=1","jetpack_sharing_enabled":true,"_links":{"self":[{"href":"https:\/\/cdnoticias.com\/index.php\/wp-json\/wp\/v2\/posts\/123890","targetHints":{"allow":["GET"]}}],"collection":[{"href":"https:\/\/cdnoticias.com\/index.php\/wp-json\/wp\/v2\/posts"}],"about":[{"href":"https:\/\/cdnoticias.com\/index.php\/wp-json\/wp\/v2\/types\/post"}],"author":[{"embeddable":true,"href":"https:\/\/cdnoticias.com\/index.php\/wp-json\/wp\/v2\/users\/4"}],"replies":[{"embeddable":true,"href":"https:\/\/cdnoticias.com\/index.php\/wp-json\/wp\/v2\/comments?post=123890"}],"version-history":[{"count":0,"href":"https:\/\/cdnoticias.com\/index.php\/wp-json\/wp\/v2\/posts\/123890\/revisions"}],"wp:featuredmedia":[{"embeddable":true,"href":"https:\/\/cdnoticias.com\/index.php\/wp-json\/wp\/v2\/media\/123891"}],"wp:attachment":[{"href":"https:\/\/cdnoticias.com\/index.php\/wp-json\/wp\/v2\/media?parent=123890"}],"wp:term":[{"taxonomy":"category","embeddable":true,"href":"https:\/\/cdnoticias.com\/index.php\/wp-json\/wp\/v2\/categories?post=123890"},{"taxonomy":"post_tag","embeddable":true,"href":"https:\/\/cdnoticias.com\/index.php\/wp-json\/wp\/v2\/tags?post=123890"}],"curies":[{"name":"wp","href":"https:\/\/api.w.org\/{rel}","templated":true}]}}