{"id":123870,"date":"2024-08-27T08:20:41","date_gmt":"2024-08-27T11:20:41","guid":{"rendered":"https:\/\/cdnoticias.com\/?p=123870"},"modified":"2024-08-27T08:20:43","modified_gmt":"2024-08-27T11:20:43","slug":"festejo-por-el-dia-de-las-infancias-en-bomberos-voluntarios-de-olavarria","status":"publish","type":"post","link":"https:\/\/cdnoticias.com\/index.php\/2024\/08\/27\/festejo-por-el-dia-de-las-infancias-en-bomberos-voluntarios-de-olavarria\/","title":{"rendered":"Festejo por el D\u00eda de las Infancias en Bomberos Voluntarios de Olavarr\u00eda"},"content":{"rendered":"\n<p>La Subcomisi\u00f3n de Damas organiz\u00f3 una tarde de juegos en el Cuartel Central para las familias de las y los bomberos.<\/p>\n\n\n\n<hr class=\"wp-block-separator aligncenter has-alpha-channel-opacity\"\/>\n\n\n\n<p>Este domingo por la tarde, el <strong>Cuartel Central se llen\u00f3 de ni\u00f1os y ni\u00f1as<\/strong>, juegos y m\u00fasica. La Subcomisi\u00f3n de Damas de Bomberos Olavarr\u00eda junto al Consejo Directivo, organizaron un<strong> festejo por el d\u00eda de las infancias para las familias de las y los bomberos<\/strong>.<\/p>\n\n\n\n<p><\/p>\n\n\n\n<p>Se contrataron peloteros y cabinas fotogr\u00e1ficas as\u00ed como tambi\u00e9n, y gracias a la colaboraci\u00f3n de estudiantes del Profesorado de Educaci\u00f3n F\u00edsica, se organizaron <strong>variados juegos recreativos para que las y los ni\u00f1os disfruten<\/strong> mientras que los m\u00e1s grandes compartieron una merienda.<\/p>\n\n\n\n<p><\/p>\n\n\n\n<p>\u201cEs para la Asociaci\u00f3n de Bomberos Voluntarios de Olavarr\u00eda un placer poder organizar en nuestro propio espacio eventos que acercan e integran a nuestras familias al cuartel y generan un momento de encuentro maravilloso\u201d expresaron desde Bomberos Voluntarios.<\/p>\n","protected":false},"excerpt":{"rendered":"<p>La Subcomisi\u00f3n de Damas organiz\u00f3 una tarde de juegos en el Cuartel Central para las familias de las y los<\/p>\n","protected":false},"author":6,"featured_media":123871,"comment_status":"closed","ping_status":"closed","sticky":false,"template":"","format":"standard","meta":{"_jetpack_memberships_contains_paid_content":false,"footnotes":""},"categories":[5,1],"tags":[],"class_list":["post-123870","post","type-post","status-publish","format-standard","has-post-thumbnail","hentry","category-informacion-general","category-portada"],"jetpack_featured_media_url":"https:\/\/i0.wp.com\/cdnoticias.com\/wp-content\/uploads\/2024\/08\/bomberos-mes-de-las-infancias.png?fit=893%2C490&ssl=1","jetpack_sharing_enabled":true,"_links":{"self":[{"href":"https:\/\/cdnoticias.com\/index.php\/wp-json\/wp\/v2\/posts\/123870","targetHints":{"allow":["GET"]}}],"collection":[{"href":"https:\/\/cdnoticias.com\/index.php\/wp-json\/wp\/v2\/posts"}],"about":[{"href":"https:\/\/cdnoticias.com\/index.php\/wp-json\/wp\/v2\/types\/post"}],"author":[{"embeddable":true,"href":"https:\/\/cdnoticias.com\/index.php\/wp-json\/wp\/v2\/users\/6"}],"replies":[{"embeddable":true,"href":"https:\/\/cdnoticias.com\/index.php\/wp-json\/wp\/v2\/comments?post=123870"}],"version-history":[{"count":0,"href":"https:\/\/cdnoticias.com\/index.php\/wp-json\/wp\/v2\/posts\/123870\/revisions"}],"wp:featuredmedia":[{"embeddable":true,"href":"https:\/\/cdnoticias.com\/index.php\/wp-json\/wp\/v2\/media\/123871"}],"wp:attachment":[{"href":"https:\/\/cdnoticias.com\/index.php\/wp-json\/wp\/v2\/media?parent=123870"}],"wp:term":[{"taxonomy":"category","embeddable":true,"href":"https:\/\/cdnoticias.com\/index.php\/wp-json\/wp\/v2\/categories?post=123870"},{"taxonomy":"post_tag","embeddable":true,"href":"https:\/\/cdnoticias.com\/index.php\/wp-json\/wp\/v2\/tags?post=123870"}],"curies":[{"name":"wp","href":"https:\/\/api.w.org\/{rel}","templated":true}]}}