{"id":12380,"date":"2021-01-27T17:37:16","date_gmt":"2021-01-27T20:37:16","guid":{"rendered":"http:\/\/www.centraldenoticias.com.ar\/?p=12380"},"modified":"2021-01-27T17:37:16","modified_gmt":"2021-01-27T20:37:16","slug":"ascendieron-a-numerosos-agentes-policiales-de-olavarria","status":"publish","type":"post","link":"https:\/\/cdnoticias.com\/index.php\/2021\/01\/27\/ascendieron-a-numerosos-agentes-policiales-de-olavarria\/","title":{"rendered":"Ascendieron a numerosos agentes policiales de Olavarr\u00eda"},"content":{"rendered":"<p>La medida fue tomada desde el Ministerio de Seguridad e incluy\u00f3, entre otros, al Jefe de la Estaci\u00f3n de Polic\u00eda Departamental y los titulares de la polic\u00eda Local y las comisar\u00edas Segunda y De la Mujer y la Familia. El listado completo.<!--more--><\/p>\n<hr \/>\n<p>En las \u00faltimas horas <strong>numerosos funcionarios policiales de nuestra ciudad fueron ascendidos al \u201cgrado superior inmediato\u201d<\/strong> dentro de la jerarqu\u00edas de la polic\u00eda Bonaerense, a partir de una resoluci\u00f3n emitida desde el Ministerio de Seguridad Bonaerense.<\/p>\n<p>&nbsp;<\/p>\n<figure id=\"attachment_9803\" aria-describedby=\"caption-attachment-9803\" style=\"width: 800px\" class=\"wp-caption alignnone\"><img data-recalc-dims=\"1\" loading=\"lazy\" decoding=\"async\" class=\"wp-image-9803 size-large\" src=\"https:\/\/i0.wp.com\/cdnoticias.com\/wp-content\/uploads\/2020\/12\/WhatsApp-Image-2020-12-23-at-16.10.41.jpeg?resize=800%2C534&#038;ssl=1\" alt=\"\" width=\"800\" height=\"534\" srcset=\"https:\/\/i0.wp.com\/cdnoticias.com\/wp-content\/uploads\/2020\/12\/WhatsApp-Image-2020-12-23-at-16.10.41.jpeg?resize=1024%2C683&amp;ssl=1 1024w, https:\/\/i0.wp.com\/cdnoticias.com\/wp-content\/uploads\/2020\/12\/WhatsApp-Image-2020-12-23-at-16.10.41.jpeg?resize=300%2C200&amp;ssl=1 300w, https:\/\/i0.wp.com\/cdnoticias.com\/wp-content\/uploads\/2020\/12\/WhatsApp-Image-2020-12-23-at-16.10.41.jpeg?resize=768%2C512&amp;ssl=1 768w, https:\/\/i0.wp.com\/cdnoticias.com\/wp-content\/uploads\/2020\/12\/WhatsApp-Image-2020-12-23-at-16.10.41.jpeg?resize=272%2C182&amp;ssl=1 272w, https:\/\/i0.wp.com\/cdnoticias.com\/wp-content\/uploads\/2020\/12\/WhatsApp-Image-2020-12-23-at-16.10.41.jpeg?w=1280&amp;ssl=1 1280w\" sizes=\"auto, (max-width: 800px) 100vw, 800px\" \/><figcaption id=\"caption-attachment-9803\" class=\"wp-caption-text\">El comisario inspector Roberto Landoni junto al comisario Lucas Rodr\u00edguez. Foto Archivo<\/figcaption><\/figure>\n<p>&nbsp;<\/p>\n<p>Se trata de la Resoluci\u00f3n 2120 publicada en el Bolet\u00edn Oficial de la Provincia, que incluy\u00f3, por ejemplo al Jefe de la Estaci\u00f3n de Polic\u00eda Departamental Olavarr\u00eda, <strong>Roberto Landoni, quien fue ascendido a comisario inspector<\/strong>. A la par, fueron<strong> ascendidas al grado de comisario las titulares de la comisar\u00eda Segunda y de la Mujer y la Familia, Silvana Lestani y Vanesa Lauge Respectivamente, al igual que Lucas Rodr\u00edguez, jefe de la polic\u00eda Local.<\/strong><\/p>\n<p>&nbsp;<\/p>\n<p><em><strong>El listado completo<\/strong><\/em><\/p>\n<p>&nbsp;<\/p>\n<p>Fueron ascendidos <strong>a Oficial Principal<\/strong> los oficiales inspectores, Cristian Falco, Alberto Martin Fern\u00e1ndez, Cecilia Mariel S\u00e1nchez, Marisol Heinrich, Natalia Herrera, Juan Miguel Borghi y Ricardo Ahumada.<\/p>\n<p>&nbsp;<\/p>\n<p><strong>A Oficial inspector<\/strong> los oficiales subinspector Pamela Cowes, Marcelo Alejandro Gilez, Mar\u00eda de los \u00c1ngeles Pedrero, Yesica Soledad P\u00e9rez, Mauro Seba, Luciana \u00c1lvarez, Mar\u00eda De Rico Posse y \u00c9rica Bianchi.<\/p>\n<p>&nbsp;<\/p>\n<figure id=\"attachment_9807\" aria-describedby=\"caption-attachment-9807\" style=\"width: 800px\" class=\"wp-caption alignnone\"><img data-recalc-dims=\"1\" loading=\"lazy\" decoding=\"async\" class=\"wp-image-9807 size-large\" src=\"https:\/\/i0.wp.com\/cdnoticias.com\/wp-content\/uploads\/2020\/12\/WhatsApp-Image-2020-12-23-at-16.10.40.jpeg?resize=800%2C534&#038;ssl=1\" alt=\"\" width=\"800\" height=\"534\" srcset=\"https:\/\/i0.wp.com\/cdnoticias.com\/wp-content\/uploads\/2020\/12\/WhatsApp-Image-2020-12-23-at-16.10.40.jpeg?resize=1024%2C683&amp;ssl=1 1024w, https:\/\/i0.wp.com\/cdnoticias.com\/wp-content\/uploads\/2020\/12\/WhatsApp-Image-2020-12-23-at-16.10.40.jpeg?resize=300%2C200&amp;ssl=1 300w, https:\/\/i0.wp.com\/cdnoticias.com\/wp-content\/uploads\/2020\/12\/WhatsApp-Image-2020-12-23-at-16.10.40.jpeg?resize=768%2C512&amp;ssl=1 768w, https:\/\/i0.wp.com\/cdnoticias.com\/wp-content\/uploads\/2020\/12\/WhatsApp-Image-2020-12-23-at-16.10.40.jpeg?resize=272%2C182&amp;ssl=1 272w, https:\/\/i0.wp.com\/cdnoticias.com\/wp-content\/uploads\/2020\/12\/WhatsApp-Image-2020-12-23-at-16.10.40.jpeg?w=1280&amp;ssl=1 1280w\" sizes=\"auto, (max-width: 800px) 100vw, 800px\" \/><figcaption id=\"caption-attachment-9807\" class=\"wp-caption-text\">Foto ilustrativa. Archivo<\/figcaption><\/figure>\n<p>&nbsp;<\/p>\n<p><strong>A Oficial Subinspector<\/strong> la Oficial Ayudante Mar\u00eda Alejandra Rold\u00e1n, mientras que a Mayor fueron ascendidos los Capitanes Luis Oscar Falc\u00f3n y \u00c1ngel Omar Su\u00e1rez. Asimismo, al grado de Capit\u00e1n lo hicieron los tenientes primero Silvio Victorero y Lorena Couste, a la par que los tenientes Jorge Arfuch, Pedro Doleschan, Andrea Wagner y Natalia Landaverr\u00eda fueron promovidos a Teniente Primero.<\/p>\n<p>&nbsp;<\/p>\n<p><strong>Al grado Teniente<\/strong> (E.G.) fueron ascendidos los subtenientes, Juan Pedro Schwindt, Juan Ignacio \u00c1lvarez, Mar\u00eda Florencia Antista, Maximiliano \u00c1vila, Dar\u00edo Casiraghi, Juan Domingo L\u00f3pez, Natalia Rold\u00e1n, Edison Morgeado, Vanesa Rom\u00e1n, Alejandro Vieira y Gerardo Gallardo, mientras que a Teniente (S.G) fue promovida la subteniente Natalia Vanesa P\u00e9rez.<\/p>\n<p>&nbsp;<\/p>\n<figure id=\"attachment_9804\" aria-describedby=\"caption-attachment-9804\" style=\"width: 800px\" class=\"wp-caption alignnone\"><img data-recalc-dims=\"1\" loading=\"lazy\" decoding=\"async\" class=\"wp-image-9804 size-large\" src=\"https:\/\/i0.wp.com\/cdnoticias.com\/wp-content\/uploads\/2020\/12\/WhatsApp-Image-2020-12-23-at-16.10.40-3.jpeg?resize=800%2C534&#038;ssl=1\" alt=\"\" width=\"800\" height=\"534\" srcset=\"https:\/\/i0.wp.com\/cdnoticias.com\/wp-content\/uploads\/2020\/12\/WhatsApp-Image-2020-12-23-at-16.10.40-3.jpeg?resize=1024%2C683&amp;ssl=1 1024w, https:\/\/i0.wp.com\/cdnoticias.com\/wp-content\/uploads\/2020\/12\/WhatsApp-Image-2020-12-23-at-16.10.40-3.jpeg?resize=300%2C200&amp;ssl=1 300w, https:\/\/i0.wp.com\/cdnoticias.com\/wp-content\/uploads\/2020\/12\/WhatsApp-Image-2020-12-23-at-16.10.40-3.jpeg?resize=768%2C512&amp;ssl=1 768w, https:\/\/i0.wp.com\/cdnoticias.com\/wp-content\/uploads\/2020\/12\/WhatsApp-Image-2020-12-23-at-16.10.40-3.jpeg?resize=272%2C182&amp;ssl=1 272w, https:\/\/i0.wp.com\/cdnoticias.com\/wp-content\/uploads\/2020\/12\/WhatsApp-Image-2020-12-23-at-16.10.40-3.jpeg?w=1280&amp;ssl=1 1280w\" sizes=\"auto, (max-width: 800px) 100vw, 800px\" \/><figcaption id=\"caption-attachment-9804\" class=\"wp-caption-text\">Foto ilustrativa. Archivo<\/figcaption><\/figure>\n<p>&nbsp;<\/p>\n<p><strong>A Subteniente<\/strong> (E.G.) los sargentos Anabela Andreu, Guillermo Bustamante, Natan Coria, Guillermo Franco, Carolina Gonz\u00e1lez, Marcela Schmidt, Alejandra Taborda, Leopoldo Veneciano y Oscar Leonardo Cabrera. Asimismo, a Subteniente (S.G.) fueron ascendidos los sargentos Franco Casamayor, Julia Francisco, Yesica Izarriaga, Laura Landoni y Marina Peralta.<\/p>\n<p>&nbsp;<\/p>\n<p>Por \u00faltimo, <strong>a Sargento<\/strong> (E.G.) fueron promovidos los oficiales Lucia Armando, Maximiliano Bravo, Alfredo Colombo, Leticia C\u00f3rdoba, Daniel Demarco, Antonella D\u00edaz, Ramiro Dietrich, Mayra Esp\u00ednola, Ana Laura Fierro, Jonatan Latapi\u00e9, B\u00e1rbara Fr\u00edas, Isa\u00edas Fuentes Chicopar, Gerardo Vicente, Eliana Gallo, Braian Garc\u00eda, Micaela Marilina L\u00f3pez, Giselle M\u00e1rmol, Karen Olivetto, Franco Rodr\u00edguez, Leandro Siple, Daiana P\u00e9rez, Nicol\u00e1s Antonio Mora, Milagros Schamberger, Ezequiel Barrientos, Gladys Quintana, Guadalupe Vieira, Maximiliano Rodr\u00edguez, Miguel Terenzano, Gisel Vidal, Carlos De Souza, Yesica Betancur, Noem\u00ed Boado, Andrea Bournot, Claudia Victorero, Cecilia Villarruel y Dami\u00e1n Z\u00e1rate; mientas que a Sargento (S.G.) fue ascendida la oficial Florencia Pe\u00f1aloza Martin.<\/p>\n","protected":false},"excerpt":{"rendered":"<p>La medida fue tomada desde el Ministerio de Seguridad e incluy\u00f3, entre otros, al Jefe de la Estaci\u00f3n de Polic\u00eda<\/p>\n","protected":false},"author":3,"featured_media":9846,"comment_status":"closed","ping_status":"closed","sticky":false,"template":"","format":"standard","meta":{"_jetpack_memberships_contains_paid_content":false,"footnotes":""},"categories":[14,1],"tags":[],"class_list":["post-12380","post","type-post","status-publish","format-standard","has-post-thumbnail","hentry","category-policiales","category-portada"],"jetpack_featured_media_url":"https:\/\/i0.wp.com\/cdnoticias.com\/wp-content\/uploads\/2020\/12\/distrial02.jpg?fit=992%2C557&ssl=1","jetpack_sharing_enabled":true,"_links":{"self":[{"href":"https:\/\/cdnoticias.com\/index.php\/wp-json\/wp\/v2\/posts\/12380","targetHints":{"allow":["GET"]}}],"collection":[{"href":"https:\/\/cdnoticias.com\/index.php\/wp-json\/wp\/v2\/posts"}],"about":[{"href":"https:\/\/cdnoticias.com\/index.php\/wp-json\/wp\/v2\/types\/post"}],"author":[{"embeddable":true,"href":"https:\/\/cdnoticias.com\/index.php\/wp-json\/wp\/v2\/users\/3"}],"replies":[{"embeddable":true,"href":"https:\/\/cdnoticias.com\/index.php\/wp-json\/wp\/v2\/comments?post=12380"}],"version-history":[{"count":0,"href":"https:\/\/cdnoticias.com\/index.php\/wp-json\/wp\/v2\/posts\/12380\/revisions"}],"wp:featuredmedia":[{"embeddable":true,"href":"https:\/\/cdnoticias.com\/index.php\/wp-json\/wp\/v2\/media\/9846"}],"wp:attachment":[{"href":"https:\/\/cdnoticias.com\/index.php\/wp-json\/wp\/v2\/media?parent=12380"}],"wp:term":[{"taxonomy":"category","embeddable":true,"href":"https:\/\/cdnoticias.com\/index.php\/wp-json\/wp\/v2\/categories?post=12380"},{"taxonomy":"post_tag","embeddable":true,"href":"https:\/\/cdnoticias.com\/index.php\/wp-json\/wp\/v2\/tags?post=12380"}],"curies":[{"name":"wp","href":"https:\/\/api.w.org\/{rel}","templated":true}]}}