{"id":123746,"date":"2024-08-24T10:59:27","date_gmt":"2024-08-24T13:59:27","guid":{"rendered":"https:\/\/cdnoticias.com\/?p=123746"},"modified":"2024-08-24T16:30:22","modified_gmt":"2024-08-24T19:30:22","slug":"este-domingo-se-realizara-la-2a-edicion-de-olavarria-por-las-instituciones","status":"publish","type":"post","link":"https:\/\/cdnoticias.com\/index.php\/2024\/08\/24\/este-domingo-se-realizara-la-2a-edicion-de-olavarria-por-las-instituciones\/","title":{"rendered":"Este domingo se realizar\u00e1 la 2\u00aa edici\u00f3n de \u201cOlavarr\u00eda por las instituciones\u201d"},"content":{"rendered":"<p>Ser\u00e1 en el Teatro Municipal, a beneficio de \u201cOla Rosa\u201d. Actuar\u00e1n el Quinteto Municipal \u201cVientos de Olavarr\u00eda\u201d y el Ballet Folkl\u00f3rico Municipal.<!--more--><\/p>\n<hr \/>\n<p>El Municipio de Olavarr\u00eda renov\u00f3 la<strong> invitaci\u00f3n a toda la comunidad a participar de la 2\u00aa edici\u00f3n de \u201cOlavarr\u00eda por las instituciones\u201d<\/strong>, la propuesta cultural pensada con el objetivo de <em>brindar un aporte a las entidades que est\u00e1n atravesando una situaci\u00f3n econ\u00f3mica complicada<\/em>, a trav\u00e9s de diversas presentaciones de espect\u00e1culos.<\/p>\n<blockquote><p>En esta oportunidad se tratar\u00e1 de un concierto a cargo del Quinteto Municipal \u201cVientos de Olavarr\u00eda\u201d, junto al Ballet Folkl\u00f3rico Municipal, que se llevar\u00e1 a cabo este domingo 25 de agosto, a partir de las 20 horas, en el Teatro Municipal.\u00a0La propuesta, denominada \u201cRa\u00edces\u201d, a beneficio de \u201cOla Rosa\u201d, tendr\u00e1 una entrada con un valor de 4000 pesos.<\/p><\/blockquote>\n<p><img data-recalc-dims=\"1\" loading=\"lazy\" decoding=\"async\" class=\"size-large wp-image-60000 aligncenter\" src=\"https:\/\/i0.wp.com\/cdnoticias.com\/wp-content\/uploads\/2022\/07\/ola-rosa.jpg?resize=800%2C600&#038;ssl=1\" alt=\"\" width=\"800\" height=\"600\" srcset=\"https:\/\/i0.wp.com\/cdnoticias.com\/wp-content\/uploads\/2022\/07\/ola-rosa.jpg?resize=1024%2C768&amp;ssl=1 1024w, https:\/\/i0.wp.com\/cdnoticias.com\/wp-content\/uploads\/2022\/07\/ola-rosa.jpg?resize=300%2C225&amp;ssl=1 300w, https:\/\/i0.wp.com\/cdnoticias.com\/wp-content\/uploads\/2022\/07\/ola-rosa.jpg?resize=768%2C576&amp;ssl=1 768w, https:\/\/i0.wp.com\/cdnoticias.com\/wp-content\/uploads\/2022\/07\/ola-rosa.jpg?w=1040&amp;ssl=1 1040w\" sizes=\"auto, (max-width: 800px) 100vw, 800px\" \/><\/p>\n<p>En esta ocasi\u00f3n el Quinteto Municipal tendr\u00e1 como <strong>m\u00fasicos invitados a Lilian Saba en piano y Jos\u00e9 Larregle en percusi\u00f3n<\/strong>.<\/p>\n<p>El <strong>repertorio musical<\/strong> est\u00e1 integrado por: <em>Alfonsina y el mar, Danzar\u00edn, Huella de la tranquera y Zamba del duraznillo.<\/em><\/p>\n<h3>Quinteto de Vientos<\/h3>\n<p><strong>Inici\u00f3 su actividad en 1993<\/strong>. En su trayectoria de 30 a\u00f1os se autogestion\u00f3 en diez de ellos, (2008 \u2013 2017), retomando desde el a\u00f1o (2018) el auspicio municipal. El grupo integra su repertorio con obras conocidas y otras de interpretaci\u00f3n poco frecuente, con autores de todas las \u00e9pocas, estilos, g\u00e9neros y nacionalidades. Tambi\u00e9n busca en forma complementaria desarrollar una labor did\u00e1ctica.<\/p>\n<p><img data-recalc-dims=\"1\" loading=\"lazy\" decoding=\"async\" class=\"size-full wp-image-78633 aligncenter\" src=\"https:\/\/i0.wp.com\/cdnoticias.com\/wp-content\/uploads\/2023\/03\/quinteto-de-vientos-en-colonia-nievas-00.jpg?resize=800%2C445&#038;ssl=1\" alt=\"\" width=\"800\" height=\"445\" srcset=\"https:\/\/i0.wp.com\/cdnoticias.com\/wp-content\/uploads\/2023\/03\/quinteto-de-vientos-en-colonia-nievas-00.jpg?w=800&amp;ssl=1 800w, https:\/\/i0.wp.com\/cdnoticias.com\/wp-content\/uploads\/2023\/03\/quinteto-de-vientos-en-colonia-nievas-00.jpg?resize=300%2C167&amp;ssl=1 300w, https:\/\/i0.wp.com\/cdnoticias.com\/wp-content\/uploads\/2023\/03\/quinteto-de-vientos-en-colonia-nievas-00.jpg?resize=768%2C427&amp;ssl=1 768w\" sizes=\"auto, (max-width: 800px) 100vw, 800px\" \/><\/p>\n<p>\u201cVientos de Olavarr\u00eda\u201d se encuentra integrado por <strong>Claudia Cort\u00e9s en flauta, Carlos Orlando en oboe, Mario Romano en clarinete, Cristian Fabris en corno y Julieta Di Fede en fagot.<\/strong><\/p>\n<p>Los m\u00fasicos que conforman el Quinteto Municipal \u201cVientos de Olavarr\u00eda\u201d, son solistas de sus instrumentos en las Orquestas Sinf\u00f3nicas de Olavarr\u00eda, Bah\u00eda Blanca, Mar del Plata, as\u00ed como de Grupos de C\u00e1mara y diversos g\u00e9neros musicales. Asimismo ha integrado la programaci\u00f3n de la filial local del Mozarteum Argentino.<\/p>\n<h3>Ballet Folkl\u00f3rico Municipal de Olavarr\u00eda<\/h3>\n<p>El Ballet Folkl\u00f3rico Municipal de Olavarr\u00eda es un <strong>elenco estable dependiente de la Direcci\u00f3n de Educaci\u00f3n y la Subsecretar\u00eda de Cultura y Educaci\u00f3n<\/strong> del municipio.<\/p>\n<p><img data-recalc-dims=\"1\" loading=\"lazy\" decoding=\"async\" class=\"size-large wp-image-17377 aligncenter\" src=\"https:\/\/i0.wp.com\/cdnoticias.com\/wp-content\/uploads\/2021\/03\/ballet-Gala-25-de-Mayo-1024x683-1024x683.jpg?resize=800%2C534&#038;ssl=1\" alt=\"\" width=\"800\" height=\"534\" srcset=\"https:\/\/i0.wp.com\/cdnoticias.com\/wp-content\/uploads\/2021\/03\/ballet-Gala-25-de-Mayo-1024x683.jpg?resize=1024%2C683&amp;ssl=1 1024w, https:\/\/i0.wp.com\/cdnoticias.com\/wp-content\/uploads\/2021\/03\/ballet-Gala-25-de-Mayo-1024x683.jpg?resize=300%2C200&amp;ssl=1 300w, https:\/\/i0.wp.com\/cdnoticias.com\/wp-content\/uploads\/2021\/03\/ballet-Gala-25-de-Mayo-1024x683.jpg?resize=768%2C512&amp;ssl=1 768w, https:\/\/i0.wp.com\/cdnoticias.com\/wp-content\/uploads\/2021\/03\/ballet-Gala-25-de-Mayo-1024x683.jpg?resize=272%2C182&amp;ssl=1 272w\" sizes=\"auto, (max-width: 800px) 100vw, 800px\" \/><\/p>\n<p>En su vasta trayectoria, ha transitado escenarios en distintos lugares del pa\u00eds y compartido los mismos con artistas de renombre nacional e internacional.<\/p>\n<p>En su repertorio se encuentran obras que representan las diferentes regiones folkl\u00f3ricas de nuestro pa\u00eds teniendo como objetivo principal el rescate y la difusi\u00f3n del arte identitario del territorio bonaerense.<\/p>\n<p>Una de sus obras, Dionisia \u201cLa pulpera\u201d, fue <a href=\"https:\/\/cdnoticias.com\/index.php\/2023\/11\/27\/el-ballet-folklorico-municipal-ganador-de-una-terna-de-los-premios-chucaro\/\" target=\"_blank\" rel=\"noopener\">galardonada durante el a\u00f1o 2023<\/a> a nivel provincial, regional y nacional con los \u201cpremios Ch\u00facaro\u201d en el rubro \u201cMejor Musicalizaci\u00f3n\u201d.<\/p>\n","protected":false},"excerpt":{"rendered":"<p>Ser\u00e1 en el Teatro Municipal, a beneficio de \u201cOla Rosa\u201d. Actuar\u00e1n el Quinteto Municipal \u201cVientos de Olavarr\u00eda\u201d y el Ballet<\/p>\n","protected":false},"author":4,"featured_media":113862,"comment_status":"closed","ping_status":"closed","sticky":false,"template":"","format":"standard","meta":{"_jetpack_memberships_contains_paid_content":false,"footnotes":""},"categories":[9,1],"tags":[],"class_list":["post-123746","post","type-post","status-publish","format-standard","has-post-thumbnail","hentry","category-cultura","category-portada"],"jetpack_featured_media_url":"https:\/\/i0.wp.com\/cdnoticias.com\/wp-content\/uploads\/2024\/04\/quinteto-de-vientos-de-olavarria.jpg?fit=800%2C445&ssl=1","jetpack_sharing_enabled":true,"_links":{"self":[{"href":"https:\/\/cdnoticias.com\/index.php\/wp-json\/wp\/v2\/posts\/123746","targetHints":{"allow":["GET"]}}],"collection":[{"href":"https:\/\/cdnoticias.com\/index.php\/wp-json\/wp\/v2\/posts"}],"about":[{"href":"https:\/\/cdnoticias.com\/index.php\/wp-json\/wp\/v2\/types\/post"}],"author":[{"embeddable":true,"href":"https:\/\/cdnoticias.com\/index.php\/wp-json\/wp\/v2\/users\/4"}],"replies":[{"embeddable":true,"href":"https:\/\/cdnoticias.com\/index.php\/wp-json\/wp\/v2\/comments?post=123746"}],"version-history":[{"count":0,"href":"https:\/\/cdnoticias.com\/index.php\/wp-json\/wp\/v2\/posts\/123746\/revisions"}],"wp:featuredmedia":[{"embeddable":true,"href":"https:\/\/cdnoticias.com\/index.php\/wp-json\/wp\/v2\/media\/113862"}],"wp:attachment":[{"href":"https:\/\/cdnoticias.com\/index.php\/wp-json\/wp\/v2\/media?parent=123746"}],"wp:term":[{"taxonomy":"category","embeddable":true,"href":"https:\/\/cdnoticias.com\/index.php\/wp-json\/wp\/v2\/categories?post=123746"},{"taxonomy":"post_tag","embeddable":true,"href":"https:\/\/cdnoticias.com\/index.php\/wp-json\/wp\/v2\/tags?post=123746"}],"curies":[{"name":"wp","href":"https:\/\/api.w.org\/{rel}","templated":true}]}}