{"id":123741,"date":"2024-08-24T10:00:11","date_gmt":"2024-08-24T13:00:11","guid":{"rendered":"https:\/\/cdnoticias.com\/?p=123741"},"modified":"2024-08-24T14:36:29","modified_gmt":"2024-08-24T17:36:29","slug":"el-primer-caso-autoctono-de-viruela-simica-del-pais-es-bonaerense","status":"publish","type":"post","link":"https:\/\/cdnoticias.com\/index.php\/2024\/08\/24\/el-primer-caso-autoctono-de-viruela-simica-del-pais-es-bonaerense\/","title":{"rendered":"El primer caso aut\u00f3ctono de viruela s\u00edmica del pa\u00eds es bonaerense"},"content":{"rendered":"<p>Es un joven de 22 a\u00f1os residente en San Isidro, sin antecedentes de viaje, que se halla aislado en su domicilio hasta que responda favorablemente al tratamiento para curar las lesiones cut\u00e1neas.<!--more--><\/p>\n<hr \/>\n<p>El <strong>primer caso aut\u00f3ctono de viruela s\u00edmica del pa\u00eds<\/strong> se confirm\u00f3 en el <strong>municipio de San Isidro<\/strong>, en el norte del Conurbano bonaerense. <strong>El paciente es un joven de 22 a\u00f1os sin antecedentes de viaje<\/strong> y que se halla aislado en su domicilio.<\/p>\n<p>El hombre lleg\u00f3 al hospital presentando s\u00edntomas compatibles con la viruela del mono, lo que llev\u00f3 a la recolecci\u00f3n inmediata de muestras enviadas al Instituto Malbr\u00e1n. Los resultados, obtenidos en 24 horas,<strong> confirmaron la presencia del virus.<\/strong><\/p>\n<p>El joven, sin antecedentes de haber viajado al exterior, qued\u00f3<strong> aislado en su domicilio hasta que responda al tratamiento<\/strong> para curar, fundamentalmente, las habituales lesiones cut\u00e1neas.<\/p>\n<blockquote><p>En consecuencia, se trata del primer caso aut\u00f3ctono de la viruela s\u00edmica desde que la Organizaci\u00f3n Mundial de la Salud (OMS) declarara la emergencia a nivel internacional.<\/p><\/blockquote>\n<p><strong>A principios de esta semana, el Ministerio de Salud bonaerense hab\u00eda confirmado dos casos en el territorio<\/strong>. Los contagios corresponden a una persona de <strong>La Matanza<\/strong>, con antecedente de viaje y que comenz\u00f3 con s\u00edntomas en junio, y a un <strong>residente de Berazategui<\/strong> que comenz\u00f3 con s\u00edntomas en julio y tuvo contacto con un viajero. Ambas personas se hallaban en buen estado de salud, se inform\u00f3.<\/p>\n<p><img data-recalc-dims=\"1\" loading=\"lazy\" decoding=\"async\" class=\"size-large wp-image-57114 aligncenter\" src=\"https:\/\/i0.wp.com\/cdnoticias.com\/wp-content\/uploads\/2022\/06\/viruela-del-mono-2-1068x801-1.jpg?resize=800%2C600&#038;ssl=1\" alt=\"\" width=\"800\" height=\"600\" srcset=\"https:\/\/i0.wp.com\/cdnoticias.com\/wp-content\/uploads\/2022\/06\/viruela-del-mono-2-1068x801-1.jpg?resize=1024%2C768&amp;ssl=1 1024w, https:\/\/i0.wp.com\/cdnoticias.com\/wp-content\/uploads\/2022\/06\/viruela-del-mono-2-1068x801-1.jpg?resize=300%2C225&amp;ssl=1 300w, https:\/\/i0.wp.com\/cdnoticias.com\/wp-content\/uploads\/2022\/06\/viruela-del-mono-2-1068x801-1.jpg?resize=768%2C576&amp;ssl=1 768w, https:\/\/i0.wp.com\/cdnoticias.com\/wp-content\/uploads\/2022\/06\/viruela-del-mono-2-1068x801-1.jpg?w=1068&amp;ssl=1 1068w\" sizes=\"auto, (max-width: 800px) 100vw, 800px\" \/><\/p>\n<h3>Zoonosis selv\u00e1tica<\/h3>\n<p>La viruela del mono es una<strong> zoonosis viral selv\u00e1tica causada por un virus<\/strong> que pertenece al g\u00e9nero Orthopoxvirus y se encuentra habitualmente en las zonas central y occidental de \u00c1frica.<\/p>\n<blockquote><p>La enfermedad puede transmitirse por exposici\u00f3n a gotitas exhaladas (respiratoria) y por contacto de lesiones cut\u00e1neas infectadas (inclusive relaciones sexuales) o materiales contaminados.<\/p><\/blockquote>\n<p><strong>El periodo de incubaci\u00f3n puede oscilar entre 5 a 21 d\u00edas<\/strong>, mientras que los <strong>s\u00edntomas m\u00e1s comunes<\/strong> son la<em> fiebre, el dolor de cabeza, dolores musculares, ganglios linf\u00e1ticos inflamados, escalofr\u00edos y agotamiento, acompa\u00f1ados por erupciones.<\/em><\/p>\n<p>Fuente: <em>Agencia DIB<\/em><\/p>\n","protected":false},"excerpt":{"rendered":"<p>Es un joven de 22 a\u00f1os residente en San Isidro, sin antecedentes de viaje, que se halla aislado en su<\/p>\n","protected":false},"author":4,"featured_media":123742,"comment_status":"closed","ping_status":"closed","sticky":false,"template":"","format":"standard","meta":{"_jetpack_memberships_contains_paid_content":false,"footnotes":""},"categories":[6,1],"tags":[],"class_list":["post-123741","post","type-post","status-publish","format-standard","has-post-thumbnail","hentry","category-nacionales","category-portada"],"jetpack_featured_media_url":"https:\/\/i0.wp.com\/cdnoticias.com\/wp-content\/uploads\/2024\/08\/DIB-viruela-del-mono.jpg?fit=1000%2C557&ssl=1","jetpack_sharing_enabled":true,"_links":{"self":[{"href":"https:\/\/cdnoticias.com\/index.php\/wp-json\/wp\/v2\/posts\/123741","targetHints":{"allow":["GET"]}}],"collection":[{"href":"https:\/\/cdnoticias.com\/index.php\/wp-json\/wp\/v2\/posts"}],"about":[{"href":"https:\/\/cdnoticias.com\/index.php\/wp-json\/wp\/v2\/types\/post"}],"author":[{"embeddable":true,"href":"https:\/\/cdnoticias.com\/index.php\/wp-json\/wp\/v2\/users\/4"}],"replies":[{"embeddable":true,"href":"https:\/\/cdnoticias.com\/index.php\/wp-json\/wp\/v2\/comments?post=123741"}],"version-history":[{"count":0,"href":"https:\/\/cdnoticias.com\/index.php\/wp-json\/wp\/v2\/posts\/123741\/revisions"}],"wp:featuredmedia":[{"embeddable":true,"href":"https:\/\/cdnoticias.com\/index.php\/wp-json\/wp\/v2\/media\/123742"}],"wp:attachment":[{"href":"https:\/\/cdnoticias.com\/index.php\/wp-json\/wp\/v2\/media?parent=123741"}],"wp:term":[{"taxonomy":"category","embeddable":true,"href":"https:\/\/cdnoticias.com\/index.php\/wp-json\/wp\/v2\/categories?post=123741"},{"taxonomy":"post_tag","embeddable":true,"href":"https:\/\/cdnoticias.com\/index.php\/wp-json\/wp\/v2\/tags?post=123741"}],"curies":[{"name":"wp","href":"https:\/\/api.w.org\/{rel}","templated":true}]}}