{"id":123738,"date":"2024-08-24T09:47:52","date_gmt":"2024-08-24T12:47:52","guid":{"rendered":"https:\/\/cdnoticias.com\/?p=123738"},"modified":"2024-08-24T09:47:54","modified_gmt":"2024-08-24T12:47:54","slug":"como-estara-el-tiempo-en-olavarria-este-sabado-24-de-agosto","status":"publish","type":"post","link":"https:\/\/cdnoticias.com\/index.php\/2024\/08\/24\/como-estara-el-tiempo-en-olavarria-este-sabado-24-de-agosto\/","title":{"rendered":"C\u00f3mo estar\u00e1 el tiempo en Olavarr\u00eda este s\u00e1bado 24 de agosto"},"content":{"rendered":"<p>Olavarr\u00eda amanecer\u00e1 bajo condiciones invernales y la lluvia ceder\u00e1 paso al cielo parcialmente nublado. La m\u00ednima registrada fue de 0.3\u00ba. A continuaci\u00f3n, el detalle del pron\u00f3stico.<!--more--><\/p>\n<hr \/>\n<p>Este s\u00e1bado, <strong>Olavarr\u00eda amanecer\u00e1 bajo condiciones invernales<\/strong>, con c<strong>haparrones intermitentes<\/strong> y una probabilidad de precipitaci\u00f3n de hasta el 70%. La temperatura matutina ser\u00e1 de apenas<strong> 1\u00b0C<\/strong>, mientras que el <strong>viento soplar\u00e1 del sudoeste a velocidades entre 7 y 12 km\/h<\/strong>.<\/p>\n<blockquote><p>La temperatura m\u00ednima registrada fue de 0.3\u00b0C a las: 2:30 seg\u00fan inform\u00f3 la Unidad Meteorol\u00f3gica local.<\/p><\/blockquote>\n<p>Por la <strong>tarde<\/strong>, se espera que <strong>los chaparrones contin\u00faen<\/strong>, aunque con menor intensidad. La probabilidad de precipitaciones disminuir\u00e1 al 40%, y la temperatura ascender\u00e1 hasta los <strong>11\u00b0C<\/strong>. El <strong>viento cambiar\u00e1 su direcci\u00f3n al sudeste<\/strong>, manteniendo una velocidad constante entre 7 y 12 km\/h.<\/p>\n<p>Hacia la <strong>noche<\/strong>, las lluvias ceder\u00e1n, dando paso a un <strong>cielo parcialmente nublado<\/strong>. La temperatura descender\u00e1 a <strong>4\u00b0C<\/strong>, mientras <strong>el viento persistir\u00e1 desde el sudeste<\/strong> con la misma intensidad.<\/p>\n<p>Este panorama sugiere <strong>un d\u00eda inestable, con cambios de temperatura y precipitaciones intermitentes<\/strong>, t\u00edpico de esta \u00e9poca del a\u00f1o. Se recomienda a los habitantes de Olavarr\u00eda estar preparados para el fr\u00edo y las lluvias, especialmente durante la ma\u00f1ana y la tarde.<\/p>\n","protected":false},"excerpt":{"rendered":"<p>Olavarr\u00eda amanecer\u00e1 bajo condiciones invernales y la lluvia ceder\u00e1 paso al cielo parcialmente nublado. La m\u00ednima registrada fue de 0.3\u00ba.<\/p>\n","protected":false},"author":4,"featured_media":118734,"comment_status":"closed","ping_status":"closed","sticky":false,"template":"","format":"standard","meta":{"_jetpack_memberships_contains_paid_content":false,"footnotes":""},"categories":[5],"tags":[],"class_list":["post-123738","post","type-post","status-publish","format-standard","has-post-thumbnail","hentry","category-informacion-general"],"jetpack_featured_media_url":"https:\/\/i0.wp.com\/cdnoticias.com\/wp-content\/uploads\/2024\/06\/olavarria-ciudad-clima-nublado-01.jpg?fit=1000%2C563&ssl=1","jetpack_sharing_enabled":true,"_links":{"self":[{"href":"https:\/\/cdnoticias.com\/index.php\/wp-json\/wp\/v2\/posts\/123738","targetHints":{"allow":["GET"]}}],"collection":[{"href":"https:\/\/cdnoticias.com\/index.php\/wp-json\/wp\/v2\/posts"}],"about":[{"href":"https:\/\/cdnoticias.com\/index.php\/wp-json\/wp\/v2\/types\/post"}],"author":[{"embeddable":true,"href":"https:\/\/cdnoticias.com\/index.php\/wp-json\/wp\/v2\/users\/4"}],"replies":[{"embeddable":true,"href":"https:\/\/cdnoticias.com\/index.php\/wp-json\/wp\/v2\/comments?post=123738"}],"version-history":[{"count":0,"href":"https:\/\/cdnoticias.com\/index.php\/wp-json\/wp\/v2\/posts\/123738\/revisions"}],"wp:featuredmedia":[{"embeddable":true,"href":"https:\/\/cdnoticias.com\/index.php\/wp-json\/wp\/v2\/media\/118734"}],"wp:attachment":[{"href":"https:\/\/cdnoticias.com\/index.php\/wp-json\/wp\/v2\/media?parent=123738"}],"wp:term":[{"taxonomy":"category","embeddable":true,"href":"https:\/\/cdnoticias.com\/index.php\/wp-json\/wp\/v2\/categories?post=123738"},{"taxonomy":"post_tag","embeddable":true,"href":"https:\/\/cdnoticias.com\/index.php\/wp-json\/wp\/v2\/tags?post=123738"}],"curies":[{"name":"wp","href":"https:\/\/api.w.org\/{rel}","templated":true}]}}