{"id":123727,"date":"2024-08-27T08:43:36","date_gmt":"2024-08-27T11:43:36","guid":{"rendered":"https:\/\/cdnoticias.com\/?p=123727"},"modified":"2024-08-27T08:43:38","modified_gmt":"2024-08-27T11:43:38","slug":"nueva-audicion-del-ballet-folklorico-municipal-2","status":"publish","type":"post","link":"https:\/\/cdnoticias.com\/index.php\/2024\/08\/27\/nueva-audicion-del-ballet-folklorico-municipal-2\/","title":{"rendered":"Nueva audici\u00f3n del Ballet Folkl\u00f3rico Municipal"},"content":{"rendered":"\n<p>Ser\u00e1 el 31 de agosto en el Teatro Municipal. Est\u00e1 destinada a cubrir rol femenino y masculino dentro del ballet.<\/p>\n\n\n\n<hr class=\"wp-block-separator aligncenter has-alpha-channel-opacity\"\/>\n\n\n\n<p>Desde la Subsecretar\u00eda de Cultura y Educaci\u00f3n, a trav\u00e9s de la Direcci\u00f3n del Ballet Folkl\u00f3rico Municipal, <strong>se convoca a bailarinas y bailarines que deseen formar parte del mismo a participar de la pr\u00f3xima audici\u00f3n.<\/strong><\/p>\n\n\n\n<p><\/p>\n\n\n\n<p>La audici\u00f3n se llevar\u00e1 a cabo el pr\u00f3ximo <strong>31 de agosto, a las 12:30 horas, en el Teatro Municipal,<\/strong> ingreso por calle San Mart\u00edn 2850.<\/p>\n\n\n\n<p><\/p>\n\n\n\n<p>Para participar de la convocatoria previamente deber\u00e1n completar el <a href=\"https:\/\/docs.google.com\/forms\/d\/e\/1FAIpQLSdiryHlDp-G45vTc3ahuZI0NTBCltkN67G3CQQG28Wwe8_jwA\/viewform?pli=1\" target=\"_blank\" rel=\"noreferrer noopener\">siguiente formulario.<\/a><\/p>\n\n\n\n<p><\/p>\n\n\n\n<p>La misma est\u00e1 destinada a <strong>cubrir rol femenino y masculino dentro del ballet<\/strong>. Aquellas personas interesadas en participar deber\u00e1n cumplir con los siguientes requisitos:<\/p>\n\n\n\n<ul class=\"wp-block-list\">\n<li>Ser mayor de 18 a\u00f1os.<\/li>\n<\/ul>\n\n\n\n<ul class=\"wp-block-list\">\n<li>Tener disponibilidad para ensayos (s\u00e1bados de 8 a 14 horas) y funciones<\/li>\n<\/ul>\n\n\n\n<ul class=\"wp-block-list\">\n<li>Poseer experiencia en Danzas Folkl\u00f3ricas (excluyente).<\/li>\n<\/ul>\n\n\n\n<ul class=\"wp-block-list\">\n<li>Asistir a la audici\u00f3n con ropa de ensayo, pollera y pa\u00f1uelo.<\/li>\n<\/ul>\n\n\n\n<p>Por consultas, las v\u00edas de comunicaci\u00f3n del Ballet son: IG \u2013 @balletmunicipalolavarria<\/p>\n","protected":false},"excerpt":{"rendered":"<p>Ser\u00e1 el 31 de agosto en el Teatro Municipal. Est\u00e1 destinada a cubrir rol femenino y masculino dentro del ballet.<\/p>\n","protected":false},"author":6,"featured_media":62522,"comment_status":"closed","ping_status":"closed","sticky":false,"template":"","format":"standard","meta":{"_jetpack_memberships_contains_paid_content":false,"footnotes":""},"categories":[9,1],"tags":[],"class_list":["post-123727","post","type-post","status-publish","format-standard","has-post-thumbnail","hentry","category-cultura","category-portada"],"jetpack_featured_media_url":"https:\/\/i0.wp.com\/cdnoticias.com\/wp-content\/uploads\/2022\/08\/Cultura-Ballet-Municipal-1024x685-1.jpg?fit=1024%2C685&ssl=1","jetpack_sharing_enabled":true,"_links":{"self":[{"href":"https:\/\/cdnoticias.com\/index.php\/wp-json\/wp\/v2\/posts\/123727","targetHints":{"allow":["GET"]}}],"collection":[{"href":"https:\/\/cdnoticias.com\/index.php\/wp-json\/wp\/v2\/posts"}],"about":[{"href":"https:\/\/cdnoticias.com\/index.php\/wp-json\/wp\/v2\/types\/post"}],"author":[{"embeddable":true,"href":"https:\/\/cdnoticias.com\/index.php\/wp-json\/wp\/v2\/users\/6"}],"replies":[{"embeddable":true,"href":"https:\/\/cdnoticias.com\/index.php\/wp-json\/wp\/v2\/comments?post=123727"}],"version-history":[{"count":0,"href":"https:\/\/cdnoticias.com\/index.php\/wp-json\/wp\/v2\/posts\/123727\/revisions"}],"wp:featuredmedia":[{"embeddable":true,"href":"https:\/\/cdnoticias.com\/index.php\/wp-json\/wp\/v2\/media\/62522"}],"wp:attachment":[{"href":"https:\/\/cdnoticias.com\/index.php\/wp-json\/wp\/v2\/media?parent=123727"}],"wp:term":[{"taxonomy":"category","embeddable":true,"href":"https:\/\/cdnoticias.com\/index.php\/wp-json\/wp\/v2\/categories?post=123727"},{"taxonomy":"post_tag","embeddable":true,"href":"https:\/\/cdnoticias.com\/index.php\/wp-json\/wp\/v2\/tags?post=123727"}],"curies":[{"name":"wp","href":"https:\/\/api.w.org\/{rel}","templated":true}]}}