{"id":123722,"date":"2024-08-24T13:55:13","date_gmt":"2024-08-24T16:55:13","guid":{"rendered":"https:\/\/cdnoticias.com\/?p=123722"},"modified":"2024-08-24T13:55:15","modified_gmt":"2024-08-24T16:55:15","slug":"piden-que-el-gobierno-bonaerense-extienda-al-100-la-bonificacion-a-jubilados-en-la-vtv","status":"publish","type":"post","link":"https:\/\/cdnoticias.com\/index.php\/2024\/08\/24\/piden-que-el-gobierno-bonaerense-extienda-al-100-la-bonificacion-a-jubilados-en-la-vtv\/","title":{"rendered":"Piden que el gobierno bonaerense extienda al 100% la bonificaci\u00f3n a jubilados en la VTV"},"content":{"rendered":"\n<p>Es una iniciativa del senador radical Ariel Mart\u00ednez Bordaisco. El gobierno hab\u00eda dispuesto una rebaja del 50%.<\/p>\n\n\n\n<hr class=\"wp-block-separator aligncenter has-alpha-channel-opacity\"\/>\n\n\n\n<p>Luego de que <strong>el gobierno de Axel Kicillof <\/strong>anunciara una <strong>bonificaci\u00f3n del 50% para jubilados y pensionados en la tarifas de la Verificaci\u00f3n T\u00e9cnica Vehicular (VTV),<\/strong> desde <strong>la UCR reclamaron tratar un proyecto<\/strong> ya presentado en la Legislatura <strong>que extiende el beneficio al 100% de la tarifa.<\/strong><\/p>\n\n\n\n<p><\/p>\n\n\n\n<p>La iniciativa es del senador Ariel Mart\u00ednez Bordaisco (UCR + Cambio Federal) y fue presentada el 25 de junio pasado.<\/p>\n\n\n\n<p><\/p>\n\n\n\n<blockquote class=\"wp-block-quote is-layout-flow wp-block-quote-is-layout-flow\">\n<p>\u201cCon el 50% no alcanza. Por eso, pedimos que los jubilados y pensionados sean eximidos del 100% del pago de la Verificaci\u00f3n T\u00e9cnica Vehicular (VTV) debido a la dif\u00edcil situaci\u00f3n econ\u00f3mica que atraviesan\u201d, sostuvo Martinez Bordaisco.<\/p>\n<\/blockquote>\n\n\n\n<p><\/p>\n\n\n\n<p>El legislador radical agreg\u00f3 que \u201c<strong>muchos no hacen debidamente los controles por no poder realizar el pago, lo que genera una infracci\u00f3n y un riesgo alt\u00edsimo\u201d.<\/strong><\/p>\n\n\n\n<p><\/p>\n\n\n\n<p>Debido a esta situaci\u00f3n el legislador argument\u00f3 que es necesario que el gobierno provincial intervenga de \u201cmanera real en esta situaci\u00f3n\u201d y sostuvo que \u201c<strong><em>no puede gestionar a medias, ni en forma de parches, es necesario acompa\u00f1ar a los jubilados y pensionados\u201d.<\/em><\/strong><\/p>\n\n\n\n<p><\/p>\n\n\n\n<p>Por \u00faltimo, el senador Bordaisco remarc\u00f3 que \u201cbuscamos que puedan circular en veh\u00edculos controlados gratuitamente. <strong>Hay que acompa\u00f1ar a los que menos tienen, cuidarles el bolsillo y tambi\u00e9n su seguridad y la de terceros\u201d.\u00a0<\/strong><\/p>\n\n\n\n<p><\/p>\n\n\n\n<p><em>Fuente: DIB<\/em><\/p>\n","protected":false},"excerpt":{"rendered":"<p>Es una iniciativa del senador radical Ariel Mart\u00ednez Bordaisco. El gobierno hab\u00eda dispuesto una rebaja del 50%. Luego de que<\/p>\n","protected":false},"author":6,"featured_media":44910,"comment_status":"closed","ping_status":"closed","sticky":false,"template":"","format":"standard","meta":{"_jetpack_memberships_contains_paid_content":false,"footnotes":""},"categories":[6,1],"tags":[],"class_list":["post-123722","post","type-post","status-publish","format-standard","has-post-thumbnail","hentry","category-nacionales","category-portada"],"jetpack_featured_media_url":"https:\/\/i0.wp.com\/cdnoticias.com\/wp-content\/uploads\/2022\/01\/VTV-verificacion.jpg?fit=730%2C411&ssl=1","jetpack_sharing_enabled":true,"_links":{"self":[{"href":"https:\/\/cdnoticias.com\/index.php\/wp-json\/wp\/v2\/posts\/123722","targetHints":{"allow":["GET"]}}],"collection":[{"href":"https:\/\/cdnoticias.com\/index.php\/wp-json\/wp\/v2\/posts"}],"about":[{"href":"https:\/\/cdnoticias.com\/index.php\/wp-json\/wp\/v2\/types\/post"}],"author":[{"embeddable":true,"href":"https:\/\/cdnoticias.com\/index.php\/wp-json\/wp\/v2\/users\/6"}],"replies":[{"embeddable":true,"href":"https:\/\/cdnoticias.com\/index.php\/wp-json\/wp\/v2\/comments?post=123722"}],"version-history":[{"count":0,"href":"https:\/\/cdnoticias.com\/index.php\/wp-json\/wp\/v2\/posts\/123722\/revisions"}],"wp:featuredmedia":[{"embeddable":true,"href":"https:\/\/cdnoticias.com\/index.php\/wp-json\/wp\/v2\/media\/44910"}],"wp:attachment":[{"href":"https:\/\/cdnoticias.com\/index.php\/wp-json\/wp\/v2\/media?parent=123722"}],"wp:term":[{"taxonomy":"category","embeddable":true,"href":"https:\/\/cdnoticias.com\/index.php\/wp-json\/wp\/v2\/categories?post=123722"},{"taxonomy":"post_tag","embeddable":true,"href":"https:\/\/cdnoticias.com\/index.php\/wp-json\/wp\/v2\/tags?post=123722"}],"curies":[{"name":"wp","href":"https:\/\/api.w.org\/{rel}","templated":true}]}}