{"id":123720,"date":"2024-08-23T19:00:06","date_gmt":"2024-08-23T22:00:06","guid":{"rendered":"https:\/\/cdnoticias.com\/?p=123720"},"modified":"2024-08-23T19:00:08","modified_gmt":"2024-08-23T22:00:08","slug":"otra-derrota-del-gobierno-es-ley-el-aumento-de-las-jubilaciones-y-la-modificacion-de-la-formula","status":"publish","type":"post","link":"https:\/\/cdnoticias.com\/index.php\/2024\/08\/23\/otra-derrota-del-gobierno-es-ley-el-aumento-de-las-jubilaciones-y-la-modificacion-de-la-formula\/","title":{"rendered":"Otra derrota del gobierno: es ley el aumento de las jubilaciones y la modificaci\u00f3n de la f\u00f3rmula"},"content":{"rendered":"\n<p>Dispone un aumento extraordinario del 8,1% y un m\u00ednimo equivalente al 1,09% del PBI. El presidente Javier Milei afirm\u00f3 que, de sancionarse, la vetar\u00e1.<\/p>\n\n\n\n<hr class=\"wp-block-separator aligncenter has-alpha-channel-opacity\"\/>\n\n\n\n<p>Este jueves, el <strong>Senado de la Naci\u00f3n aprob\u00f3 por dos tercios, <\/strong>en general y en particular, <strong>el proyecto que aumenta las jubilaciones en un 8,1 <\/strong>y dispone su <strong>actualizaci\u00f3n mensual a trav\u00e9s del \u00cdndice de Precios al Consumir (IPC),<\/strong> que ya tuvo la media sanci\u00f3n de la C\u00e1mara de Diputados con dos tercios y por la cual <strong>el presidente Javier Milei afirm\u00f3 que, de sancionarse, la vetar\u00e1.<\/strong><\/p>\n\n\n\n<p><\/p>\n\n\n\n<p>Fue por 61 votos afirmativos, ocho negativos y cero abstenciones, en general. En particular, la oposici\u00f3n logr\u00f3 blindar todos los art\u00edculos sensibles para el Gobierno nacional con dos tercios.<\/p>\n\n\n\n<p><\/p>\n\n\n\n<blockquote class=\"wp-block-quote is-layout-flow wp-block-quote-is-layout-flow\">\n<p>Adem\u00e1s del aumento de 8,1% y el cambio en la f\u00f3rmula de actualizaci\u00f3n, la iniciativa contempla que, en marzo de cada a\u00f1o, se aplicar\u00e1 un aumento del 50 por ciento de la variaci\u00f3n de la de la Remuneraci\u00f3n Imponible Promedio de los Trabajadores Estables (RIPTE) por sobre la variaci\u00f3n del \u00cdndice de Precios al Consumidor (IPC) del a\u00f1o anterior.<\/p>\n<\/blockquote>\n\n\n\n<p><\/p>\n\n\n\n<p>A su vez, dispone que ANSES \u201cgarantizar\u00e1, para el caso de las personas que perciban un solo beneficio, <strong>el pago de una prestaci\u00f3n con un suplemento dinerario de car\u00e1cter alimentario, <\/strong>de forma tal que los ingresos totales<strong> no sean menores al \u00faltimo valor de la canasta b\u00e1sica total<\/strong> por adulto multiplicado por 1,09\u201d.<\/p>\n\n\n\n<p><\/p>\n\n\n\n<p>Tambi\u00e9n instruye a la instituci\u00f3n a que<strong> cancele la totalidad de las deudas que mantiene con las provincias<\/strong> cuyos sistemas previsionales \u201cno fueron transferidos al Estado nacional, como as\u00ed tambi\u00e9n con los beneficiarios que cuenten con sentencia firme, dentro de los 6 meses de la promulgaci\u00f3n de esta ley\u201d.<\/p>\n\n\n\n<p><\/p>\n\n\n\n<p>Su aprobaci\u00f3n significar\u00e1 un gasto del 0,43 por ciento del PBI, seg\u00fan especific\u00f3 un estudio realizado por la Oficina de Presupuesto del Congreso (OPC). Ante este panorama, <strong>Milei asegur\u00f3 que utilizar\u00eda, por primera vez, su facultad de veto.<\/strong> El jefe de Estado <strong>calific\u00f3 como \u201cdegenerados fiscales\u201d<\/strong> a los diputados cuando le dieron luz verde al proyecto.<\/p>\n\n\n\n<p><\/p>\n\n\n\n<p>Semanas atr\u00e1s, la Casa Rosada envi\u00f3 al secretario de Hacienda, Carlos Guberman, y al titular de la ANSES, Mariano de los Heros, para defender el \u201cd\u00e9ficit cero\u201d que promueven Milei y el ministro de Econom\u00eda, Luis Caputo.<\/p>\n\n\n\n<p><\/p>\n\n\n\n<p>Los funcionarios postularon que aceptaban el 8,1, pero no har\u00edan lugar al resto de los puntos. No obstante, la propuesta del 8,1 tambi\u00e9n fue condicionada por los emisarios del Poder Ejecutivo al sostener que no ser\u00eda de forma retroactiva a enero, mes en el que las jubilaciones subieron 12,5 frente al 20,6 que fue la inflaci\u00f3n, sino al mes siguiente de la promulgaci\u00f3n de la ley.<\/p>\n\n\n\n<p><\/p>\n\n\n\n<p><em>Fuente: DIB<\/em><\/p>\n","protected":false},"excerpt":{"rendered":"<p>Dispone un aumento extraordinario del 8,1% y un m\u00ednimo equivalente al 1,09% del PBI. El presidente Javier Milei afirm\u00f3 que,<\/p>\n","protected":false},"author":6,"featured_media":50828,"comment_status":"closed","ping_status":"closed","sticky":false,"template":"","format":"standard","meta":{"_jetpack_memberships_contains_paid_content":false,"footnotes":""},"categories":[6,1],"tags":[],"class_list":["post-123720","post","type-post","status-publish","format-standard","has-post-thumbnail","hentry","category-nacionales","category-portada"],"jetpack_featured_media_url":"https:\/\/i0.wp.com\/cdnoticias.com\/wp-content\/uploads\/2022\/04\/anses-jubilados-1068x601-1.jpg?fit=1068%2C601&ssl=1","jetpack_sharing_enabled":true,"_links":{"self":[{"href":"https:\/\/cdnoticias.com\/index.php\/wp-json\/wp\/v2\/posts\/123720","targetHints":{"allow":["GET"]}}],"collection":[{"href":"https:\/\/cdnoticias.com\/index.php\/wp-json\/wp\/v2\/posts"}],"about":[{"href":"https:\/\/cdnoticias.com\/index.php\/wp-json\/wp\/v2\/types\/post"}],"author":[{"embeddable":true,"href":"https:\/\/cdnoticias.com\/index.php\/wp-json\/wp\/v2\/users\/6"}],"replies":[{"embeddable":true,"href":"https:\/\/cdnoticias.com\/index.php\/wp-json\/wp\/v2\/comments?post=123720"}],"version-history":[{"count":0,"href":"https:\/\/cdnoticias.com\/index.php\/wp-json\/wp\/v2\/posts\/123720\/revisions"}],"wp:featuredmedia":[{"embeddable":true,"href":"https:\/\/cdnoticias.com\/index.php\/wp-json\/wp\/v2\/media\/50828"}],"wp:attachment":[{"href":"https:\/\/cdnoticias.com\/index.php\/wp-json\/wp\/v2\/media?parent=123720"}],"wp:term":[{"taxonomy":"category","embeddable":true,"href":"https:\/\/cdnoticias.com\/index.php\/wp-json\/wp\/v2\/categories?post=123720"},{"taxonomy":"post_tag","embeddable":true,"href":"https:\/\/cdnoticias.com\/index.php\/wp-json\/wp\/v2\/tags?post=123720"}],"curies":[{"name":"wp","href":"https:\/\/api.w.org\/{rel}","templated":true}]}}