{"id":123710,"date":"2024-08-23T19:30:34","date_gmt":"2024-08-23T22:30:34","guid":{"rendered":"https:\/\/cdnoticias.com\/?p=123710"},"modified":"2024-08-24T10:00:27","modified_gmt":"2024-08-24T13:00:27","slug":"el-plan-de-la-mariposa-vuelve-a-olavarria-en-noviembre","status":"publish","type":"post","link":"https:\/\/cdnoticias.com\/index.php\/2024\/08\/23\/el-plan-de-la-mariposa-vuelve-a-olavarria-en-noviembre\/","title":{"rendered":"El Plan de la Mariposa vuelve a Olavarr\u00eda en noviembre"},"content":{"rendered":"\n<p>El show ser\u00e1 el viernes 15 de noviembre en el gimnasio de Racing. Las entradas anticipadas ya est\u00e1n a la venta.<\/p>\n\n\n\n<hr class=\"wp-block-separator aligncenter has-alpha-channel-opacity\"\/>\n\n\n\n<p>La banda oriunda de Necochea <strong>\u201cEl Plan de la Mariposa\u201d vuelve a nuestra ciudad<\/strong> para brindar un show en <strong>el gimnasio de Racing el pr\u00f3ximo 15 de noviembre.<\/strong><\/p>\n\n\n\n<p><\/p>\n\n\n\n<p>En esta ocasi\u00f3n,<strong> presentar\u00e1n el \u00faltimo disco de estudio lanzado el 13 de junio<\/strong> y el cual se titul\u00f3 <strong>\u201cCorrentada\u201d<\/strong>. Las entradas anticipadas ya se encuentran a la venta en articket.com.ar.<\/p>\n\n\n\n<p><\/p>\n\n\n\n<p>\u201cCorrentada\u201d <strong>es el sexto \u00e1lbum de estudio <\/strong>de \u201cEl Plan\u201d y marca un nuevo y expansivo punto de partida para la banda necochense. Cada uno de los <strong>11 temas que integra el disco<\/strong> plantea un<strong> recorrido por diferentes emociones e historias trasladadas a la m\u00fasica <\/strong>como canal de transformaci\u00f3n.<\/p>\n\n\n\n<p><\/p>\n\n\n\n<p>El vocalista de la banda, <strong>Sebasti\u00e1n Andersen, <\/strong>declar\u00f3 que \u201c<strong>Correntada es un disco que esperamos con muchas ganas y por el que trabajamos mucho. Le pusimos mucho amor y mucho esfuerzo a la tarea de componerlo, de generarlo, de crearlo<\/strong>&#8220;.<\/p>\n\n\n\n<p><\/p>\n\n\n\n<figure class=\"wp-block-image aligncenter size-full\"><img data-recalc-dims=\"1\" loading=\"lazy\" decoding=\"async\" width=\"768\" height=\"512\" src=\"https:\/\/i0.wp.com\/cdnoticias.com\/wp-content\/uploads\/2024\/08\/elplandelamariposa-racing2.webp?resize=768%2C512&#038;ssl=1\" alt=\"\" class=\"wp-image-123715\" srcset=\"https:\/\/i0.wp.com\/cdnoticias.com\/wp-content\/uploads\/2024\/08\/elplandelamariposa-racing2.webp?w=768&amp;ssl=1 768w, https:\/\/i0.wp.com\/cdnoticias.com\/wp-content\/uploads\/2024\/08\/elplandelamariposa-racing2.webp?resize=300%2C200&amp;ssl=1 300w, https:\/\/i0.wp.com\/cdnoticias.com\/wp-content\/uploads\/2024\/08\/elplandelamariposa-racing2.webp?resize=272%2C182&amp;ssl=1 272w\" sizes=\"auto, (max-width: 768px) 100vw, 768px\" \/><\/figure>\n\n\n\n<p><\/p>\n\n\n\n<blockquote class=\"wp-block-quote is-layout-flow wp-block-quote-is-layout-flow\">\n<p>Adem\u00e1s, con respecto al t\u00edtulo del \u00e1lbum, sostuvo que &#8220;el nombre viene de la naturaleza: desde las correntadas del agua y del viento, esas que son parte del contexto del lugar donde nosotros nos criamos, Necochea en la costa Argentina, al lado del mar. Adem\u00e1s, habla tambi\u00e9n metaf\u00f3ricamente sobre esas correntadas energ\u00e9ticas que hacen que las emociones se paseen en el cuerpo&#8221;.<\/p>\n<\/blockquote>\n\n\n\n<p><\/p>\n\n\n\n<p>Las canciones resultaron de un largo y dedicado proceso en el que la composici\u00f3n y producci\u00f3n estuvieron en manos de los integrantes de El Plan, junto con la colaboraci\u00f3n de los productores Edu Schmidt y Brian Taylor.<\/p>\n\n\n\n<p><\/p>\n\n\n\n<p>Asimismo, y despu\u00e9s de un exitoso 2023, en el que realizaron <strong>dos Estadio Luna Park agotados, <\/strong>una extensa gira por toda Argentina, Chile, Uruguay, Paraguay, Colombia, Costa Rica, M\u00e9xico, Irlanda y Espa\u00f1a, <strong>la banda vuelve a girar por Argentina, Uruguay y Paraguay <\/strong>y <strong>se presentar\u00e1 por primera vez el 14 de septiembre en el Movistar Arena.<\/strong><\/p>\n\n\n\n<p><\/p>\n\n\n\n<figure class=\"wp-block-image aligncenter size-full\"><img data-recalc-dims=\"1\" loading=\"lazy\" decoding=\"async\" width=\"768\" height=\"576\" src=\"https:\/\/i0.wp.com\/cdnoticias.com\/wp-content\/uploads\/2024\/08\/elplandelamariposa-racing1.webp?resize=768%2C576&#038;ssl=1\" alt=\"\" class=\"wp-image-123714\" srcset=\"https:\/\/i0.wp.com\/cdnoticias.com\/wp-content\/uploads\/2024\/08\/elplandelamariposa-racing1.webp?w=768&amp;ssl=1 768w, https:\/\/i0.wp.com\/cdnoticias.com\/wp-content\/uploads\/2024\/08\/elplandelamariposa-racing1.webp?resize=300%2C225&amp;ssl=1 300w\" sizes=\"auto, (max-width: 768px) 100vw, 768px\" \/><\/figure>\n\n\n\n<p><\/p>\n\n\n\n<p>Este primer tramo incluy\u00f3 a Montevideo (Cosqu\u00edn Rock y dos fechas propias agotadas), Santa Fe, C\u00f3rdoba, Paran\u00e1, Resistencia, Corrientes y Posadas . Seguir\u00e1 por San Luis, Mendoza, Jun\u00edn, Olavarr\u00eda y Mar del Plata.<\/p>\n\n\n\n<p><\/p>\n\n\n\n<p>Por otro lado, <strong>seguir\u00e1n con una gira internacional <\/strong>que incluye Chile (Santiago y Quilpu\u00e9) en septiembre, M\u00e9xico (Ciudad de M\u00e9xico) y Colombia (Bogot\u00e1) en octubre.<\/p>\n\n\n\n<p><\/p>\n\n\n\n<p class=\"has-medium-font-size\"><strong>Sobre El Plan de la Mariposa<\/strong><\/p>\n\n\n\n<p>El Plan de la Mariposa es una banda de rock alternativo, con <strong>m\u00e1s de diez a\u00f1os de trayectoria<\/strong> y un crecimiento sostenido en la escena del rock argentino.<\/p>\n\n\n\n<p><\/p>\n\n\n\n<p>Nacidos en la <strong>ciudad de Necochea, <\/strong>Costa Atl\u00e1ntica Argentina, <strong>han editado en su carrera seis \u00e1lbumes de estudio, y cuatro discos en vivo <\/strong>en los que han dejado registros de algunas de sus m\u00e1s potentes presentaciones en recintos m\u00edticos como el reconocido Estadio Obras de Buenos Aires (con dos sold outs en 2022) o el gran Estadio Luna Park (con dos sold outs en 2023).&nbsp;<\/p>\n\n\n\n<p><\/p>\n\n\n\n<p>Ahora, se preparan para dar un paso m\u00e1s con su primera presentaci\u00f3n en el <strong>Movistar Arena de Buenos Aires,<\/strong> donde presentar\u00e1n su nuevo \u00e1lbum <strong>\u201cCorrentada\u201d.<\/strong><\/p>\n\n\n\n<p><\/p>\n\n\n\n<figure class=\"wp-block-image aligncenter size-full\"><img data-recalc-dims=\"1\" loading=\"lazy\" decoding=\"async\" width=\"640\" height=\"640\" src=\"https:\/\/i0.wp.com\/cdnoticias.com\/wp-content\/uploads\/2024\/08\/correntada-disco-el-plan.jpg?resize=640%2C640&#038;ssl=1\" alt=\"\" class=\"wp-image-123717\" srcset=\"https:\/\/i0.wp.com\/cdnoticias.com\/wp-content\/uploads\/2024\/08\/correntada-disco-el-plan.jpg?w=640&amp;ssl=1 640w, https:\/\/i0.wp.com\/cdnoticias.com\/wp-content\/uploads\/2024\/08\/correntada-disco-el-plan.jpg?resize=300%2C300&amp;ssl=1 300w, https:\/\/i0.wp.com\/cdnoticias.com\/wp-content\/uploads\/2024\/08\/correntada-disco-el-plan.jpg?resize=150%2C150&amp;ssl=1 150w\" sizes=\"auto, (max-width: 640px) 100vw, 640px\" \/><\/figure>\n\n\n\n<p><\/p>\n\n\n\n<p>El Plan ha realizado numerosas giras que le han llevado a recorrer casi todas las provincias de Argentina. Adem\u00e1s, han viajado con su m\u00fasica en giras internacionales, que ahora le llevar\u00e1n de vuelta por M\u00e9xico, Colombia, Chile, Uruguay, Paraguay, Espa\u00f1a, Dinamarca, Costa Rica y m\u00e1s territorios.<\/p>\n\n\n\n<p><\/p>\n\n\n\n<p>La propuesta del Plan es una poderosa mixtura de <strong>canciones rock con toques de funk, psicodelia, m\u00fasica celta y ritmos latinos<\/strong>. Sobre una s\u00f3lida base rockera de guitarra bajo y bater\u00eda, entrelazan arreglos de viol\u00edn, acorde\u00f3n, y sintetizadores que dan profundidad y riqueza al sonido, con l\u00edricas introspectivas y viajeras.<\/p>\n\n\n\n<p><\/p>\n\n\n\n<p>La banda es integrada por <strong>Sebasti\u00e1n Andersen en voz, Camila Andersen en voz,&nbsp; Valent\u00edn Andersen en guitarras y voz, M\u00e1ximo Andersen en teclado, Santiago Andersen en viol\u00edn, Andr\u00e9s N\u00f6r en bajo y Juli\u00e1n Ropero en bater\u00eda.<\/strong><\/p>\n","protected":false},"excerpt":{"rendered":"<p>El show ser\u00e1 el viernes 15 de noviembre en el gimnasio de Racing. Las entradas anticipadas ya est\u00e1n a la<\/p>\n","protected":false},"author":6,"featured_media":123713,"comment_status":"closed","ping_status":"closed","sticky":false,"template":"","format":"standard","meta":{"_jetpack_memberships_contains_paid_content":false,"footnotes":""},"categories":[9,1],"tags":[],"class_list":["post-123710","post","type-post","status-publish","format-standard","has-post-thumbnail","hentry","category-cultura","category-portada"],"jetpack_featured_media_url":"https:\/\/i0.wp.com\/cdnoticias.com\/wp-content\/uploads\/2024\/08\/elplandelamariposa-racing.webp?fit=800%2C445&ssl=1","jetpack_sharing_enabled":true,"_links":{"self":[{"href":"https:\/\/cdnoticias.com\/index.php\/wp-json\/wp\/v2\/posts\/123710","targetHints":{"allow":["GET"]}}],"collection":[{"href":"https:\/\/cdnoticias.com\/index.php\/wp-json\/wp\/v2\/posts"}],"about":[{"href":"https:\/\/cdnoticias.com\/index.php\/wp-json\/wp\/v2\/types\/post"}],"author":[{"embeddable":true,"href":"https:\/\/cdnoticias.com\/index.php\/wp-json\/wp\/v2\/users\/6"}],"replies":[{"embeddable":true,"href":"https:\/\/cdnoticias.com\/index.php\/wp-json\/wp\/v2\/comments?post=123710"}],"version-history":[{"count":0,"href":"https:\/\/cdnoticias.com\/index.php\/wp-json\/wp\/v2\/posts\/123710\/revisions"}],"wp:featuredmedia":[{"embeddable":true,"href":"https:\/\/cdnoticias.com\/index.php\/wp-json\/wp\/v2\/media\/123713"}],"wp:attachment":[{"href":"https:\/\/cdnoticias.com\/index.php\/wp-json\/wp\/v2\/media?parent=123710"}],"wp:term":[{"taxonomy":"category","embeddable":true,"href":"https:\/\/cdnoticias.com\/index.php\/wp-json\/wp\/v2\/categories?post=123710"},{"taxonomy":"post_tag","embeddable":true,"href":"https:\/\/cdnoticias.com\/index.php\/wp-json\/wp\/v2\/tags?post=123710"}],"curies":[{"name":"wp","href":"https:\/\/api.w.org\/{rel}","templated":true}]}}