{"id":123698,"date":"2024-08-23T17:59:04","date_gmt":"2024-08-23T20:59:04","guid":{"rendered":"https:\/\/cdnoticias.com\/?p=123698"},"modified":"2024-08-24T09:51:22","modified_gmt":"2024-08-24T12:51:22","slug":"mas-de-1500-estudiantes-participaron-de-la-tercera-edicion-de-expounicen","status":"publish","type":"post","link":"https:\/\/cdnoticias.com\/index.php\/2024\/08\/23\/mas-de-1500-estudiantes-participaron-de-la-tercera-edicion-de-expounicen\/","title":{"rendered":"M\u00e1s de 1500 estudiantes participaron de la tercera edici\u00f3n de ExpoUNICEN"},"content":{"rendered":"\n<p>Se trata de alumnos de los \u00faltimos a\u00f1os de secundaria no s\u00f3lo de Olavarr\u00eda sino de toda la regi\u00f3n. Hubo charlas, actividades, y una demostraci\u00f3n que \u201cla Universidad est\u00e1 viva\u201d en palabras del rector Marcelo Aba.<\/p>\n\n\n\n<hr class=\"wp-block-separator aligncenter has-alpha-channel-opacity\"\/>\n\n\n\n<p>Este viernes, <strong>el campus universitario estuvo colmado de m\u00e1s de 1500 estudiantes de los \u00faltimos a\u00f1os de secundario que participaron de la tercera edici\u00f3n de ExpoUNICEN<\/strong>, donde se muestra toda la oferta educativa de la universidad en sus sedes de Olavarr\u00eda, Azul, Tandil y Quequ\u00e9n.<\/p>\n\n\n\n<p>La apertura oficial de la jornada estuvo a cargo del <strong>rector de la UNICEN, Dr. Marcelo Aba<\/strong>, quien estuvo acompa\u00f1ado por la vicerrectora Prof. Alicia Spinello, la decana de la Facultad de Ciencias Sociales Lic. Gabriela Gamberini, la decana de la Facultad de Ingenier\u00eda Ing. Mar\u00eda Hayde\u00e9 Peralta, la vicedecana de la Facultad de Ciencias de la Salud Lic. Bettina Bernardelli, y el Secretario de Relaciones Institucionales de la UNICEN, Per. Luis Ventos.<\/p>\n\n\n\n<figure class=\"wp-block-image size-large\"><img data-recalc-dims=\"1\" loading=\"lazy\" decoding=\"async\" width=\"800\" height=\"504\" src=\"https:\/\/i0.wp.com\/cdnoticias.com\/wp-content\/uploads\/2024\/08\/WhatsApp-Image-2024-08-23-at-15.08.28-1.jpeg?resize=800%2C504&#038;ssl=1\" alt=\"\" class=\"wp-image-123707\" srcset=\"https:\/\/i0.wp.com\/cdnoticias.com\/wp-content\/uploads\/2024\/08\/WhatsApp-Image-2024-08-23-at-15.08.28-1.jpeg?resize=1024%2C645&amp;ssl=1 1024w, https:\/\/i0.wp.com\/cdnoticias.com\/wp-content\/uploads\/2024\/08\/WhatsApp-Image-2024-08-23-at-15.08.28-1.jpeg?resize=300%2C189&amp;ssl=1 300w, https:\/\/i0.wp.com\/cdnoticias.com\/wp-content\/uploads\/2024\/08\/WhatsApp-Image-2024-08-23-at-15.08.28-1.jpeg?resize=768%2C484&amp;ssl=1 768w, https:\/\/i0.wp.com\/cdnoticias.com\/wp-content\/uploads\/2024\/08\/WhatsApp-Image-2024-08-23-at-15.08.28-1.jpeg?w=1500&amp;ssl=1 1500w\" sizes=\"auto, (max-width: 800px) 100vw, 800px\" \/><\/figure>\n\n\n\n<p>El rector Aba celebr\u00f3 que nuevamente<em><strong> \u201cla Universidad se abra a quienes potencialmente pueden ser nuestros estudiantes demuestra que la Universidad est\u00e1 viva. Seguimos trabajando y estando presentes y sobre todo proyect\u00e1ndonos hacia el futuro, que son ustedes, quienes pasar\u00e1n por las aulas de las unidades acad\u00e9micas, se formar\u00e1n y ser\u00e1n los futuros profesionales que nuestro pa\u00eds precisa\u201d.<\/strong><\/em><\/p>\n\n\n\n<p>En esta ocasi\u00f3n participaron <strong>m\u00e1s de 1500 estudiantes de escuelas secundarias de Olavarr\u00eda y las localidades, y de gran parte de la regi\u00f3n, como Bol\u00edvar, Rauch, Coronel Su\u00e1rez, Tapalqu\u00e9, Bah\u00eda Blanca, Sierra de la Ventana y Las Flores.<\/strong><\/p>\n\n\n\n<figure class=\"wp-block-image size-large\"><img data-recalc-dims=\"1\" loading=\"lazy\" decoding=\"async\" width=\"800\" height=\"501\" src=\"https:\/\/i0.wp.com\/cdnoticias.com\/wp-content\/uploads\/2024\/08\/WhatsApp-Image-2024-08-23-at-15.08.30-1.jpeg?resize=800%2C501&#038;ssl=1\" alt=\"\" class=\"wp-image-123702\" srcset=\"https:\/\/i0.wp.com\/cdnoticias.com\/wp-content\/uploads\/2024\/08\/WhatsApp-Image-2024-08-23-at-15.08.30-1.jpeg?resize=1024%2C641&amp;ssl=1 1024w, https:\/\/i0.wp.com\/cdnoticias.com\/wp-content\/uploads\/2024\/08\/WhatsApp-Image-2024-08-23-at-15.08.30-1.jpeg?resize=300%2C188&amp;ssl=1 300w, https:\/\/i0.wp.com\/cdnoticias.com\/wp-content\/uploads\/2024\/08\/WhatsApp-Image-2024-08-23-at-15.08.30-1.jpeg?resize=768%2C481&amp;ssl=1 768w, https:\/\/i0.wp.com\/cdnoticias.com\/wp-content\/uploads\/2024\/08\/WhatsApp-Image-2024-08-23-at-15.08.30-1.jpeg?w=1500&amp;ssl=1 1500w\" sizes=\"auto, (max-width: 800px) 100vw, 800px\" \/><\/figure>\n\n\n\n<figure class=\"wp-block-image size-large\"><img data-recalc-dims=\"1\" loading=\"lazy\" decoding=\"async\" width=\"800\" height=\"420\" src=\"https:\/\/i0.wp.com\/cdnoticias.com\/wp-content\/uploads\/2024\/08\/WhatsApp-Image-2024-08-23-at-15.08.30.jpeg?resize=800%2C420&#038;ssl=1\" alt=\"\" class=\"wp-image-123703\" srcset=\"https:\/\/i0.wp.com\/cdnoticias.com\/wp-content\/uploads\/2024\/08\/WhatsApp-Image-2024-08-23-at-15.08.30.jpeg?resize=1024%2C537&amp;ssl=1 1024w, https:\/\/i0.wp.com\/cdnoticias.com\/wp-content\/uploads\/2024\/08\/WhatsApp-Image-2024-08-23-at-15.08.30.jpeg?resize=300%2C157&amp;ssl=1 300w, https:\/\/i0.wp.com\/cdnoticias.com\/wp-content\/uploads\/2024\/08\/WhatsApp-Image-2024-08-23-at-15.08.30.jpeg?resize=768%2C402&amp;ssl=1 768w, https:\/\/i0.wp.com\/cdnoticias.com\/wp-content\/uploads\/2024\/08\/WhatsApp-Image-2024-08-23-at-15.08.30.jpeg?resize=390%2C205&amp;ssl=1 390w, https:\/\/i0.wp.com\/cdnoticias.com\/wp-content\/uploads\/2024\/08\/WhatsApp-Image-2024-08-23-at-15.08.30.jpeg?w=1500&amp;ssl=1 1500w\" sizes=\"auto, (max-width: 800px) 100vw, 800px\" \/><\/figure>\n\n\n\n<p>A trav\u00e9s de charlas y presentaciones de stands,<strong> los\/as estudiantes pudieron conocer las propuestas de las facultades de Ciencias Sociales, Ciencias de la Salud e Ingenier\u00eda, con sede en Olavarr\u00eda; Agronom\u00eda y Derecho de Azul, Veterinarias, Humanas, Exactas, Arte y Econ\u00f3micas de Tandil y Log\u00edstica Portuaria de Quequ\u00e9n.<\/strong><\/p>\n\n\n\n<figure class=\"wp-block-image size-large\"><img data-recalc-dims=\"1\" loading=\"lazy\" decoding=\"async\" width=\"800\" height=\"470\" src=\"https:\/\/i0.wp.com\/cdnoticias.com\/wp-content\/uploads\/2024\/08\/WhatsApp-Image-2024-08-23-at-15.08.31.jpeg?resize=800%2C470&#038;ssl=1\" alt=\"\" class=\"wp-image-123700\" srcset=\"https:\/\/i0.wp.com\/cdnoticias.com\/wp-content\/uploads\/2024\/08\/WhatsApp-Image-2024-08-23-at-15.08.31.jpeg?resize=1024%2C601&amp;ssl=1 1024w, https:\/\/i0.wp.com\/cdnoticias.com\/wp-content\/uploads\/2024\/08\/WhatsApp-Image-2024-08-23-at-15.08.31.jpeg?resize=300%2C176&amp;ssl=1 300w, https:\/\/i0.wp.com\/cdnoticias.com\/wp-content\/uploads\/2024\/08\/WhatsApp-Image-2024-08-23-at-15.08.31.jpeg?resize=768%2C451&amp;ssl=1 768w, https:\/\/i0.wp.com\/cdnoticias.com\/wp-content\/uploads\/2024\/08\/WhatsApp-Image-2024-08-23-at-15.08.31.jpeg?w=1500&amp;ssl=1 1500w\" sizes=\"auto, (max-width: 800px) 100vw, 800px\" \/><\/figure>\n\n\n\n<p>Asimismo, se brind\u00f3 informaci\u00f3n sobre los servicios que brinda la Universidad a trav\u00e9s del \u00e1rea de <strong>Bienestar Estudiantil, como becas, acceso a residencias, comedor universitario, deportes, cultura y otras iniciativas destinadas a futuros\/as estudiantes universitarios.<\/strong><\/p>\n\n\n\n<p class=\"has-large-font-size\">La propuesta de FACSO<\/p>\n\n\n\n<figure class=\"wp-block-image size-large\"><img data-recalc-dims=\"1\" loading=\"lazy\" decoding=\"async\" width=\"800\" height=\"527\" src=\"https:\/\/i0.wp.com\/cdnoticias.com\/wp-content\/uploads\/2024\/08\/WhatsApp-Image-2024-08-23-at-15.08.29-2.jpeg?resize=800%2C527&#038;ssl=1\" alt=\"\" class=\"wp-image-123704\" srcset=\"https:\/\/i0.wp.com\/cdnoticias.com\/wp-content\/uploads\/2024\/08\/WhatsApp-Image-2024-08-23-at-15.08.29-2.jpeg?resize=1024%2C674&amp;ssl=1 1024w, https:\/\/i0.wp.com\/cdnoticias.com\/wp-content\/uploads\/2024\/08\/WhatsApp-Image-2024-08-23-at-15.08.29-2.jpeg?resize=300%2C197&amp;ssl=1 300w, https:\/\/i0.wp.com\/cdnoticias.com\/wp-content\/uploads\/2024\/08\/WhatsApp-Image-2024-08-23-at-15.08.29-2.jpeg?resize=768%2C505&amp;ssl=1 768w, https:\/\/i0.wp.com\/cdnoticias.com\/wp-content\/uploads\/2024\/08\/WhatsApp-Image-2024-08-23-at-15.08.29-2.jpeg?w=1500&amp;ssl=1 1500w\" sizes=\"auto, (max-width: 800px) 100vw, 800px\" \/><\/figure>\n\n\n\n<p>Desde la Facultad de Ciencias Sociales se orient\u00f3 a los\/as estudiantes acerca de la <strong>oferta de carreras de grado: Licenciatura en Antropolog\u00eda Social, Licenciatura en Antropolog\u00eda orientaci\u00f3n Arqueolog\u00eda, Licenciatura en Comunicaci\u00f3n Social, Profesorado de Antropolog\u00eda, Profesorado de Comunicaci\u00f3n Social y Periodismo. <\/strong>La inscripci\u00f3n a las mismas para comenzar a cursar en 2025 abrir\u00e1 el a\u00f1o pr\u00f3ximo.<\/p>\n\n\n\n<p>Asimismo,<strong> el Grupo de Extensi\u00f3n y Difusi\u00f3n del Departamento de Arqueolog\u00eda (GEDA) de FACSO present\u00f3 un stand con restos materiales que conforman el registro arqueol\u00f3gico <\/strong>y permiten conocer c\u00f3mo fueron las formas de vida y organizaci\u00f3n de los grupos humanos en el pasado.<\/p>\n\n\n\n<figure class=\"wp-block-image size-large\"><img data-recalc-dims=\"1\" loading=\"lazy\" decoding=\"async\" width=\"800\" height=\"473\" src=\"https:\/\/i0.wp.com\/cdnoticias.com\/wp-content\/uploads\/2024\/08\/WhatsApp-Image-2024-08-23-at-15.08.29.jpeg?resize=800%2C473&#038;ssl=1\" alt=\"\" class=\"wp-image-123706\" srcset=\"https:\/\/i0.wp.com\/cdnoticias.com\/wp-content\/uploads\/2024\/08\/WhatsApp-Image-2024-08-23-at-15.08.29.jpeg?resize=1024%2C606&amp;ssl=1 1024w, https:\/\/i0.wp.com\/cdnoticias.com\/wp-content\/uploads\/2024\/08\/WhatsApp-Image-2024-08-23-at-15.08.29.jpeg?resize=300%2C177&amp;ssl=1 300w, https:\/\/i0.wp.com\/cdnoticias.com\/wp-content\/uploads\/2024\/08\/WhatsApp-Image-2024-08-23-at-15.08.29.jpeg?resize=768%2C454&amp;ssl=1 768w, https:\/\/i0.wp.com\/cdnoticias.com\/wp-content\/uploads\/2024\/08\/WhatsApp-Image-2024-08-23-at-15.08.29.jpeg?w=1500&amp;ssl=1 1500w\" sizes=\"auto, (max-width: 800px) 100vw, 800px\" \/><\/figure>\n\n\n\n<p>Mientras tanto,<strong> la Facultad de Ciencias Sociales a trav\u00e9s de FACSO Producciones, Radio Universidad 90.1 y Agencia Comunica emiti\u00f3 un programa especial en vivo sobre la ExpoUNICEN Olavarr\u00eda<\/strong>, en la que particip\u00f3 el rector Dr. Marcelo Aba, y se escucharon los testimonios de estudiantes secundarios y universitarios, representantes de distintas unidades acad\u00e9micas, entre otros. El programa est\u00e1 disponible aqu\u00ed.<\/p>\n\n\n\n<figure class=\"wp-block-embed is-type-video is-provider-youtube wp-block-embed-youtube wp-embed-aspect-16-9 wp-has-aspect-ratio\"><div class=\"wp-block-embed__wrapper\">\n<iframe loading=\"lazy\" title=\"EXPO UNICEN 2024\" width=\"800\" height=\"450\" src=\"https:\/\/www.youtube.com\/embed\/t-zPZfVsO1k?start=2112&#038;feature=oembed\" frameborder=\"0\" allow=\"accelerometer; autoplay; clipboard-write; encrypted-media; gyroscope; picture-in-picture; web-share\" referrerpolicy=\"strict-origin-when-cross-origin\" allowfullscreen><\/iframe>\n<\/div><\/figure>\n","protected":false},"excerpt":{"rendered":"<p>Se trata de alumnos de los \u00faltimos a\u00f1os de secundaria no s\u00f3lo de Olavarr\u00eda sino de toda la regi\u00f3n. Hubo<\/p>\n","protected":false},"author":2,"featured_media":123701,"comment_status":"closed","ping_status":"closed","sticky":false,"template":"","format":"standard","meta":{"_jetpack_memberships_contains_paid_content":false,"footnotes":""},"categories":[5,1],"tags":[],"class_list":["post-123698","post","type-post","status-publish","format-standard","has-post-thumbnail","hentry","category-informacion-general","category-portada"],"jetpack_featured_media_url":"https:\/\/i0.wp.com\/cdnoticias.com\/wp-content\/uploads\/2024\/08\/WhatsApp-Image-2024-08-23-at-15.08.30-2.jpeg?fit=1500%2C868&ssl=1","jetpack_sharing_enabled":true,"_links":{"self":[{"href":"https:\/\/cdnoticias.com\/index.php\/wp-json\/wp\/v2\/posts\/123698","targetHints":{"allow":["GET"]}}],"collection":[{"href":"https:\/\/cdnoticias.com\/index.php\/wp-json\/wp\/v2\/posts"}],"about":[{"href":"https:\/\/cdnoticias.com\/index.php\/wp-json\/wp\/v2\/types\/post"}],"author":[{"embeddable":true,"href":"https:\/\/cdnoticias.com\/index.php\/wp-json\/wp\/v2\/users\/2"}],"replies":[{"embeddable":true,"href":"https:\/\/cdnoticias.com\/index.php\/wp-json\/wp\/v2\/comments?post=123698"}],"version-history":[{"count":0,"href":"https:\/\/cdnoticias.com\/index.php\/wp-json\/wp\/v2\/posts\/123698\/revisions"}],"wp:featuredmedia":[{"embeddable":true,"href":"https:\/\/cdnoticias.com\/index.php\/wp-json\/wp\/v2\/media\/123701"}],"wp:attachment":[{"href":"https:\/\/cdnoticias.com\/index.php\/wp-json\/wp\/v2\/media?parent=123698"}],"wp:term":[{"taxonomy":"category","embeddable":true,"href":"https:\/\/cdnoticias.com\/index.php\/wp-json\/wp\/v2\/categories?post=123698"},{"taxonomy":"post_tag","embeddable":true,"href":"https:\/\/cdnoticias.com\/index.php\/wp-json\/wp\/v2\/tags?post=123698"}],"curies":[{"name":"wp","href":"https:\/\/api.w.org\/{rel}","templated":true}]}}