{"id":123693,"date":"2024-08-23T17:40:55","date_gmt":"2024-08-23T20:40:55","guid":{"rendered":"https:\/\/cdnoticias.com\/?p=123693"},"modified":"2024-08-23T17:40:57","modified_gmt":"2024-08-23T20:40:57","slug":"otro-episodio-de-la-libertad-avanza-contra-macri-o-estas-de-un-lado-o-del-otro","status":"publish","type":"post","link":"https:\/\/cdnoticias.com\/index.php\/2024\/08\/23\/otro-episodio-de-la-libertad-avanza-contra-macri-o-estas-de-un-lado-o-del-otro\/","title":{"rendered":"Otro episodio de La Libertad Avanza contra Macri: \u201co est\u00e1s de un lado o del otro\u201d"},"content":{"rendered":"\n<p>El diputado Romo se\u00f1al\u00f3 que \u201cpor orden de Macri\u201d los senadores nacionales votaron a favor de la Ley que modifica la f\u00f3rmula jubilatoria, que el Presidente Milei vet\u00f3 horas despu\u00e9s y que Macri tambi\u00e9n apoy\u00f3. \u201cEst\u00e1s de un lado o del otro. Basta de especular\u201d acus\u00f3 Patricia Bullrich.<\/p>\n\n\n\n<hr class=\"wp-block-separator aligncenter has-alpha-channel-opacity\"\/>\n\n\n\n<p><strong>La Libertad Avanza sum\u00f3 una nueva embestida contra el ex Presidente Mauricio Macri, actual l\u00edder del Pro,<\/strong> tras acusarlo de \u201cusar como carne de ca\u00f1\u00f3n\u201d a los <strong>senadores amarillos que votaron a favor de la modificaci\u00f3n de la f\u00f3rmula de jubilaci\u00f3n que vet\u00f3 Javier Milei y que, llamativamente, Macri tambi\u00e9n apoy\u00f3.<\/strong><\/p>\n\n\n\n<p>Tras la aprobaci\u00f3n en el Senado de la<strong> modificaci\u00f3n de la f\u00f3rmula jubilatoria que beneficiaba a este sector que tendr\u00eda mejores ingresos (y que tuvo apoyo del bloque Pro), el Presidente Javier Milei vet\u00f3 la normativa en su totalidad y fue rotundo al dejar en claro que \u201cel d\u00e9ficit cero no se negocia\u201d a pesar de perjudicar a millones de jubilados en todo el pa\u00eds.<\/strong><\/p>\n\n\n\n<p><strong>Ese veto, parad\u00f3jicamente, fue apoyado por Mauricio Macri<\/strong>: <em>\u201cla mayor\u00eda de los senadores que ahora expresan su preocupaci\u00f3n por los ingresos de los jubilados son los mismos que se opusieron con vehemencia al cierre y venta de empresas del Estado deficitarias y llenas de corrupci\u00f3n\u201d.<\/em><\/p>\n\n\n\n<p><em>\u201cHay que recordar, tambi\u00e9n, que esos mismos senadores fueron quienes aprobaron la apertura indiscriminada de universidades p\u00fablicas, fuente de despilfarro, y fachadas para el clientelismo y una corrupci\u00f3n fenomenal. Fueron ellos los que aprobaron el deficit que empobreci\u00f3 a los argentinos. Ya no se puede discutir m\u00e1s la necesidad del equilibrio fiscal\u201d <\/em>acus\u00f3. <strong>Lo que Macri omiti\u00f3 en su mensaje en la red social X, es que los senadores que responden a su liderazgo forman parte del grupo que acusa.<\/strong><\/p>\n\n\n\n<p><em>\u201cAyer a la tarde, por orden de Macri, los Senadores del PRO votaron a favor de la ley que el Presidente Milei vet\u00f3 ayer a la noche. Hoy Macri dice que apoya el veto de Milei. <strong>Porque la victoria en la guerra no depende de la cantidad de soldados, sino de las fuerzas que vienen del cielo<\/strong>\u201d<\/em> ironiz\u00f3 el diputado provincial Agust\u00edn Romo, uno de los voceros m\u00e1s importantes de la Casa Rosada.<\/p>\n\n\n\n<p><strong>M\u00e1s dura fue la ministra Patricia Bullrich<\/strong>, que a\u00fan afirma pertenecer al Pro, que cit\u00f3 la publicaci\u00f3n de Macri y dijo que <em><strong>\u201cse est\u00e1 a favor o en contra del cambio. Est\u00e1 mal mandar a los senadores del PRO a votar a favor de un proyecto fiscalmente irresponsable y despu\u00e9s p\u00fablicamente salir a decir que est\u00e1s en contra\u201d.<\/strong><\/em><\/p>\n\n\n\n<p><em><strong>\u201cUsan a los senadores como carne de ca\u00f1\u00f3n y atentan contra el plan econ\u00f3mico del gobierno que dicen apoyar. Est\u00e1s de un lado o del otro. Basta de especular\u201d<\/strong><\/em> pidi\u00f3, encendiendo m\u00e1s la interna.<em> \u201cExcelente Ministra Bullrich\u201d <\/em>agreg\u00f3 Romo en sus posteo. \u00a0<\/p>\n","protected":false},"excerpt":{"rendered":"<p>El diputado Romo se\u00f1al\u00f3 que \u201cpor orden de Macri\u201d los senadores nacionales votaron a favor de la Ley que modifica<\/p>\n","protected":false},"author":2,"featured_media":121994,"comment_status":"closed","ping_status":"closed","sticky":false,"template":"","format":"standard","meta":{"_jetpack_memberships_contains_paid_content":false,"footnotes":""},"categories":[6,1],"tags":[],"class_list":["post-123693","post","type-post","status-publish","format-standard","has-post-thumbnail","hentry","category-nacionales","category-portada"],"jetpack_featured_media_url":"https:\/\/i0.wp.com\/cdnoticias.com\/wp-content\/uploads\/2024\/08\/mauricio-macri.jpg?fit=696%2C571&ssl=1","jetpack_sharing_enabled":true,"_links":{"self":[{"href":"https:\/\/cdnoticias.com\/index.php\/wp-json\/wp\/v2\/posts\/123693","targetHints":{"allow":["GET"]}}],"collection":[{"href":"https:\/\/cdnoticias.com\/index.php\/wp-json\/wp\/v2\/posts"}],"about":[{"href":"https:\/\/cdnoticias.com\/index.php\/wp-json\/wp\/v2\/types\/post"}],"author":[{"embeddable":true,"href":"https:\/\/cdnoticias.com\/index.php\/wp-json\/wp\/v2\/users\/2"}],"replies":[{"embeddable":true,"href":"https:\/\/cdnoticias.com\/index.php\/wp-json\/wp\/v2\/comments?post=123693"}],"version-history":[{"count":0,"href":"https:\/\/cdnoticias.com\/index.php\/wp-json\/wp\/v2\/posts\/123693\/revisions"}],"wp:featuredmedia":[{"embeddable":true,"href":"https:\/\/cdnoticias.com\/index.php\/wp-json\/wp\/v2\/media\/121994"}],"wp:attachment":[{"href":"https:\/\/cdnoticias.com\/index.php\/wp-json\/wp\/v2\/media?parent=123693"}],"wp:term":[{"taxonomy":"category","embeddable":true,"href":"https:\/\/cdnoticias.com\/index.php\/wp-json\/wp\/v2\/categories?post=123693"},{"taxonomy":"post_tag","embeddable":true,"href":"https:\/\/cdnoticias.com\/index.php\/wp-json\/wp\/v2\/tags?post=123693"}],"curies":[{"name":"wp","href":"https:\/\/api.w.org\/{rel}","templated":true}]}}