{"id":123690,"date":"2024-08-23T15:58:56","date_gmt":"2024-08-23T18:58:56","guid":{"rendered":"https:\/\/cdnoticias.com\/?p=123690"},"modified":"2024-08-23T18:00:43","modified_gmt":"2024-08-23T21:00:43","slug":"sigue-el-alerta-amarillo-por-frio-puede-nevar-en-olavarria","status":"publish","type":"post","link":"https:\/\/cdnoticias.com\/index.php\/2024\/08\/23\/sigue-el-alerta-amarillo-por-frio-puede-nevar-en-olavarria\/","title":{"rendered":"Sigue el alerta amarillo por fr\u00edo: \u00bfpuede nevar en Olavarr\u00eda?"},"content":{"rendered":"\n<p>El Servicio Meteorol\u00f3gico Nacional sostiene el alerta por fr\u00edo extremo: indic\u00f3 que el sistema serrano de Ventania podr\u00eda volver a recibir nieve\u2026incluida nuestra ciudad.<\/p>\n\n\n\n<hr class=\"wp-block-separator aligncenter has-alpha-channel-opacity\"\/>\n\n\n\n<p>En una semana muy fr\u00eda para la ciudad y todo el Partido, <strong>el Servicio Meteorol\u00f3gico Nacional sostiene el alerta amarillo por temperaturas extremas de fr\u00edo y podr\u00eda haber nevadas en dos distritos\u2026y uno es Olavarr\u00eda.<\/strong><\/p>\n\n\n\n<p>Las alertas por fr\u00edo rigen al norte provincial para los distritos de Baradero, Ramallo, San Pedro, San Nicol\u00e1s, Campana, Z\u00e1rate, Exaltaci\u00f3n de la Cruz, San Antonio de Areco, Arrecifes, Capit\u00e1n Sarmiento, Carmen de Areco, Chacabuco, Col\u00f3n y General Arenales. Asimismo, tambi\u00e9n abarcan en la zona a General Pinto, Jun\u00edn, Pergamino, Rojas, Salto, Leandro N. Alem, Lincoln, Alberti, Bragado, Chivilcoy, General Viamonte, 9 de Julio, 25 de Mayo.<\/p>\n\n\n\n<p>Hacia el este, el aviso incluye a la Ciudad Aut\u00f3noma de Buenos Aires y el conurbano, a La Plata y sus alrededores, y a Brandsen, Ca\u00f1uelas y Magdalena. <strong>En tanto, tambi\u00e9n abarca a los distritos de Azul, Rauch, Tapalqu\u00e9, Benito Ju\u00e1rez, Tandil, General La Madrid, Laprida y Olavarr\u00eda.<\/strong><\/p>\n\n\n\n<p>Un evento de temperaturas extremas se da cuando se registran<em><strong> \u201cvalores de temperatura m\u00e1xima y m\u00ednima que pueden poner en peligro la salud de las personas\u201d. <\/strong><\/em>En tanto, la alerta es \u201camarilla\u201d cuando puede ser peligrosa<em><strong> \u201csobre todo para los grupos de riesgo, como ni\u00f1os y ni\u00f1as, personas mayores de 65 a\u00f1os, con enfermedades cr\u00f3nicas\u201d.<\/strong><\/em><\/p>\n\n\n\n<p class=\"has-large-font-size\">\u00bfNevar\u00e1 en Olavarr\u00eda?<\/p>\n\n\n\n<p>Tras la fuerte nevada que se registr\u00f3 el pasado mi\u00e9rcoles en Sierra de la Ventana (Tornquist) y Bah\u00eda Blanca,<strong> el SMN anticipa que el fen\u00f3meno se podr\u00eda repetir este s\u00e1bado en territorio bonaerense.<\/strong><\/p>\n\n\n\n<p>El organismo del clima adelant\u00f3 que ma\u00f1ana<strong> en horas de la madrugada y la ma\u00f1ana nevar\u00eda nuevamente en sistema serrano de Ventania, mientras que por la tarde tambi\u00e9n podr\u00eda nevar en el distrito de Olavarr\u00eda<\/strong> (donde se encuentra parte del sistema serrano de Tandilia).<\/p>\n\n\n\n<p>Si bien la m\u00e1xima prevista para nuestra ciudad es de 11 grados,<strong> los vientos podr\u00edan cambiar la sensaci\u00f3n t\u00e9rmica\u2026y generar nevadas. La probabilidad es baja, pero no es nula.<\/strong><\/p>\n","protected":false},"excerpt":{"rendered":"<p>El Servicio Meteorol\u00f3gico Nacional sostiene el alerta por fr\u00edo extremo: indic\u00f3 que el sistema serrano de Ventania podr\u00eda volver a<\/p>\n","protected":false},"author":2,"featured_media":122509,"comment_status":"closed","ping_status":"closed","sticky":false,"template":"","format":"standard","meta":{"_jetpack_memberships_contains_paid_content":false,"footnotes":""},"categories":[5,1],"tags":[],"class_list":["post-123690","post","type-post","status-publish","format-standard","has-post-thumbnail","hentry","category-informacion-general","category-portada"],"jetpack_featured_media_url":"https:\/\/i0.wp.com\/cdnoticias.com\/wp-content\/uploads\/2024\/08\/nieve-en-sierra-de-la-venta.jpg?fit=1600%2C747&ssl=1","jetpack_sharing_enabled":true,"_links":{"self":[{"href":"https:\/\/cdnoticias.com\/index.php\/wp-json\/wp\/v2\/posts\/123690","targetHints":{"allow":["GET"]}}],"collection":[{"href":"https:\/\/cdnoticias.com\/index.php\/wp-json\/wp\/v2\/posts"}],"about":[{"href":"https:\/\/cdnoticias.com\/index.php\/wp-json\/wp\/v2\/types\/post"}],"author":[{"embeddable":true,"href":"https:\/\/cdnoticias.com\/index.php\/wp-json\/wp\/v2\/users\/2"}],"replies":[{"embeddable":true,"href":"https:\/\/cdnoticias.com\/index.php\/wp-json\/wp\/v2\/comments?post=123690"}],"version-history":[{"count":0,"href":"https:\/\/cdnoticias.com\/index.php\/wp-json\/wp\/v2\/posts\/123690\/revisions"}],"wp:featuredmedia":[{"embeddable":true,"href":"https:\/\/cdnoticias.com\/index.php\/wp-json\/wp\/v2\/media\/122509"}],"wp:attachment":[{"href":"https:\/\/cdnoticias.com\/index.php\/wp-json\/wp\/v2\/media?parent=123690"}],"wp:term":[{"taxonomy":"category","embeddable":true,"href":"https:\/\/cdnoticias.com\/index.php\/wp-json\/wp\/v2\/categories?post=123690"},{"taxonomy":"post_tag","embeddable":true,"href":"https:\/\/cdnoticias.com\/index.php\/wp-json\/wp\/v2\/tags?post=123690"}],"curies":[{"name":"wp","href":"https:\/\/api.w.org\/{rel}","templated":true}]}}