{"id":123641,"date":"2024-08-23T10:02:33","date_gmt":"2024-08-23T13:02:33","guid":{"rendered":"https:\/\/cdnoticias.com\/?p=123641"},"modified":"2024-08-23T11:18:13","modified_gmt":"2024-08-23T14:18:13","slug":"detenido-por-abuso-sexual-lo-ordeno-el-tribunal-oral-2-de-azul","status":"publish","type":"post","link":"https:\/\/cdnoticias.com\/index.php\/2024\/08\/23\/detenido-por-abuso-sexual-lo-ordeno-el-tribunal-oral-2-de-azul\/","title":{"rendered":"Detenido por abuso sexual: lo orden\u00f3 el Tribunal Oral 2 de Azul"},"content":{"rendered":"<p>La jueza In\u00e9s Olmedo dict\u00f3 la medida contra un olavarriense de 49 a\u00f1os. La detenci\u00f3n se hizo efectiva en Jos\u00e9 Luis Torres y Ayacucho.<!--more--><\/p>\n<hr \/>\n<p>Un olavarriense qued\u00f3 <strong>detenido por una causa de \u201cabuso sexual\u201d<\/strong>. La privaci\u00f3n de libertad fue ordenada desde el<strong> Tribunal en lo Criminal Oral N\u00ba 2<\/strong> de la ciudad de Azul.<\/p>\n<p>Desde la<strong> Comisar\u00eda Segunda de Olavarr\u00eda<\/strong> se inform\u00f3 que este jueves <strong>se hizo efectiva la orden de detenci\u00f3n<\/strong> contra un<strong> hombre de 49 a\u00f1os<\/strong>, imputado por<strong> \u201cabuso sexual simple agravado\u201d.<\/strong><\/p>\n<p>La media fue dictada por la<strong> jueza In\u00e9s Olmedo del Tribunal en lo Criminal 2 en un fallo.<\/strong><\/p>\n<p>Se indic\u00f3 que a fin de hacer efectiva la detenci\u00f3n se dispuso un <em>operativo de seguridad diagramado por el personal del Gabinete T\u00e9cnico Operativo<\/em> que hall\u00f3 al imputado <strong>en Jos\u00e9 Luis Torres y Ayacucho.<\/strong><\/p>\n<p>Fue <strong>trasladado a la seccional Segunda<\/strong> donde permanecer\u00e1 alojado preventivamente a disposici\u00f3n del magistrado hasta tanto se ordene su<strong> remisi\u00f3n a una Unidad Carcelaria<\/strong> donde deber\u00e1 cumplimentar la pena impuesta por el Tribunal.<\/p>\n","protected":false},"excerpt":{"rendered":"<p>La jueza In\u00e9s Olmedo dict\u00f3 la medida contra un olavarriense de 49 a\u00f1os. La detenci\u00f3n se hizo efectiva en Jos\u00e9<\/p>\n","protected":false},"author":4,"featured_media":123643,"comment_status":"closed","ping_status":"closed","sticky":false,"template":"","format":"standard","meta":{"_jetpack_memberships_contains_paid_content":false,"footnotes":""},"categories":[14,1],"tags":[],"class_list":["post-123641","post","type-post","status-publish","format-standard","has-post-thumbnail","hentry","category-policiales","category-portada"],"jetpack_featured_media_url":"https:\/\/i0.wp.com\/cdnoticias.com\/wp-content\/uploads\/2024\/08\/detenido-torres-y-ayacucho.jpeg?fit=1000%2C556&ssl=1","jetpack_sharing_enabled":true,"_links":{"self":[{"href":"https:\/\/cdnoticias.com\/index.php\/wp-json\/wp\/v2\/posts\/123641","targetHints":{"allow":["GET"]}}],"collection":[{"href":"https:\/\/cdnoticias.com\/index.php\/wp-json\/wp\/v2\/posts"}],"about":[{"href":"https:\/\/cdnoticias.com\/index.php\/wp-json\/wp\/v2\/types\/post"}],"author":[{"embeddable":true,"href":"https:\/\/cdnoticias.com\/index.php\/wp-json\/wp\/v2\/users\/4"}],"replies":[{"embeddable":true,"href":"https:\/\/cdnoticias.com\/index.php\/wp-json\/wp\/v2\/comments?post=123641"}],"version-history":[{"count":0,"href":"https:\/\/cdnoticias.com\/index.php\/wp-json\/wp\/v2\/posts\/123641\/revisions"}],"wp:featuredmedia":[{"embeddable":true,"href":"https:\/\/cdnoticias.com\/index.php\/wp-json\/wp\/v2\/media\/123643"}],"wp:attachment":[{"href":"https:\/\/cdnoticias.com\/index.php\/wp-json\/wp\/v2\/media?parent=123641"}],"wp:term":[{"taxonomy":"category","embeddable":true,"href":"https:\/\/cdnoticias.com\/index.php\/wp-json\/wp\/v2\/categories?post=123641"},{"taxonomy":"post_tag","embeddable":true,"href":"https:\/\/cdnoticias.com\/index.php\/wp-json\/wp\/v2\/tags?post=123641"}],"curies":[{"name":"wp","href":"https:\/\/api.w.org\/{rel}","templated":true}]}}