{"id":123624,"date":"2024-08-23T09:02:14","date_gmt":"2024-08-23T12:02:14","guid":{"rendered":"https:\/\/cdnoticias.com\/?p=123624"},"modified":"2024-08-23T09:02:16","modified_gmt":"2024-08-23T12:02:16","slug":"hicieron-efectiva-la-detencion-de-un-hombre-al-que-le-imputan-hechos-de-violencia-de-genero","status":"publish","type":"post","link":"https:\/\/cdnoticias.com\/index.php\/2024\/08\/23\/hicieron-efectiva-la-detencion-de-un-hombre-al-que-le-imputan-hechos-de-violencia-de-genero\/","title":{"rendered":"Hicieron efectiva la detenci\u00f3n de un hombre al que le imputan hechos de violencia de g\u00e9nero"},"content":{"rendered":"\n<p>Investigado por dos episodios de violencia machista, un azule\u00f1o que hab\u00eda sido aprehendido el pasado s\u00e1bado por la ma\u00f1ana y horas despu\u00e9s recuper\u00f3 la libertad est\u00e1 nuevamente detenido.<\/p>\n\n\n\n<hr class=\"wp-block-separator has-alpha-channel-opacity\"\/>\n\n\n\n<p>La medida cautelar se concret\u00f3 en el marco de un procedimiento llevado adelante por agentes del Gabinete Externo de la Seccional Primera y del Comando de Patrullas de Azul, el cual cont\u00f3 tambi\u00e9n con la intervenci\u00f3n de efectivos de la Polic\u00eda Cient\u00edfica de Azul.<\/p>\n\n\n\n<p><\/p>\n\n\n\n<p>El investigado <strong>qued\u00f3 transitoriamente privado de su libertad en la sede de la comisar\u00eda primera local<\/strong>, a la espera de que sea traslado al Palacio de Justicia para que ser indagado.<\/p>\n\n\n\n<p><\/p>\n\n\n\n<p>Se trata de un<strong> hombre de 48 a\u00f1os, propietario de una panader\u00eda y de una pizzer\u00eda.<\/strong><\/p>\n\n\n\n<p><\/p>\n\n\n\n<p>Tanto la detenci\u00f3n del acusado como la diligencia que tuvo como escenario el inmueble donde reside fueron medidas ordenadas por Federico Barberena, el magistrado a cargo del <strong>Juzgado de Garant\u00edas 2.<\/strong><\/p>\n\n\n\n<p><\/p>\n\n\n\n<p>La detenci\u00f3n del investigado hab\u00eda sido solicitada por <strong>Marcelo Fern\u00e1ndez, el titular de la Fiscal\u00eda especializada en Violencia Familiar y de G\u00e9nero <\/strong>con asiento en los tribunales de Azul.<\/p>\n\n\n\n<p><\/p>\n\n\n\n<p>A trav\u00e9s de lo informado a EL TIEMPO se mencion\u00f3 que<strong> son dos episodios de violencia de g\u00e9nero los que le imputan a ese hombre.<\/strong><\/p>\n\n\n\n<p><\/p>\n\n\n\n<p>Considerados como cometidos<strong> &#8220;en concurso real de acciones&#8221;<\/strong> en perjuicio de la misma v\u00edctima, esos hechos quedaron definidos por los delitos de<strong> &#8220;privaci\u00f3n ileg\u00edtima de la libertad agravada por su comisi\u00f3n mediante el uso de fuerza&#8221; y &#8220;privaci\u00f3n ileg\u00edtima de la libertad agravada por su comisi\u00f3n mediante el uso de violencia, amenazas y lesiones leves agravadas&#8221;.<\/strong><\/p>\n\n\n\n<p><\/p>\n\n\n\n<p>Uno de los episodios que, de acuerdo con lo investigado, protagoniz\u00f3 el hombre que ahora est\u00e1 detenido hab\u00eda ocurrido este s\u00e1bado que pas\u00f3 y deriv\u00f3 en su aprehensi\u00f3n; aunque en horas de la tarde de ese mismo d\u00eda recuper\u00f3 la libertad.<\/p>\n\n\n\n<p><\/p>\n\n\n\n<p>Pero el mi\u00e9rcoles por la tarde se hizo efectiva su detenci\u00f3n, al <strong>ampliarse la acusaci\u00f3n para \u00e9l por otro episodio m\u00e1s, vinculado tambi\u00e9n con violencia de g\u00e9nero.<\/strong><\/p>\n\n\n\n<p><\/p>\n\n\n\n<p>D\u00edas despu\u00e9s a que el investigado por estos hechos recuperara la libertad, en varios lugares de Azul se colocaron carteles donde se lo tildaba de &#8220;asesino&#8221; y de &#8220;golpeador de mujeres&#8221;.<\/p>\n\n\n\n<p><\/p>\n\n\n\n<p><em>Fuente: Diario El Tiempo. <\/em><\/p>\n","protected":false},"excerpt":{"rendered":"<p>Investigado por dos episodios de violencia machista, un azule\u00f1o que hab\u00eda sido aprehendido el pasado s\u00e1bado por la ma\u00f1ana y<\/p>\n","protected":false},"author":2,"featured_media":123625,"comment_status":"closed","ping_status":"closed","sticky":false,"template":"","format":"standard","meta":{"_jetpack_memberships_contains_paid_content":false,"footnotes":""},"categories":[14],"tags":[],"class_list":["post-123624","post","type-post","status-publish","format-standard","has-post-thumbnail","hentry","category-policiales"],"jetpack_featured_media_url":"https:\/\/i0.wp.com\/cdnoticias.com\/wp-content\/uploads\/2024\/08\/azul-detenido.jpeg?fit=800%2C445&ssl=1","jetpack_sharing_enabled":true,"_links":{"self":[{"href":"https:\/\/cdnoticias.com\/index.php\/wp-json\/wp\/v2\/posts\/123624","targetHints":{"allow":["GET"]}}],"collection":[{"href":"https:\/\/cdnoticias.com\/index.php\/wp-json\/wp\/v2\/posts"}],"about":[{"href":"https:\/\/cdnoticias.com\/index.php\/wp-json\/wp\/v2\/types\/post"}],"author":[{"embeddable":true,"href":"https:\/\/cdnoticias.com\/index.php\/wp-json\/wp\/v2\/users\/2"}],"replies":[{"embeddable":true,"href":"https:\/\/cdnoticias.com\/index.php\/wp-json\/wp\/v2\/comments?post=123624"}],"version-history":[{"count":0,"href":"https:\/\/cdnoticias.com\/index.php\/wp-json\/wp\/v2\/posts\/123624\/revisions"}],"wp:featuredmedia":[{"embeddable":true,"href":"https:\/\/cdnoticias.com\/index.php\/wp-json\/wp\/v2\/media\/123625"}],"wp:attachment":[{"href":"https:\/\/cdnoticias.com\/index.php\/wp-json\/wp\/v2\/media?parent=123624"}],"wp:term":[{"taxonomy":"category","embeddable":true,"href":"https:\/\/cdnoticias.com\/index.php\/wp-json\/wp\/v2\/categories?post=123624"},{"taxonomy":"post_tag","embeddable":true,"href":"https:\/\/cdnoticias.com\/index.php\/wp-json\/wp\/v2\/tags?post=123624"}],"curies":[{"name":"wp","href":"https:\/\/api.w.org\/{rel}","templated":true}]}}