{"id":123620,"date":"2024-08-23T08:49:34","date_gmt":"2024-08-23T11:49:34","guid":{"rendered":"https:\/\/cdnoticias.com\/?p=123620"},"modified":"2024-08-23T10:33:28","modified_gmt":"2024-08-23T13:33:28","slug":"olavarria-en-alerta-por-el-frio-otra-vez-encabeza-el-ranking-provincial","status":"publish","type":"post","link":"https:\/\/cdnoticias.com\/index.php\/2024\/08\/23\/olavarria-en-alerta-por-el-frio-otra-vez-encabeza-el-ranking-provincial\/","title":{"rendered":"Olavarr\u00eda en alerta por el fr\u00edo: otra vez, encabeza el ranking provincial"},"content":{"rendered":"<p>El centro bonaerense est\u00e1 en nivel amarillo por \u201ctemperaturas extremas\u201d. A las 8 de la ma\u00f1ana, Olavarr\u00eda es la ciudad m\u00e1s fr\u00eda de la provincia de Buenos Aires.<!--more--><\/p>\n<hr \/>\n<p><strong>Sigue la \u201cola polar\u201d<\/strong> que alcanza a la provincia de Buenos Aires y este viernes, las <strong>regiones centro y norte bonaerenses quedaron incluidas en el alerta amarillo<\/strong> por <strong>\u201ctemperaturas extremas\u201d<\/strong> emitido por el Servicio Meteorol\u00f3gico Nacional.<\/p>\n<p><strong>Olavarr\u00eda, junto con Laprida y La Madrid, est\u00e1 en ese alerta<\/strong> que implica <strong>efecto leve a moderado en la salud<\/strong>: el SMN inform\u00f3 que las marcas t\u00e9rmicas pueden ser peligrosas, sobre todo para los grupos de riesgo, como ni\u00f1os y ni\u00f1as, personas mayores de 65 a\u00f1os, con enfermedades cr\u00f3nicas.<em> El pron\u00f3stico para la jornada en nuestro distrito indica una temperatura m\u00ednima de -1\u00ba y m\u00e1xima de 12\u00ba.<\/em><\/p>\n<p>El cielo estar\u00e1 parcialmente nublado durante la ma\u00f1ana y <strong>se pronosticaron chaparrones para la tarde y noche<\/strong>. El viento soplar\u00e1 del sudoeste y virar\u00e1 al sudeste a la noche.<\/p>\n<blockquote><p>A las 8 de la ma\u00f1ana, Olavarr\u00eda es la ciudad m\u00e1s fr\u00eda de la provincia de Buenos Aires: la Unidad Meteorol\u00f3gica local inform\u00f3 que se registra -1,2\u00ba con lo que ya se super\u00f3 lo pronosticado. Es la 12\u00ba ciudad en el ranking nacional que encabeza Maquinchao (R\u00edo Negro) donde se registran -5,6\u00ba. Despu\u00e9s de Olavarr\u00eda, en la provincia de Buenos Aires se ubican Bol\u00edvar (-0,8\u00ba) y Bah\u00eda Blanca (-0,7\u00ba).<\/p><\/blockquote>\n<p><img data-recalc-dims=\"1\" loading=\"lazy\" decoding=\"async\" class=\"size-full wp-image-123621 aligncenter\" src=\"https:\/\/i0.wp.com\/cdnoticias.com\/wp-content\/uploads\/2024\/08\/alerta-frio-23-08-2024a.jpg?resize=800%2C445&#038;ssl=1\" alt=\"\" width=\"800\" height=\"445\" srcset=\"https:\/\/i0.wp.com\/cdnoticias.com\/wp-content\/uploads\/2024\/08\/alerta-frio-23-08-2024a.jpg?w=1000&amp;ssl=1 1000w, https:\/\/i0.wp.com\/cdnoticias.com\/wp-content\/uploads\/2024\/08\/alerta-frio-23-08-2024a.jpg?resize=300%2C167&amp;ssl=1 300w, https:\/\/i0.wp.com\/cdnoticias.com\/wp-content\/uploads\/2024\/08\/alerta-frio-23-08-2024a.jpg?resize=768%2C427&amp;ssl=1 768w, https:\/\/i0.wp.com\/cdnoticias.com\/wp-content\/uploads\/2024\/08\/alerta-frio-23-08-2024a.jpg?resize=800%2C445&amp;ssl=1 800w\" sizes=\"auto, (max-width: 800px) 100vw, 800px\" \/><\/p>\n","protected":false},"excerpt":{"rendered":"<p>El centro bonaerense est\u00e1 en nivel amarillo por \u201ctemperaturas extremas\u201d. A las 8 de la ma\u00f1ana, Olavarr\u00eda es la ciudad<\/p>\n","protected":false},"author":4,"featured_media":123622,"comment_status":"closed","ping_status":"closed","sticky":false,"template":"","format":"standard","meta":{"_jetpack_memberships_contains_paid_content":false,"footnotes":""},"categories":[5,1],"tags":[],"class_list":["post-123620","post","type-post","status-publish","format-standard","has-post-thumbnail","hentry","category-informacion-general","category-portada"],"jetpack_featured_media_url":"https:\/\/i0.wp.com\/cdnoticias.com\/wp-content\/uploads\/2024\/08\/alerta-frio-23-08-2024.jpg?fit=1000%2C556&ssl=1","jetpack_sharing_enabled":true,"_links":{"self":[{"href":"https:\/\/cdnoticias.com\/index.php\/wp-json\/wp\/v2\/posts\/123620","targetHints":{"allow":["GET"]}}],"collection":[{"href":"https:\/\/cdnoticias.com\/index.php\/wp-json\/wp\/v2\/posts"}],"about":[{"href":"https:\/\/cdnoticias.com\/index.php\/wp-json\/wp\/v2\/types\/post"}],"author":[{"embeddable":true,"href":"https:\/\/cdnoticias.com\/index.php\/wp-json\/wp\/v2\/users\/4"}],"replies":[{"embeddable":true,"href":"https:\/\/cdnoticias.com\/index.php\/wp-json\/wp\/v2\/comments?post=123620"}],"version-history":[{"count":0,"href":"https:\/\/cdnoticias.com\/index.php\/wp-json\/wp\/v2\/posts\/123620\/revisions"}],"wp:featuredmedia":[{"embeddable":true,"href":"https:\/\/cdnoticias.com\/index.php\/wp-json\/wp\/v2\/media\/123622"}],"wp:attachment":[{"href":"https:\/\/cdnoticias.com\/index.php\/wp-json\/wp\/v2\/media?parent=123620"}],"wp:term":[{"taxonomy":"category","embeddable":true,"href":"https:\/\/cdnoticias.com\/index.php\/wp-json\/wp\/v2\/categories?post=123620"},{"taxonomy":"post_tag","embeddable":true,"href":"https:\/\/cdnoticias.com\/index.php\/wp-json\/wp\/v2\/tags?post=123620"}],"curies":[{"name":"wp","href":"https:\/\/api.w.org\/{rel}","templated":true}]}}